{"id":111284,"date":"2026-09-03T14:47:58","date_gmt":"2026-09-03T12:47:58","guid":{"rendered":"https:\/\/canfali.com\/denia-fm-92-5-estrena-nova-programacio-per-a-la-temporada-2026-2027-2\/"},"modified":"2026-09-03T14:52:33","modified_gmt":"2026-09-03T12:52:33","slug":"denia-fm-92-5-estrena-nova-programacio-per-a-la-temporada-2026-2027-2","status":"publish","type":"post","link":"https:\/\/canfali.com\/ca-es\/denia-fm-92-5-estrena-nova-programacio-per-a-la-temporada-2026-2027-2\/","title":{"rendered":"D\u00e9nia FM 92.5 estrena nova programaci\u00f3 per a la temporada 2026\/2027"},"content":{"rendered":"\n<h3 id=\"h-la-nueva-parrilla-incorpora-las-mananas-de-denia-fm-vintage-motel-y-el-tardeo-de-denia-fm\" class=\"wp-block-heading\"><p class=\"p1\"><b>La nova graella incorpora \u2018Las Ma\u00f1anas de D\u00e9nia FM\u2019, \u2018Vintage Motel\u2019 i \u2018El Tardeo de D\u00e9nia FM\u2019<\/b><b><\/b><\/p><\/h3>\n\n<p class=\"wp-block-paragraph\">D\u00e9nia FM 92.5 estrenar\u00e0 el pr\u00f2xim dilluns 7 de setembre la seua nova programaci\u00f3 per a la temporada 2026\/2027, amb noves incorporacions i espais renovats, per\u00f2 mantenint l\u2019aposta per la informaci\u00f3, l\u2019actualitat i els continguts de proximitat.&#13;\n<\/p>\n\n<p class=\"wp-block-paragraph\"><p class=\"p1\">La jornada comen\u00e7ar\u00e0 a les 7.00 hores amb <b>\u2018Las Ma\u00f1anas de D\u00e9nia FM\u2019<\/b>, condu\u00eft per Kevin Carri\u00f3 i amb la incorporaci\u00f3 de Xavi Pons. El programa oferir\u00e0 informaci\u00f3, entrevistes i actualitat de D\u00e9nia i la Marina Alta, amb la participaci\u00f3 en directe de Patricia Bl\u00e1zquez des del carrer.<\/p><\/p>\n\n<p class=\"wp-block-paragraph\"><p class=\"p1\">A les 11.00 hores prendr\u00e0 el relleu <b>\u2018Vintage Motel\u2019<\/b>, amb Sergio D\u00e9nia, un nou espai que combinar\u00e0 m\u00fasica, records, humor, entrevistes i participaci\u00f3 dels oients fins a les 13.30 hores.<\/p><\/p>\n\n<p class=\"wp-block-paragraph\">La informaci\u00f3 continuar\u00e0 tenint un paper destacat amb l\u2019Avan\u00e7 Informatiu de les 7.45 hores, l\u2019Informatiu Comarcal de les 13.30 hores i butlletins horaris. L\u2019equip estar\u00e0 encap\u00e7alat per M\u00edriam Pag\u00e1n, amb Kevin Carri\u00f3 en redacci\u00f3 i Javier Zamora en la informaci\u00f3 esportiva.&#13;\n<\/p>\n\n<p class=\"wp-block-paragraph\"><p class=\"p1\">Les vesprades incorporaran <b>\u2018El Tardeo de D\u00e9nia FM\u2019<\/b>, amb Patricia Bl\u00e1zquez, de 16.00 a 19.00 hores. L\u2019estrena d\u2019aquest espai, per\u00f2, es produir\u00e0 el dilluns 14 de setembre.<\/p><\/p>\n\n<p class=\"wp-block-paragraph\"><p class=\"p1\">La programaci\u00f3 es completar\u00e0 a partir d\u2019octubre amb el retorn dels espais de debat i formats com <b>\u2018Quatre Cantons\u2019, \u2018Hay Debate\u2019 i \u2018Desde la Grada\u2019<\/b>.<\/p><\/p>\n\n<p class=\"wp-block-paragraph\"><\/p>\n","protected":false},"excerpt":{"rendered":"La nova graella incorpora \u2018Las Ma\u00f1anas de D\u00e9nia FM\u2019, \u2018Vintage Motel\u2019 i \u2018El Tardeo de D\u00e9nia FM\u2019 D\u00e9nia&hellip;","protected":false},"author":8,"featured_media":111282,"comment_status":"closed","ping_status":"open","sticky":false,"template":"","format":"standard","meta":{"csco_display_header_overlay":false,"csco_singular_sidebar":"","csco_page_header_type":"","csco_page_load_nextpost":"","csco_post_video_location":[],"csco_post_video_location_hash":"","csco_post_video_url":"","csco_post_video_bg_start_time":0,"csco_post_video_bg_end_time":0,"footnotes":""},"categories":[597,577],"tags":[],"poblacion":[],"class_list":["post-111284","post","type-post","status-publish","format-standard","has-post-thumbnail","category-cultura-ca-es","category-economia-y-empresas-2","cs-entry","cs-video-wrap"],"yoast_head":"<!-- This site is optimized with the Yoast SEO Premium plugin v26.6 (Yoast SEO v27.3) - https:\/\/yoast.com\/product\/yoast-seo-premium-wordpress\/ -->\n<title>D\u00e9nia FM 92.5 estrena nova programaci\u00f3 per a la temporada 2026\/2027 - Canfali<\/title>\n<meta name=\"description\" content=\"D\u00e9nia FM 92.5 estrenar\u00e0 el pr\u00f2xim dilluns 7 de setembre la seua nova programaci\u00f3 per a la temporada 2026\/2027\" \/>\n<meta name=\"robots\" content=\"index, follow, max-snippet:-1, max-image-preview:large, max-video-preview:-1\" \/>\n<link rel=\"canonical\" href=\"https:\/\/canfali.com\/ca-es\/denia-fm-92-5-estrena-nova-programacio-per-a-la-temporada-2026-2027-2\/\" \/>\n<meta property=\"og:locale\" content=\"en_US\" \/>\n<meta property=\"og:type\" content=\"article\" \/>\n<meta property=\"og:title\" content=\"D\u00e9nia FM 92.5 estrena nova programaci\u00f3 per a la temporada 2026\/2027\" \/>\n<meta property=\"og:description\" content=\"D\u00e9nia FM 92.5 estrenar\u00e0 el pr\u00f2xim dilluns 7 de setembre la seua nova programaci\u00f3 per a la temporada 2026\/2027\" \/>\n<meta property=\"og:url\" content=\"https:\/\/canfali.com\/ca-es\/denia-fm-92-5-estrena-nova-programacio-per-a-la-temporada-2026-2027-2\/\" \/>\n<meta property=\"og:site_name\" content=\"Canfali\" \/>\n<meta property=\"article:publisher\" content=\"https:\/\/es-es.facebook.com\/CANFALIMarinaAlta\" \/>\n<meta property=\"article:published_time\" content=\"2026-09-03T12:47:58+00:00\" \/>\n<meta property=\"article:modified_time\" content=\"2026-09-03T12:52:33+00:00\" \/>\n<meta property=\"og:image\" content=\"https:\/\/canfali.com\/app\/uploads\/2026\/09\/WhatsApp-Image-2026-09-03-at-14.16.27.jpeg\" \/>\n\t<meta property=\"og:image:width\" content=\"1600\" \/>\n\t<meta property=\"og:image:height\" content=\"1200\" \/>\n\t<meta property=\"og:image:type\" content=\"image\/jpeg\" \/>\n<meta name=\"author\" content=\"Lluis\" \/>\n<meta name=\"twitter:card\" content=\"summary_large_image\" \/>\n<meta name=\"twitter:creator\" content=\"@canfalima\" \/>\n<meta name=\"twitter:site\" content=\"@canfalima\" \/>\n<meta name=\"twitter:label1\" content=\"Written by\" \/>\n\t<meta name=\"twitter:data1\" content=\"Lluis\" \/>\n\t<meta name=\"twitter:label2\" content=\"Est. reading time\" \/>\n\t<meta name=\"twitter:data2\" content=\"1 minute\" \/>\n<script type=\"application\/ld+json\" class=\"yoast-schema-graph\">{\"@context\":\"https:\\\/\\\/schema.org\",\"@graph\":[{\"@type\":\"NewsArticle\",\"@id\":\"https:\\\/\\\/canfali.com\\\/ca-es\\\/denia-fm-92-5-estrena-nova-programacio-per-a-la-temporada-2026-2027-2\\\/#article\",\"isPartOf\":{\"@id\":\"https:\\\/\\\/canfali.com\\\/ca-es\\\/denia-fm-92-5-estrena-nova-programacio-per-a-la-temporada-2026-2027-2\\\/\"},\"author\":{\"name\":\"Lluis\",\"@id\":\"https:\\\/\\\/canfali.com\\\/ca-es\\\/#\\\/schema\\\/person\\\/f540a86fb33e10daaae53c59ceaa1194\"},\"headline\":\"D\u00e9nia FM 92.5 estrena nova programaci\u00f3 per a la temporada 2026\\\/2027\",\"datePublished\":\"2026-09-03T12:47:58+00:00\",\"dateModified\":\"2026-09-03T12:52:33+00:00\",\"mainEntityOfPage\":{\"@id\":\"https:\\\/\\\/canfali.com\\\/ca-es\\\/denia-fm-92-5-estrena-nova-programacio-per-a-la-temporada-2026-2027-2\\\/\"},\"wordCount\":250,\"publisher\":{\"@id\":\"https:\\\/\\\/canfali.com\\\/ca-es\\\/#organization\"},\"image\":{\"@id\":\"https:\\\/\\\/canfali.com\\\/ca-es\\\/denia-fm-92-5-estrena-nova-programacio-per-a-la-temporada-2026-2027-2\\\/#primaryimage\"},\"thumbnailUrl\":\"https:\\\/\\\/canfali.com\\\/app\\\/uploads\\\/2026\\\/09\\\/WhatsApp-Image-2026-09-03-at-14.16.27.jpeg\",\"articleSection\":[\"Cultura\",\"Econom\u00eda y Empresas\"],\"inLanguage\":\"va-ES\",\"copyrightYear\":\"2026\",\"copyrightHolder\":{\"@id\":\"https:\\\/\\\/canfali.com\\\/#organization\"}},{\"@type\":\"WebPage\",\"@id\":\"https:\\\/\\\/canfali.com\\\/ca-es\\\/denia-fm-92-5-estrena-nova-programacio-per-a-la-temporada-2026-2027-2\\\/\",\"url\":\"https:\\\/\\\/canfali.com\\\/ca-es\\\/denia-fm-92-5-estrena-nova-programacio-per-a-la-temporada-2026-2027-2\\\/\",\"name\":\"D\u00e9nia FM 92.5 estrena nova programaci\u00f3 per a la temporada 2026\\\/2027 - Canfali\",\"isPartOf\":{\"@id\":\"https:\\\/\\\/canfali.com\\\/ca-es\\\/#website\"},\"primaryImageOfPage\":{\"@id\":\"https:\\\/\\\/canfali.com\\\/ca-es\\\/denia-fm-92-5-estrena-nova-programacio-per-a-la-temporada-2026-2027-2\\\/#primaryimage\"},\"image\":{\"@id\":\"https:\\\/\\\/canfali.com\\\/ca-es\\\/denia-fm-92-5-estrena-nova-programacio-per-a-la-temporada-2026-2027-2\\\/#primaryimage\"},\"thumbnailUrl\":\"https:\\\/\\\/canfali.com\\\/app\\\/uploads\\\/2026\\\/09\\\/WhatsApp-Image-2026-09-03-at-14.16.27.jpeg\",\"datePublished\":\"2026-09-03T12:47:58+00:00\",\"dateModified\":\"2026-09-03T12:52:33+00:00\",\"description\":\"D\u00e9nia FM 92.5 estrenar\u00e0 el pr\u00f2xim dilluns 7 de setembre la seua nova programaci\u00f3 per a la temporada 2026\\\/2027\",\"breadcrumb\":{\"@id\":\"https:\\\/\\\/canfali.com\\\/ca-es\\\/denia-fm-92-5-estrena-nova-programacio-per-a-la-temporada-2026-2027-2\\\/#breadcrumb\"},\"inLanguage\":\"va-ES\",\"potentialAction\":[{\"@type\":\"ReadAction\",\"target\":[\"https:\\\/\\\/canfali.com\\\/ca-es\\\/denia-fm-92-5-estrena-nova-programacio-per-a-la-temporada-2026-2027-2\\\/\"]}]},{\"@type\":\"ImageObject\",\"inLanguage\":\"va-ES\",\"@id\":\"https:\\\/\\\/canfali.com\\\/ca-es\\\/denia-fm-92-5-estrena-nova-programacio-per-a-la-temporada-2026-2027-2\\\/#primaryimage\",\"url\":\"https:\\\/\\\/canfali.com\\\/app\\\/uploads\\\/2026\\\/09\\\/WhatsApp-Image-2026-09-03-at-14.16.27.jpeg\",\"contentUrl\":\"https:\\\/\\\/canfali.com\\\/app\\\/uploads\\\/2026\\\/09\\\/WhatsApp-Image-2026-09-03-at-14.16.27.jpeg\",\"width\":1600,\"height\":1200},{\"@type\":\"BreadcrumbList\",\"@id\":\"https:\\\/\\\/canfali.com\\\/ca-es\\\/denia-fm-92-5-estrena-nova-programacio-per-a-la-temporada-2026-2027-2\\\/#breadcrumb\",\"itemListElement\":[{\"@type\":\"ListItem\",\"position\":1,\"name\":\"Portada\",\"item\":\"https:\\\/\\\/canfali.com\\\/ca-es\\\/\"},{\"@type\":\"ListItem\",\"position\":2,\"name\":\"D\u00e9nia FM 92.5 estrena nova programaci\u00f3 per a la temporada 2026\\\/2027\"}]},{\"@type\":\"WebSite\",\"@id\":\"https:\\\/\\\/canfali.com\\\/ca-es\\\/#website\",\"url\":\"https:\\\/\\\/canfali.com\\\/ca-es\\\/\",\"name\":\"Canfali\",\"description\":\"\",\"publisher\":{\"@id\":\"https:\\\/\\\/canfali.com\\\/ca-es\\\/#organization\"},\"potentialAction\":[{\"@type\":\"SearchAction\",\"target\":{\"@type\":\"EntryPoint\",\"urlTemplate\":\"https:\\\/\\\/canfali.com\\\/ca-es\\\/?s={search_term_string}\"},\"query-input\":{\"@type\":\"PropertyValueSpecification\",\"valueRequired\":true,\"valueName\":\"search_term_string\"}}],\"inLanguage\":\"va-ES\"},{\"@type\":\"Organization\",\"@id\":\"https:\\\/\\\/canfali.com\\\/ca-es\\\/#organization\",\"name\":\"Canfali\",\"url\":\"https:\\\/\\\/canfali.com\\\/ca-es\\\/\",\"logo\":{\"@type\":\"ImageObject\",\"inLanguage\":\"va-ES\",\"@id\":\"https:\\\/\\\/canfali.com\\\/ca-es\\\/#\\\/schema\\\/logo\\\/image\\\/\",\"url\":\"https:\\\/\\\/canfali.com\\\/app\\\/uploads\\\/2025\\\/12\\\/canfali_marina_alta_logo.png\",\"contentUrl\":\"https:\\\/\\\/canfali.com\\\/app\\\/uploads\\\/2025\\\/12\\\/canfali_marina_alta_logo.png\",\"width\":225,\"height\":225,\"caption\":\"Canfali\"},\"image\":{\"@id\":\"https:\\\/\\\/canfali.com\\\/ca-es\\\/#\\\/schema\\\/logo\\\/image\\\/\"},\"sameAs\":[\"https:\\\/\\\/es-es.facebook.com\\\/CANFALIMarinaAlta\",\"https:\\\/\\\/x.com\\\/canfalima\",\"https:\\\/\\\/www.instagram.com\\\/canfalimarinaalta\\\/\"]},{\"@type\":\"Person\",\"@id\":\"https:\\\/\\\/canfali.com\\\/ca-es\\\/#\\\/schema\\\/person\\\/f540a86fb33e10daaae53c59ceaa1194\",\"name\":\"Lluis\",\"image\":{\"@type\":\"ImageObject\",\"inLanguage\":\"va-ES\",\"@id\":\"https:\\\/\\\/secure.gravatar.com\\\/avatar\\\/a21ec8835290e4e02ed0886b8cb327d807d0eb6ec8ccf25d4c2a0a415f506c0d?s=96&d=mm&r=g\",\"url\":\"https:\\\/\\\/secure.gravatar.com\\\/avatar\\\/a21ec8835290e4e02ed0886b8cb327d807d0eb6ec8ccf25d4c2a0a415f506c0d?s=96&d=mm&r=g\",\"contentUrl\":\"https:\\\/\\\/secure.gravatar.com\\\/avatar\\\/a21ec8835290e4e02ed0886b8cb327d807d0eb6ec8ccf25d4c2a0a415f506c0d?s=96&d=mm&r=g\",\"caption\":\"Lluis\"},\"url\":\"https:\\\/\\\/canfali.com\\\/ca-es\\\/author\\\/lluis\\\/\"}]}<\/script>\n<!-- \/ Yoast SEO Premium plugin. -->","yoast_head_json":{"title":"D\u00e9nia FM 92.5 estrena nova programaci\u00f3 per a la temporada 2026\/2027 - Canfali","description":"D\u00e9nia FM 92.5 estrenar\u00e0 el pr\u00f2xim dilluns 7 de setembre la seua nova programaci\u00f3 per a la temporada 2026\/2027","robots":{"index":"index","follow":"follow","max-snippet":"max-snippet:-1","max-image-preview":"max-image-preview:large","max-video-preview":"max-video-preview:-1"},"canonical":"https:\/\/canfali.com\/ca-es\/denia-fm-92-5-estrena-nova-programacio-per-a-la-temporada-2026-2027-2\/","og_locale":"en_US","og_type":"article","og_title":"D\u00e9nia FM 92.5 estrena nova programaci\u00f3 per a la temporada 2026\/2027","og_description":"D\u00e9nia FM 92.5 estrenar\u00e0 el pr\u00f2xim dilluns 7 de setembre la seua nova programaci\u00f3 per a la temporada 2026\/2027","og_url":"https:\/\/canfali.com\/ca-es\/denia-fm-92-5-estrena-nova-programacio-per-a-la-temporada-2026-2027-2\/","og_site_name":"Canfali","article_publisher":"https:\/\/es-es.facebook.com\/CANFALIMarinaAlta","article_published_time":"2026-09-03T12:47:58+00:00","article_modified_time":"2026-09-03T12:52:33+00:00","og_image":[{"width":1600,"height":1200,"url":"https:\/\/canfali.com\/app\/uploads\/2026\/09\/WhatsApp-Image-2026-09-03-at-14.16.27.jpeg","type":"image\/jpeg"}],"author":"Lluis","twitter_card":"summary_large_image","twitter_creator":"@canfalima","twitter_site":"@canfalima","twitter_misc":{"Written by":"Lluis","Est. reading time":"1 minute"},"schema":{"@context":"https:\/\/schema.org","@graph":[{"@type":"NewsArticle","@id":"https:\/\/canfali.com\/ca-es\/denia-fm-92-5-estrena-nova-programacio-per-a-la-temporada-2026-2027-2\/#article","isPartOf":{"@id":"https:\/\/canfali.com\/ca-es\/denia-fm-92-5-estrena-nova-programacio-per-a-la-temporada-2026-2027-2\/"},"author":{"name":"Lluis","@id":"https:\/\/canfali.com\/ca-es\/#\/schema\/person\/f540a86fb33e10daaae53c59ceaa1194"},"headline":"D\u00e9nia FM 92.5 estrena nova programaci\u00f3 per a la temporada 2026\/2027","datePublished":"2026-09-03T12:47:58+00:00","dateModified":"2026-09-03T12:52:33+00:00","mainEntityOfPage":{"@id":"https:\/\/canfali.com\/ca-es\/denia-fm-92-5-estrena-nova-programacio-per-a-la-temporada-2026-2027-2\/"},"wordCount":250,"publisher":{"@id":"https:\/\/canfali.com\/ca-es\/#organization"},"image":{"@id":"https:\/\/canfali.com\/ca-es\/denia-fm-92-5-estrena-nova-programacio-per-a-la-temporada-2026-2027-2\/#primaryimage"},"thumbnailUrl":"https:\/\/canfali.com\/app\/uploads\/2026\/09\/WhatsApp-Image-2026-09-03-at-14.16.27.jpeg","articleSection":["Cultura","Econom\u00eda y Empresas"],"inLanguage":"va-ES","copyrightYear":"2026","copyrightHolder":{"@id":"https:\/\/canfali.com\/#organization"}},{"@type":"WebPage","@id":"https:\/\/canfali.com\/ca-es\/denia-fm-92-5-estrena-nova-programacio-per-a-la-temporada-2026-2027-2\/","url":"https:\/\/canfali.com\/ca-es\/denia-fm-92-5-estrena-nova-programacio-per-a-la-temporada-2026-2027-2\/","name":"D\u00e9nia FM 92.5 estrena nova programaci\u00f3 per a la temporada 2026\/2027 - Canfali","isPartOf":{"@id":"https:\/\/canfali.com\/ca-es\/#website"},"primaryImageOfPage":{"@id":"https:\/\/canfali.com\/ca-es\/denia-fm-92-5-estrena-nova-programacio-per-a-la-temporada-2026-2027-2\/#primaryimage"},"image":{"@id":"https:\/\/canfali.com\/ca-es\/denia-fm-92-5-estrena-nova-programacio-per-a-la-temporada-2026-2027-2\/#primaryimage"},"thumbnailUrl":"https:\/\/canfali.com\/app\/uploads\/2026\/09\/WhatsApp-Image-2026-09-03-at-14.16.27.jpeg","datePublished":"2026-09-03T12:47:58+00:00","dateModified":"2026-09-03T12:52:33+00:00","description":"D\u00e9nia FM 92.5 estrenar\u00e0 el pr\u00f2xim dilluns 7 de setembre la seua nova programaci\u00f3 per a la temporada 2026\/2027","breadcrumb":{"@id":"https:\/\/canfali.com\/ca-es\/denia-fm-92-5-estrena-nova-programacio-per-a-la-temporada-2026-2027-2\/#breadcrumb"},"inLanguage":"va-ES","potentialAction":[{"@type":"ReadAction","target":["https:\/\/canfali.com\/ca-es\/denia-fm-92-5-estrena-nova-programacio-per-a-la-temporada-2026-2027-2\/"]}]},{"@type":"ImageObject","inLanguage":"va-ES","@id":"https:\/\/canfali.com\/ca-es\/denia-fm-92-5-estrena-nova-programacio-per-a-la-temporada-2026-2027-2\/#primaryimage","url":"https:\/\/canfali.com\/app\/uploads\/2026\/09\/WhatsApp-Image-2026-09-03-at-14.16.27.jpeg","contentUrl":"https:\/\/canfali.com\/app\/uploads\/2026\/09\/WhatsApp-Image-2026-09-03-at-14.16.27.jpeg","width":1600,"height":1200},{"@type":"BreadcrumbList","@id":"https:\/\/canfali.com\/ca-es\/denia-fm-92-5-estrena-nova-programacio-per-a-la-temporada-2026-2027-2\/#breadcrumb","itemListElement":[{"@type":"ListItem","position":1,"name":"Portada","item":"https:\/\/canfali.com\/ca-es\/"},{"@type":"ListItem","position":2,"name":"D\u00e9nia FM 92.5 estrena nova programaci\u00f3 per a la temporada 2026\/2027"}]},{"@type":"WebSite","@id":"https:\/\/canfali.com\/ca-es\/#website","url":"https:\/\/canfali.com\/ca-es\/","name":"Canfali","description":"","publisher":{"@id":"https:\/\/canfali.com\/ca-es\/#organization"},"potentialAction":[{"@type":"SearchAction","target":{"@type":"EntryPoint","urlTemplate":"https:\/\/canfali.com\/ca-es\/?s={search_term_string}"},"query-input":{"@type":"PropertyValueSpecification","valueRequired":true,"valueName":"search_term_string"}}],"inLanguage":"va-ES"},{"@type":"Organization","@id":"https:\/\/canfali.com\/ca-es\/#organization","name":"Canfali","url":"https:\/\/canfali.com\/ca-es\/","logo":{"@type":"ImageObject","inLanguage":"va-ES","@id":"https:\/\/canfali.com\/ca-es\/#\/schema\/logo\/image\/","url":"https:\/\/canfali.com\/app\/uploads\/2025\/12\/canfali_marina_alta_logo.png","contentUrl":"https:\/\/canfali.com\/app\/uploads\/2025\/12\/canfali_marina_alta_logo.png","width":225,"height":225,"caption":"Canfali"},"image":{"@id":"https:\/\/canfali.com\/ca-es\/#\/schema\/logo\/image\/"},"sameAs":["https:\/\/es-es.facebook.com\/CANFALIMarinaAlta","https:\/\/x.com\/canfalima","https:\/\/www.instagram.com\/canfalimarinaalta\/"]},{"@type":"Person","@id":"https:\/\/canfali.com\/ca-es\/#\/schema\/person\/f540a86fb33e10daaae53c59ceaa1194","name":"Lluis","image":{"@type":"ImageObject","inLanguage":"va-ES","@id":"https:\/\/secure.gravatar.com\/avatar\/a21ec8835290e4e02ed0886b8cb327d807d0eb6ec8ccf25d4c2a0a415f506c0d?s=96&d=mm&r=g","url":"https:\/\/secure.gravatar.com\/avatar\/a21ec8835290e4e02ed0886b8cb327d807d0eb6ec8ccf25d4c2a0a415f506c0d?s=96&d=mm&r=g","contentUrl":"https:\/\/secure.gravatar.com\/avatar\/a21ec8835290e4e02ed0886b8cb327d807d0eb6ec8ccf25d4c2a0a415f506c0d?s=96&d=mm&r=g","caption":"Lluis"},"url":"https:\/\/canfali.com\/ca-es\/author\/lluis\/"}]}},"_links":{"self":[{"href":"https:\/\/canfali.com\/ca-es\/wp-json\/wp\/v2\/posts\/111284","targetHints":{"allow":["GET"]}}],"collection":[{"href":"https:\/\/canfali.com\/ca-es\/wp-json\/wp\/v2\/posts"}],"about":[{"href":"https:\/\/canfali.com\/ca-es\/wp-json\/wp\/v2\/types\/post"}],"author":[{"embeddable":true,"href":"https:\/\/canfali.com\/ca-es\/wp-json\/wp\/v2\/users\/8"}],"replies":[{"embeddable":true,"href":"https:\/\/canfali.com\/ca-es\/wp-json\/wp\/v2\/comments?post=111284"}],"version-history":[{"count":3,"href":"https:\/\/canfali.com\/ca-es\/wp-json\/wp\/v2\/posts\/111284\/revisions"}],"predecessor-version":[{"id":111287,"href":"https:\/\/canfali.com\/ca-es\/wp-json\/wp\/v2\/posts\/111284\/revisions\/111287"}],"wp:featuredmedia":[{"embeddable":true,"href":"https:\/\/canfali.com\/ca-es\/wp-json\/wp\/v2\/media\/111282"}],"wp:attachment":[{"href":"https:\/\/canfali.com\/ca-es\/wp-json\/wp\/v2\/media?parent=111284"}],"wp:term":[{"taxonomy":"category","embeddable":true,"href":"https:\/\/canfali.com\/ca-es\/wp-json\/wp\/v2\/categories?post=111284"},{"taxonomy":"post_tag","embeddable":true,"href":"https:\/\/canfali.com\/ca-es\/wp-json\/wp\/v2\/tags?post=111284"},{"taxonomy":"poblacion","embeddable":true,"href":"https:\/\/canfali.com\/ca-es\/wp-json\/wp\/v2\/poblacion?post=111284"}],"curies":[{"name":"wp","href":"https:\/\/api.w.org\/{rel}","templated":true}]}}