{"id":111278,"date":"2026-09-03T14:35:48","date_gmt":"2026-09-03T12:35:48","guid":{"rendered":"https:\/\/canfali.com\/denia-fm-92-5-estrena-nova-programacio-per-a-la-temporada-2026-2027\/"},"modified":"2026-09-03T14:40:19","modified_gmt":"2026-09-03T12:40:19","slug":"denia-fm-92-5-estrena-nova-programacio-per-a-la-temporada-2026-2027","status":"publish","type":"post","link":"https:\/\/canfali.com\/ca-es\/denia-fm-92-5-estrena-nova-programacio-per-a-la-temporada-2026-2027\/","title":{"rendered":"D\u00e9nia FM 92.5 estrena nova programaci\u00f3 per a la temporada 2026-2027"},"content":{"rendered":"\n<blockquote class=\"wp-block-quote is-layout-flow wp-block-quote-is-layout-flow\">\n<p class=\"wp-block-paragraph\"><\/p>\n<\/blockquote>\n\n<h2 id=\"h-\" class=\"wp-block-heading\"><\/h2>\n\n<p class=\"wp-block-paragraph\"><\/p>\n\n<h2 id=\"h-el-proximo-lunes-7-arranca-la-nueva-parrilla-con-las-mananas-de-denia-fm-vintage-hotel-y-el-tardeo-de-denia-fm\" class=\"wp-block-heading is-style-default\">Dilluns que ve 7 arranca la nova graella amb \u2018Els Matins de D\u00e9nia FM\u2019, \u2018Vintage Hotel\u2019 i \u2018El Tardeo de D\u00e9nia FM\u2019&#13;\nNova temporada, noves propostes i la mateixa proximitat de sempre. D\u00e9nia FM 92.5 presenta la seua programaci\u00f3 renovada per a la temporada 2026\/2027, amb noves incorporacions, espais renovats i l&#8217;ess\u00e8ncia que ha convertit a l&#8217;emissora en una refer\u00e8ncia informativa i d&#8217;entreteniment a la Marina Alta.&#13;\n&#13;\n Des de primera hora del mat\u00ed, la r\u00e0dio l\u00edder en audi\u00e8ncia de la comarca torna a apostar per una \u00e0mplia programaci\u00f3 local, amb informaci\u00f3, actualitat, esport, cultura i continguts de proximitat per a continuar acompanyant als seus oients cada dia.&#13;\n&#13;\n\u201cLas ma\u00f1anas de D\u00e9nia FM\u201d, la veu de l&#8217;actualitat local&#13;\n&#13;\nDe 7.00 a 11.00 hores, \u201cLas ma\u00f1anas de D\u00e9nia FM\u201d posa el despertador amb not\u00edcies, entrevistes i tota l&#8217;actualitat de D\u00e9nia i la Marina Alta. Un espai condu\u00eft per Kevin Carri\u00f3, amb la incorporaci\u00f3 de Xavi Pons, que acosta cada mat\u00ed la informaci\u00f3 m\u00e9s pr\u00f2xima amb protagonistes, an\u00e0lisis i continguts sobre pol\u00edtica, societat, cultura, esports, xarxes socials i tot all\u00f2 que marca l&#8217;agenda del dia.&#13;\n&#13;\n A m\u00e9s, Patricia Bl\u00e1zquez es connecta en directe per a traslladar el pols del carrer i comptar el dia a dia de D\u00e9nia i la comarca, amb la proximitat i el comprom\u00eds d&#8217;una r\u00e0dio que escolta els seus ve\u00efns. \u201cEls Matins de D\u00e9nia FM\u201d \u00e9s actualitat, companyia i la millor manera de comen\u00e7ar la jornada informat.&#13;\n&#13;\n\u00abVintage Motel\u00bb, fer Check-In amb humor, nost\u00e0lgia i m\u00fasica&#13;\n&#13;\nEl testimoni el pren, a partir de les 11.00 hores, un nou programa: \u00abVintage Motel\u00bb, amb Sergio D\u00e9nia. Despr\u00e9s d&#8217;anys darrere d&#8217;un micr\u00f2fon, entre emissores, formats, companys, entrevistes i milers de can\u00e7ons, comen\u00e7a una nova etapa a D\u00e9nia FM. De dilluns a divendres, d&#8217;11.00 a 13.30 hores, Vintage Motel naix com un espai per als qui creuen que una can\u00e7\u00f3 pot portar-nos directament a un record.&#13;\n&#13;\n Un motel imaginari on fer Check-In i reviure totes eixes \u00e8poques que formen part de la nostra mem\u00f2ria. Hist\u00f2ries, convidats, humor, actualitat, participaci\u00f3 dels oients i seccions com Jukebox o Room Service completen un programa on la nost\u00e0lgia no mira al passat, sin\u00f3 que ens ajuda a entendre qui som hui.&#13;\n&#13;\nD\u00e9nia FM 92.5, referent en informaci\u00f3 i actualitat esportiva&#13;\n&#13;\nLa informaci\u00f3 continua sent un dels grans pilars de D\u00e9nia FM 92.5, amb una aposta clara per l&#8217;actualitat m\u00e9s pr\u00f2xima i el comprom\u00eds de mantindre a l&#8217;audi\u00e8ncia informada en tot moment. L&#8217;emissora compta amb l&#8217;Avan\u00e7 Informatiu a les 7.45 hores, l&#8217;Informatiu Comarcal a les 13.30 hores i butlletins informatius cada hora dins de la programaci\u00f3 local.&#13;\n&#13;\nL&#8217;equip d&#8217;informatius, amb M\u00edriam Pag\u00e1n al capdavant del servici informatiu, Kevin Carri\u00f3 en la redacci\u00f3 i Javier Zamora en la cobertura esportiva, acosta cada dia les not\u00edcies, protagonistes i esdeveniments que marquen l&#8217;agenda de D\u00e9nia i la Marina Alta. A m\u00e9s, l&#8217;esport torna a ocupar un lloc destacat en la programaci\u00f3 amb entrevistes en profunditat, cr\u00f2niques, an\u00e0lisis, debats i tot el seguiment de l&#8217;actualitat dels equips i esportistes de la comarca.&#13;\n&#13;\nPrepara&#8217;t per a gaudir amb el \u00abTardeo de D\u00e9nia FM\u00bb&#13;\n&#13;\nA partir de les 16.00 i fins a les 19.00 hores, Patricia Bl\u00e1zquez es posa al capdavant de \u201cEl Tardeo de D\u00e9nia FM\u201d, un espai pensat per a desconnectar, gaudir i acostar-se a l&#8217;actualitat des d&#8217;un to m\u00e9s pr\u00f2xim i entretingut. Un programa carregat de m\u00fasica, converses, col\u00b7laboradors i continguts variats per a acompanyar les vesprades de l&#8217;audi\u00e8ncia.&#13;\n&#13;\n Falles, festes locals, psicologia, salut, cinema, curiositats i moltes sorpreses formaran part d&#8217;un format amb personalitat pr\u00f2pia i molta bona vibra. L&#8217;estrena de \u201cEl Tardeo de D\u00e9nia FM\u201d ser\u00e0 dilluns que ve 14 de setembre, donant inici a una nova proposta per a les vesprades de l&#8217;emissora.&#13;\n&#13;\nLa programaci\u00f3 de D\u00e9nia FM 92.5 es completa amb els seus espais de debat, que tornen a partir d&#8217;octubre a les 14.10 hores amb noves propostes i continguts que s&#8217;aniran revelant en les pr\u00f2ximes setmanes. A m\u00e9s, tornen formats ja consolidats per l&#8217;audi\u00e8ncia com \u201cQuatre Cantons\u201d, \u201cHay debate\u201d i \u201cDesde la grada\u201d, al costat d&#8217;algunes sorpreses que l&#8217;emissora anir\u00e0 presentant durant la temporada.&#13;\n&#13;\n Una programaci\u00f3 que mant\u00e9 l&#8217;ess\u00e8ncia de D\u00e9nia FM 92.5: proximitat, professionalitat i comprom\u00eds amb la informaci\u00f3 i els protagonistes de D\u00e9nia i la Marina Alta. Una emissora que, cam\u00ed dels seus 100 anys d&#8217;hist\u00f2ria, continua apostant pel contingut local i comarcal. La nova temporada arrancar\u00e0 dilluns que ve 7 de setembre, a partir de les 7.00 hores, amb tota l&#8217;energia i novetats de la nova programaci\u00f3.<\/h2>\n\n<p class=\"wp-block-paragraph\">   <\/p>\n\n<p class=\"wp-block-paragraph\">   <\/p>\n\n<p class=\"wp-block-paragraph\">\u00a0<\/p>\n\n<p class=\"wp-block-paragraph\">      <\/p>\n\n<p class=\"wp-block-paragraph\">      <\/p>\n\n<p class=\"wp-block-paragraph\">\u00a0<\/p>\n\n<p class=\"wp-block-paragraph\">    <\/p>\n\n<p class=\"wp-block-paragraph\">       <\/p>\n\n<p class=\"wp-block-paragraph\">\u00a0<\/p>\n\n<p class=\"wp-block-paragraph\">     <\/p>\n\n<p class=\"wp-block-paragraph\">     <\/p>\n\n<p class=\"wp-block-paragraph\">\u00a0<\/p>\n\n<p class=\"wp-block-paragraph\">      <\/p>\n\n<p class=\"wp-block-paragraph\">       <\/p>\n\n<p class=\"wp-block-paragraph\">       <\/p>\n\n<p class=\"wp-block-paragraph\">      <\/p>\n","protected":false},"excerpt":{"rendered":"Dilluns que ve 7 arranca la nova graella amb \u2018Els Matins de D\u00e9nia FM\u2019, \u2018Vintage Hotel\u2019 i \u2018El&hellip;","protected":false},"author":7,"featured_media":111276,"comment_status":"closed","ping_status":"open","sticky":false,"template":"","format":"standard","meta":{"csco_display_header_overlay":false,"csco_singular_sidebar":"","csco_page_header_type":"","csco_page_load_nextpost":"","csco_post_video_location":[],"csco_post_video_location_hash":"","csco_post_video_url":"","csco_post_video_bg_start_time":0,"csco_post_video_bg_end_time":0,"footnotes":""},"categories":[574],"tags":[9829,4832,9830,1691,9831,1201],"poblacion":[9784],"class_list":["post-111278","post","type-post","status-publish","format-standard","has-post-thumbnail","category-sociedad-2","tag-actualitat","tag-denia-fm-ca-es","tag-humor","tag-musica-ca-es","tag-nostalgia","tag-radio-ca-es","poblacion-denia","cs-entry","cs-video-wrap"],"yoast_head":"<!-- This site is optimized with the Yoast SEO Premium plugin v26.6 (Yoast SEO v27.3) - https:\/\/yoast.com\/product\/yoast-seo-premium-wordpress\/ -->\n<title>D\u00e9nia FM 92.5 estrena nova programaci\u00f3 per a la temporada 2026-2027 - Canfali<\/title>\n<meta name=\"robots\" content=\"index, follow, max-snippet:-1, max-image-preview:large, max-video-preview:-1\" \/>\n<link rel=\"canonical\" href=\"https:\/\/canfali.com\/ca-es\/denia-fm-92-5-estrena-nova-programacio-per-a-la-temporada-2026-2027\/\" \/>\n<meta property=\"og:locale\" content=\"en_US\" \/>\n<meta property=\"og:type\" content=\"article\" \/>\n<meta property=\"og:title\" content=\"D\u00e9nia FM 92.5 estrena nova programaci\u00f3 per a la temporada 2026-2027\" \/>\n<meta property=\"og:description\" content=\"Dilluns que ve 7 arranca la nova graella amb \u2018Els Matins de D\u00e9nia FM\u2019, \u2018Vintage Hotel\u2019 i \u2018El&hellip;\" \/>\n<meta property=\"og:url\" content=\"https:\/\/canfali.com\/ca-es\/denia-fm-92-5-estrena-nova-programacio-per-a-la-temporada-2026-2027\/\" \/>\n<meta property=\"og:site_name\" content=\"Canfali\" \/>\n<meta property=\"article:publisher\" content=\"https:\/\/es-es.facebook.com\/CANFALIMarinaAlta\" \/>\n<meta property=\"article:published_time\" content=\"2026-09-03T12:35:48+00:00\" \/>\n<meta property=\"article:modified_time\" content=\"2026-09-03T12:40:19+00:00\" \/>\n<meta property=\"og:image\" content=\"https:\/\/canfali.com\/app\/uploads\/2026\/09\/84c23c22-ea03-44e6-a292-40cec98aadda.jpg\" \/>\n\t<meta property=\"og:image:width\" content=\"1600\" \/>\n\t<meta property=\"og:image:height\" content=\"1200\" \/>\n\t<meta property=\"og:image:type\" content=\"image\/jpeg\" \/>\n<meta name=\"author\" content=\"Bolta\" \/>\n<meta name=\"twitter:card\" content=\"summary_large_image\" \/>\n<meta name=\"twitter:creator\" content=\"@canfalima\" \/>\n<meta name=\"twitter:site\" content=\"@canfalima\" \/>\n<meta name=\"twitter:label1\" content=\"Written by\" \/>\n\t<meta name=\"twitter:data1\" content=\"Bolta\" \/>\n\t<meta name=\"twitter:label2\" content=\"Est. reading time\" \/>\n\t<meta name=\"twitter:data2\" content=\"4 minutes\" \/>\n<script type=\"application\/ld+json\" class=\"yoast-schema-graph\">{\"@context\":\"https:\\\/\\\/schema.org\",\"@graph\":[{\"@type\":\"NewsArticle\",\"@id\":\"https:\\\/\\\/canfali.com\\\/ca-es\\\/denia-fm-92-5-estrena-nova-programacio-per-a-la-temporada-2026-2027\\\/#article\",\"isPartOf\":{\"@id\":\"https:\\\/\\\/canfali.com\\\/ca-es\\\/denia-fm-92-5-estrena-nova-programacio-per-a-la-temporada-2026-2027\\\/\"},\"author\":{\"name\":\"Bolta\",\"@id\":\"https:\\\/\\\/canfali.com\\\/ca-es\\\/#\\\/schema\\\/person\\\/9c651adc904f3c4e0243f54407751557\"},\"headline\":\"D\u00e9nia FM 92.5 estrena nova programaci\u00f3 per a la temporada 2026-2027\",\"datePublished\":\"2026-09-03T12:35:48+00:00\",\"dateModified\":\"2026-09-03T12:40:19+00:00\",\"mainEntityOfPage\":{\"@id\":\"https:\\\/\\\/canfali.com\\\/ca-es\\\/denia-fm-92-5-estrena-nova-programacio-per-a-la-temporada-2026-2027\\\/\"},\"wordCount\":839,\"publisher\":{\"@id\":\"https:\\\/\\\/canfali.com\\\/ca-es\\\/#organization\"},\"image\":{\"@id\":\"https:\\\/\\\/canfali.com\\\/ca-es\\\/denia-fm-92-5-estrena-nova-programacio-per-a-la-temporada-2026-2027\\\/#primaryimage\"},\"thumbnailUrl\":\"https:\\\/\\\/canfali.com\\\/app\\\/uploads\\\/2026\\\/09\\\/84c23c22-ea03-44e6-a292-40cec98aadda.jpg\",\"keywords\":[\"actualitat\",\"D\u00e9nia FM\",\"humor\",\"m\u00fasica\",\"nost\u00e0lgia\",\"r\u00e0dio\"],\"articleSection\":[\"Sociedad\"],\"inLanguage\":\"va-ES\",\"copyrightYear\":\"2026\",\"copyrightHolder\":{\"@id\":\"https:\\\/\\\/canfali.com\\\/#organization\"}},{\"@type\":\"WebPage\",\"@id\":\"https:\\\/\\\/canfali.com\\\/ca-es\\\/denia-fm-92-5-estrena-nova-programacio-per-a-la-temporada-2026-2027\\\/\",\"url\":\"https:\\\/\\\/canfali.com\\\/ca-es\\\/denia-fm-92-5-estrena-nova-programacio-per-a-la-temporada-2026-2027\\\/\",\"name\":\"D\u00e9nia FM 92.5 estrena nova programaci\u00f3 per a la temporada 2026-2027 - Canfali\",\"isPartOf\":{\"@id\":\"https:\\\/\\\/canfali.com\\\/ca-es\\\/#website\"},\"primaryImageOfPage\":{\"@id\":\"https:\\\/\\\/canfali.com\\\/ca-es\\\/denia-fm-92-5-estrena-nova-programacio-per-a-la-temporada-2026-2027\\\/#primaryimage\"},\"image\":{\"@id\":\"https:\\\/\\\/canfali.com\\\/ca-es\\\/denia-fm-92-5-estrena-nova-programacio-per-a-la-temporada-2026-2027\\\/#primaryimage\"},\"thumbnailUrl\":\"https:\\\/\\\/canfali.com\\\/app\\\/uploads\\\/2026\\\/09\\\/84c23c22-ea03-44e6-a292-40cec98aadda.jpg\",\"datePublished\":\"2026-09-03T12:35:48+00:00\",\"dateModified\":\"2026-09-03T12:40:19+00:00\",\"breadcrumb\":{\"@id\":\"https:\\\/\\\/canfali.com\\\/ca-es\\\/denia-fm-92-5-estrena-nova-programacio-per-a-la-temporada-2026-2027\\\/#breadcrumb\"},\"inLanguage\":\"va-ES\",\"potentialAction\":[{\"@type\":\"ReadAction\",\"target\":[\"https:\\\/\\\/canfali.com\\\/ca-es\\\/denia-fm-92-5-estrena-nova-programacio-per-a-la-temporada-2026-2027\\\/\"]}]},{\"@type\":\"ImageObject\",\"inLanguage\":\"va-ES\",\"@id\":\"https:\\\/\\\/canfali.com\\\/ca-es\\\/denia-fm-92-5-estrena-nova-programacio-per-a-la-temporada-2026-2027\\\/#primaryimage\",\"url\":\"https:\\\/\\\/canfali.com\\\/app\\\/uploads\\\/2026\\\/09\\\/84c23c22-ea03-44e6-a292-40cec98aadda.jpg\",\"contentUrl\":\"https:\\\/\\\/canfali.com\\\/app\\\/uploads\\\/2026\\\/09\\\/84c23c22-ea03-44e6-a292-40cec98aadda.jpg\",\"width\":1600,\"height\":1200},{\"@type\":\"BreadcrumbList\",\"@id\":\"https:\\\/\\\/canfali.com\\\/ca-es\\\/denia-fm-92-5-estrena-nova-programacio-per-a-la-temporada-2026-2027\\\/#breadcrumb\",\"itemListElement\":[{\"@type\":\"ListItem\",\"position\":1,\"name\":\"Portada\",\"item\":\"https:\\\/\\\/canfali.com\\\/ca-es\\\/\"},{\"@type\":\"ListItem\",\"position\":2,\"name\":\"D\u00e9nia FM 92.5 estrena nova programaci\u00f3 per a la temporada 2026-2027\"}]},{\"@type\":\"WebSite\",\"@id\":\"https:\\\/\\\/canfali.com\\\/ca-es\\\/#website\",\"url\":\"https:\\\/\\\/canfali.com\\\/ca-es\\\/\",\"name\":\"Canfali\",\"description\":\"\",\"publisher\":{\"@id\":\"https:\\\/\\\/canfali.com\\\/ca-es\\\/#organization\"},\"potentialAction\":[{\"@type\":\"SearchAction\",\"target\":{\"@type\":\"EntryPoint\",\"urlTemplate\":\"https:\\\/\\\/canfali.com\\\/ca-es\\\/?s={search_term_string}\"},\"query-input\":{\"@type\":\"PropertyValueSpecification\",\"valueRequired\":true,\"valueName\":\"search_term_string\"}}],\"inLanguage\":\"va-ES\"},{\"@type\":\"Organization\",\"@id\":\"https:\\\/\\\/canfali.com\\\/ca-es\\\/#organization\",\"name\":\"Canfali\",\"url\":\"https:\\\/\\\/canfali.com\\\/ca-es\\\/\",\"logo\":{\"@type\":\"ImageObject\",\"inLanguage\":\"va-ES\",\"@id\":\"https:\\\/\\\/canfali.com\\\/ca-es\\\/#\\\/schema\\\/logo\\\/image\\\/\",\"url\":\"https:\\\/\\\/canfali.com\\\/app\\\/uploads\\\/2025\\\/12\\\/canfali_marina_alta_logo.png\",\"contentUrl\":\"https:\\\/\\\/canfali.com\\\/app\\\/uploads\\\/2025\\\/12\\\/canfali_marina_alta_logo.png\",\"width\":225,\"height\":225,\"caption\":\"Canfali\"},\"image\":{\"@id\":\"https:\\\/\\\/canfali.com\\\/ca-es\\\/#\\\/schema\\\/logo\\\/image\\\/\"},\"sameAs\":[\"https:\\\/\\\/es-es.facebook.com\\\/CANFALIMarinaAlta\",\"https:\\\/\\\/x.com\\\/canfalima\",\"https:\\\/\\\/www.instagram.com\\\/canfalimarinaalta\\\/\"]},{\"@type\":\"Person\",\"@id\":\"https:\\\/\\\/canfali.com\\\/ca-es\\\/#\\\/schema\\\/person\\\/9c651adc904f3c4e0243f54407751557\",\"name\":\"Bolta\",\"image\":{\"@type\":\"ImageObject\",\"inLanguage\":\"va-ES\",\"@id\":\"https:\\\/\\\/secure.gravatar.com\\\/avatar\\\/550a5d97fe3cfba5caf077b9600e46529e1977e9d14396836e775d6d9d895a81?s=96&d=mm&r=g\",\"url\":\"https:\\\/\\\/secure.gravatar.com\\\/avatar\\\/550a5d97fe3cfba5caf077b9600e46529e1977e9d14396836e775d6d9d895a81?s=96&d=mm&r=g\",\"contentUrl\":\"https:\\\/\\\/secure.gravatar.com\\\/avatar\\\/550a5d97fe3cfba5caf077b9600e46529e1977e9d14396836e775d6d9d895a81?s=96&d=mm&r=g\",\"caption\":\"Bolta\"},\"url\":\"https:\\\/\\\/canfali.com\\\/ca-es\\\/author\\\/bolta\\\/\"}]}<\/script>\n<!-- \/ Yoast SEO Premium plugin. -->","yoast_head_json":{"title":"D\u00e9nia FM 92.5 estrena nova programaci\u00f3 per a la temporada 2026-2027 - Canfali","robots":{"index":"index","follow":"follow","max-snippet":"max-snippet:-1","max-image-preview":"max-image-preview:large","max-video-preview":"max-video-preview:-1"},"canonical":"https:\/\/canfali.com\/ca-es\/denia-fm-92-5-estrena-nova-programacio-per-a-la-temporada-2026-2027\/","og_locale":"en_US","og_type":"article","og_title":"D\u00e9nia FM 92.5 estrena nova programaci\u00f3 per a la temporada 2026-2027","og_description":"Dilluns que ve 7 arranca la nova graella amb \u2018Els Matins de D\u00e9nia FM\u2019, \u2018Vintage Hotel\u2019 i \u2018El&hellip;","og_url":"https:\/\/canfali.com\/ca-es\/denia-fm-92-5-estrena-nova-programacio-per-a-la-temporada-2026-2027\/","og_site_name":"Canfali","article_publisher":"https:\/\/es-es.facebook.com\/CANFALIMarinaAlta","article_published_time":"2026-09-03T12:35:48+00:00","article_modified_time":"2026-09-03T12:40:19+00:00","og_image":[{"width":1600,"height":1200,"url":"https:\/\/canfali.com\/app\/uploads\/2026\/09\/84c23c22-ea03-44e6-a292-40cec98aadda.jpg","type":"image\/jpeg"}],"author":"Bolta","twitter_card":"summary_large_image","twitter_creator":"@canfalima","twitter_site":"@canfalima","twitter_misc":{"Written by":"Bolta","Est. reading time":"4 minutes"},"schema":{"@context":"https:\/\/schema.org","@graph":[{"@type":"NewsArticle","@id":"https:\/\/canfali.com\/ca-es\/denia-fm-92-5-estrena-nova-programacio-per-a-la-temporada-2026-2027\/#article","isPartOf":{"@id":"https:\/\/canfali.com\/ca-es\/denia-fm-92-5-estrena-nova-programacio-per-a-la-temporada-2026-2027\/"},"author":{"name":"Bolta","@id":"https:\/\/canfali.com\/ca-es\/#\/schema\/person\/9c651adc904f3c4e0243f54407751557"},"headline":"D\u00e9nia FM 92.5 estrena nova programaci\u00f3 per a la temporada 2026-2027","datePublished":"2026-09-03T12:35:48+00:00","dateModified":"2026-09-03T12:40:19+00:00","mainEntityOfPage":{"@id":"https:\/\/canfali.com\/ca-es\/denia-fm-92-5-estrena-nova-programacio-per-a-la-temporada-2026-2027\/"},"wordCount":839,"publisher":{"@id":"https:\/\/canfali.com\/ca-es\/#organization"},"image":{"@id":"https:\/\/canfali.com\/ca-es\/denia-fm-92-5-estrena-nova-programacio-per-a-la-temporada-2026-2027\/#primaryimage"},"thumbnailUrl":"https:\/\/canfali.com\/app\/uploads\/2026\/09\/84c23c22-ea03-44e6-a292-40cec98aadda.jpg","keywords":["actualitat","D\u00e9nia FM","humor","m\u00fasica","nost\u00e0lgia","r\u00e0dio"],"articleSection":["Sociedad"],"inLanguage":"va-ES","copyrightYear":"2026","copyrightHolder":{"@id":"https:\/\/canfali.com\/#organization"}},{"@type":"WebPage","@id":"https:\/\/canfali.com\/ca-es\/denia-fm-92-5-estrena-nova-programacio-per-a-la-temporada-2026-2027\/","url":"https:\/\/canfali.com\/ca-es\/denia-fm-92-5-estrena-nova-programacio-per-a-la-temporada-2026-2027\/","name":"D\u00e9nia FM 92.5 estrena nova programaci\u00f3 per a la temporada 2026-2027 - Canfali","isPartOf":{"@id":"https:\/\/canfali.com\/ca-es\/#website"},"primaryImageOfPage":{"@id":"https:\/\/canfali.com\/ca-es\/denia-fm-92-5-estrena-nova-programacio-per-a-la-temporada-2026-2027\/#primaryimage"},"image":{"@id":"https:\/\/canfali.com\/ca-es\/denia-fm-92-5-estrena-nova-programacio-per-a-la-temporada-2026-2027\/#primaryimage"},"thumbnailUrl":"https:\/\/canfali.com\/app\/uploads\/2026\/09\/84c23c22-ea03-44e6-a292-40cec98aadda.jpg","datePublished":"2026-09-03T12:35:48+00:00","dateModified":"2026-09-03T12:40:19+00:00","breadcrumb":{"@id":"https:\/\/canfali.com\/ca-es\/denia-fm-92-5-estrena-nova-programacio-per-a-la-temporada-2026-2027\/#breadcrumb"},"inLanguage":"va-ES","potentialAction":[{"@type":"ReadAction","target":["https:\/\/canfali.com\/ca-es\/denia-fm-92-5-estrena-nova-programacio-per-a-la-temporada-2026-2027\/"]}]},{"@type":"ImageObject","inLanguage":"va-ES","@id":"https:\/\/canfali.com\/ca-es\/denia-fm-92-5-estrena-nova-programacio-per-a-la-temporada-2026-2027\/#primaryimage","url":"https:\/\/canfali.com\/app\/uploads\/2026\/09\/84c23c22-ea03-44e6-a292-40cec98aadda.jpg","contentUrl":"https:\/\/canfali.com\/app\/uploads\/2026\/09\/84c23c22-ea03-44e6-a292-40cec98aadda.jpg","width":1600,"height":1200},{"@type":"BreadcrumbList","@id":"https:\/\/canfali.com\/ca-es\/denia-fm-92-5-estrena-nova-programacio-per-a-la-temporada-2026-2027\/#breadcrumb","itemListElement":[{"@type":"ListItem","position":1,"name":"Portada","item":"https:\/\/canfali.com\/ca-es\/"},{"@type":"ListItem","position":2,"name":"D\u00e9nia FM 92.5 estrena nova programaci\u00f3 per a la temporada 2026-2027"}]},{"@type":"WebSite","@id":"https:\/\/canfali.com\/ca-es\/#website","url":"https:\/\/canfali.com\/ca-es\/","name":"Canfali","description":"","publisher":{"@id":"https:\/\/canfali.com\/ca-es\/#organization"},"potentialAction":[{"@type":"SearchAction","target":{"@type":"EntryPoint","urlTemplate":"https:\/\/canfali.com\/ca-es\/?s={search_term_string}"},"query-input":{"@type":"PropertyValueSpecification","valueRequired":true,"valueName":"search_term_string"}}],"inLanguage":"va-ES"},{"@type":"Organization","@id":"https:\/\/canfali.com\/ca-es\/#organization","name":"Canfali","url":"https:\/\/canfali.com\/ca-es\/","logo":{"@type":"ImageObject","inLanguage":"va-ES","@id":"https:\/\/canfali.com\/ca-es\/#\/schema\/logo\/image\/","url":"https:\/\/canfali.com\/app\/uploads\/2025\/12\/canfali_marina_alta_logo.png","contentUrl":"https:\/\/canfali.com\/app\/uploads\/2025\/12\/canfali_marina_alta_logo.png","width":225,"height":225,"caption":"Canfali"},"image":{"@id":"https:\/\/canfali.com\/ca-es\/#\/schema\/logo\/image\/"},"sameAs":["https:\/\/es-es.facebook.com\/CANFALIMarinaAlta","https:\/\/x.com\/canfalima","https:\/\/www.instagram.com\/canfalimarinaalta\/"]},{"@type":"Person","@id":"https:\/\/canfali.com\/ca-es\/#\/schema\/person\/9c651adc904f3c4e0243f54407751557","name":"Bolta","image":{"@type":"ImageObject","inLanguage":"va-ES","@id":"https:\/\/secure.gravatar.com\/avatar\/550a5d97fe3cfba5caf077b9600e46529e1977e9d14396836e775d6d9d895a81?s=96&d=mm&r=g","url":"https:\/\/secure.gravatar.com\/avatar\/550a5d97fe3cfba5caf077b9600e46529e1977e9d14396836e775d6d9d895a81?s=96&d=mm&r=g","contentUrl":"https:\/\/secure.gravatar.com\/avatar\/550a5d97fe3cfba5caf077b9600e46529e1977e9d14396836e775d6d9d895a81?s=96&d=mm&r=g","caption":"Bolta"},"url":"https:\/\/canfali.com\/ca-es\/author\/bolta\/"}]}},"_links":{"self":[{"href":"https:\/\/canfali.com\/ca-es\/wp-json\/wp\/v2\/posts\/111278","targetHints":{"allow":["GET"]}}],"collection":[{"href":"https:\/\/canfali.com\/ca-es\/wp-json\/wp\/v2\/posts"}],"about":[{"href":"https:\/\/canfali.com\/ca-es\/wp-json\/wp\/v2\/types\/post"}],"author":[{"embeddable":true,"href":"https:\/\/canfali.com\/ca-es\/wp-json\/wp\/v2\/users\/7"}],"replies":[{"embeddable":true,"href":"https:\/\/canfali.com\/ca-es\/wp-json\/wp\/v2\/comments?post=111278"}],"version-history":[{"count":1,"href":"https:\/\/canfali.com\/ca-es\/wp-json\/wp\/v2\/posts\/111278\/revisions"}],"predecessor-version":[{"id":111279,"href":"https:\/\/canfali.com\/ca-es\/wp-json\/wp\/v2\/posts\/111278\/revisions\/111279"}],"wp:featuredmedia":[{"embeddable":true,"href":"https:\/\/canfali.com\/ca-es\/wp-json\/wp\/v2\/media\/111276"}],"wp:attachment":[{"href":"https:\/\/canfali.com\/ca-es\/wp-json\/wp\/v2\/media?parent=111278"}],"wp:term":[{"taxonomy":"category","embeddable":true,"href":"https:\/\/canfali.com\/ca-es\/wp-json\/wp\/v2\/categories?post=111278"},{"taxonomy":"post_tag","embeddable":true,"href":"https:\/\/canfali.com\/ca-es\/wp-json\/wp\/v2\/tags?post=111278"},{"taxonomy":"poblacion","embeddable":true,"href":"https:\/\/canfali.com\/ca-es\/wp-json\/wp\/v2\/poblacion?post=111278"}],"curies":[{"name":"wp","href":"https:\/\/api.w.org\/{rel}","templated":true}]}}