{"id":111272,"date":"2026-09-03T13:43:14","date_gmt":"2026-09-03T11:43:14","guid":{"rendered":"https:\/\/canfali.com\/palau-altea-presenta-una-nova-temporada\/"},"modified":"2026-09-03T13:47:26","modified_gmt":"2026-09-03T11:47:26","slug":"palau-altea-presenta-una-nova-temporada","status":"publish","type":"post","link":"https:\/\/canfali.com\/ca-es\/palau-altea-presenta-una-nova-temporada\/","title":{"rendered":"Palau Altea presenta una nova temporada"},"content":{"rendered":"\n<p class=\"wp-block-paragraph\">Hi ha emocions que nom\u00e9s ocorren quan s&#8217;apaguen els llums i comen\u00e7a la funci\u00f3. Hist\u00f2ries que fan riure, pensar o mirar d&#8217;una altra manera. Esta temporada, Palau Altea torna a obrir les seues portes per a trobar-se amb totes elles i fer-ho, una vegada m\u00e9s, des d&#8217;un lloc absolutament privilegiat.<\/p>\n\n<p class=\"wp-block-paragraph\">\tTeatre, m\u00fasica, \u00f2pera, dansa i grans produccions tornaran a trobar-se sobre l&#8217;escenari en una nova temporada que reunir\u00e0 destacats de l&#8217;escena nacional i propostes per a tots els p\u00fablics. Una programaci\u00f3 impulsada per Olympia Metropolitana i Pentaci\u00f3n Espect\u00e1culos, l&#8217;alian\u00e7a dels quals continua fent possible l&#8217;arribada a Altea d&#8217;espectacles de gran format i algunes de les produccions m\u00e9s destacades del panorama esc\u00e8nic actual, que ha sigut presentada p\u00fablicamenten les instal\u00b7lacions de Palau Altea per Enrique Fayos, director d&#8217;Olympia Metropolitana, concession\u00e0ria de Palau Altea, i Pepa P\u00e9rez, edil de Cultura de l&#8217;Ajuntament d&#8217;Altea.<\/p>\n\n<p class=\"wp-block-paragraph\">\tLa nova temporada donar\u00e0 principi el 12 de setembre amb l\u2019Orquestra de la Comunitat Valenciana, formaci\u00f3 titular del Palau de les Arts, baix la direcci\u00f3 de Anja Bihlmaier. Un dels conjunts musicals m\u00e9s prestigiosos del panorama nacional interpretar\u00e0 Quadres d&#8217;una exposici\u00f3, de M\u00fassorgski, i la Simfonia n\u00fam. 5 de Txaikovski.<\/p>\n\n<p class=\"wp-block-paragraph\">\tDespr\u00e9s del concert inaugural, la programaci\u00f3 continuar\u00e0 l&#8217;1 d&#8217;octubre amb el Ballet de K\u00edev i un dels grans t\u00edtols de la dansa cl\u00e0ssica, El llac dels cignes. A penes l&#8217;endem\u00e0 passat, el 3 d&#8217;octubre, arribar\u00e0 \u2018La Ratonera\u2019, el c\u00e8lebre misteri d\u2019Agatha Christie, en una producci\u00f3 d&#8217;Olympia Metropolitana i El Punt de la I que recala a Altea despr\u00e9s de la seua exitosa gira per diferents ciutats espanyoles.<\/p>\n\n<p class=\"wp-block-paragraph\">La m\u00fasica prendr\u00e0 el relleu el 10 d&#8217;octubre amb \u2018Opus One Ensemble\u2019, que retr\u00e0 homenatge a l&#8217;univers musical de Mike Oldfield. El 23 d&#8217;octubre, Imanol Arias i Mar\u00eda Barranco protagonitzaran la com\u00e8dia \u2018Millor no dir-ho\u2019. Una de les grans novetats de la temporada arribar\u00e0 els dies 30 i 31 d&#8217;octubre i 1 de novembre amb La Cubana, que desembarca a Palau Altea amb \u2018La cuisine de mycousine\u2019 i quatre \u00faniques funcions, les entrades de les quals ixen a la venda este mateix 3 de setembre.<\/p>\n\n<p class=\"wp-block-paragraph\">\tEl 7 de novembre arribar\u00e0 \u2018Las amistades peligrosas\u2019, adaptaci\u00f3 teatral basada en la c\u00e8lebre novel\u00b7la de Pierre Choderlos de Laclos, seguida el 10 de novembre per \u2018La flauta m\u00e1gica\u2019 de Mozart. El p\u00fablic familiar tindr\u00e0 tamb\u00e9 el seu espai el 21 de novembre amb \u2018Frozen 1 i 2\u2019, una aventura musical sobre gel.<\/p>\n\n<p class=\"wp-block-paragraph\">El 28 de novembre Juanjo Arter encap\u00e7alar\u00e0 l&#8217;adaptaci\u00f3 teatral de \u2018El club de los poetas muertos\u2019, una de les hist\u00f2ries m\u00e9s reconegudes de les \u00faltimes d\u00e8cades. Ja al desembre, Palau Altea rebr\u00e0 una de les grans apostes de la temporada: Jos\u00e9 Mar\u00eda Pou arribar\u00e0 el 12 de desembre amb \u2018Gigante\u2019, espectacle en el qual es fica en la pell de Roal Dahl, autor de cl\u00e0ssics universals com Matilda o Charlie i la f\u00e0brica de xocolate.<\/p>\n\n<p class=\"wp-block-paragraph\">El 18 de desembre ser\u00e0 el torn de Toni Acosta amb \u2018Una madre de pel\u00edcula\u2019, una com\u00e8dia protagonitzada per una de les cares m\u00e9s recognoscibles del teatre, el cinema i la televisi\u00f3.<\/p>\n\n<p class=\"wp-block-paragraph\">\tLa programaci\u00f3 nadalenca destaca per tindre propostes per a tots els p\u00fablics i gustos.  Comen\u00e7ar\u00e0 el 26 de desembre amb \u2018El viaje a Oz\u2019, el musical, seguida de Gisela amb \u2018ShowKids\u2019, la veu de Disney el 30 de desembre. El 2 de gener, El Gran Concert d&#8217;Any Nou donar\u00e0 la benvinguda a 2027 i, el 4 de gener, Alabama Gospel Choir posar\u00e0 el fermall final a les festes amb la for\u00e7a i energia del g\u00f3spel.<\/p>\n\n<p class=\"wp-block-paragraph\">\tEl mes de gener completar\u00e0 este cicle de programaci\u00f3 amb dos \u00faltimes cites: el retorn del Ballet de K\u00edev el 9 de gener amb \u2018El Trencanous\u2019 i, finalment, \u2018*Dancing *ABBA\u2019 el 23 de gener, que tancar\u00e0 la programaci\u00f3 presentada per a estos pr\u00f2xims mesos.<\/p>\n\n<p class=\"wp-block-paragraph\">Coincidint amb l&#8217;inici de la nova temporada, Palau Altea afronta tamb\u00e9 els \u00faltims dies per a adquirir les seues dos modalitats d&#8217;abonament +PALAU, disponibles fins al pr\u00f2xim 13 de setembre. Una oportunitat per a gaudir d&#8217;una selecci\u00f3 de grans espectacles a un preu especialment competitiu i viure la programaci\u00f3 d&#8217;una forma diferent, amb avantatges exclusius per als seus abonats.<\/p>\n\n<p class=\"wp-block-paragraph\">La nova temporada no es viur\u00e0 \u00fanicament des del pati de butaques. Entre les seues principals novetats, Palau Altea posa en marxa ESMUviment, una iniciativa desenrotllada al costat de ESMU Altea que comen\u00e7ar\u00e0 el pr\u00f2xim 7 de novembre, amb Conch\u00edn L\u00f3pez al capdavant.<\/p>\n\n<p class=\"wp-block-paragraph\">\tEste projecte naix amb l&#8217;objectiu d&#8217;acostar la dansa i el moviment a totes les persones, sense necessitat de comptar amb experi\u00e8ncia pr\u00e8via. A trav\u00e9s d&#8217;un cicle de huit tallers inspirats en tem\u00e0tiques vinculades a Altea i el seu entorn, els participants podran prendre consci\u00e8ncia del seu cos i de les seues possibilitats de moviment, explorar la improvisaci\u00f3 i descobrir noves formes d&#8217;expressi\u00f3 i creaci\u00f3. M\u00e9s informaci\u00f3 i inscripcions en la p\u00e0gina web de Palau Altea.<\/p>\n\n<p class=\"wp-block-paragraph\">\tPer part seua, Pepa P\u00e9rez, regidora de Cultura d&#8217;Altea, ha destacat la consolidaci\u00f3 d&#8217;esta nova etapa de Palau Altea i la import\u00e0ncia de l&#8217;alian\u00e7a entre Olympia Metropolitana y Pentaci\u00f3n Espect\u00e1culos per a acostar grans produccions i artistes de primer nivell. \u00abVolem que Altea continue sent una ciutat cultural i que Palau Altea es consolide com un dels grans referents esc\u00e8nics del nostre territori i esta programaci\u00f3 demostra que anem en eixa direcci\u00f3\u00bb, ha assenyalat.<\/p>\n","protected":false},"excerpt":{"rendered":"Hi ha emocions que nom\u00e9s ocorren quan s&#8217;apaguen els llums i comen\u00e7a la funci\u00f3. Hist\u00f2ries que fan riure,&hellip;","protected":false},"author":5,"featured_media":111268,"comment_status":"closed","ping_status":"open","sticky":false,"template":"","format":"standard","meta":{"csco_display_header_overlay":false,"csco_singular_sidebar":"","csco_page_header_type":"","csco_page_load_nextpost":"","csco_post_video_location":[],"csco_post_video_location_hash":"","csco_post_video_url":"","csco_post_video_bg_start_time":0,"csco_post_video_bg_end_time":0,"footnotes":""},"categories":[597],"tags":[8322,785,1691,9826,2310],"poblacion":[],"class_list":["post-111272","post","type-post","status-publish","format-standard","has-post-thumbnail","category-cultura-ca-es","tag-altea","tag-cultura","tag-musica-ca-es","tag-programacio","tag-teatro-ca-es","cs-entry","cs-video-wrap"],"yoast_head":"<!-- This site is optimized with the Yoast SEO Premium plugin v26.6 (Yoast SEO v27.3) - https:\/\/yoast.com\/product\/yoast-seo-premium-wordpress\/ -->\n<title>Palau Altea presenta una nova temporada - Canfali<\/title>\n<meta name=\"robots\" content=\"index, follow, max-snippet:-1, max-image-preview:large, max-video-preview:-1\" \/>\n<link rel=\"canonical\" href=\"https:\/\/canfali.com\/ca-es\/palau-altea-presenta-una-nova-temporada\/\" \/>\n<meta property=\"og:locale\" content=\"en_US\" \/>\n<meta property=\"og:type\" content=\"article\" \/>\n<meta property=\"og:title\" content=\"Palau Altea presenta una nova temporada\" \/>\n<meta property=\"og:description\" content=\"Hi ha emocions que nom\u00e9s ocorren quan s&#8217;apaguen els llums i comen\u00e7a la funci\u00f3. Hist\u00f2ries que fan riure,&hellip;\" \/>\n<meta property=\"og:url\" content=\"https:\/\/canfali.com\/ca-es\/palau-altea-presenta-una-nova-temporada\/\" \/>\n<meta property=\"og:site_name\" content=\"Canfali\" \/>\n<meta property=\"article:publisher\" content=\"https:\/\/es-es.facebook.com\/CANFALIMarinaAlta\" \/>\n<meta property=\"article:published_time\" content=\"2026-09-03T11:43:14+00:00\" \/>\n<meta property=\"article:modified_time\" content=\"2026-09-03T11:47:26+00:00\" \/>\n<meta property=\"og:image\" content=\"https:\/\/canfali.com\/app\/uploads\/2026\/09\/palau-altea.jpg\" \/>\n\t<meta property=\"og:image:width\" content=\"1028\" \/>\n\t<meta property=\"og:image:height\" content=\"766\" \/>\n\t<meta property=\"og:image:type\" content=\"image\/jpeg\" \/>\n<meta name=\"author\" content=\"D\u00eddac\" \/>\n<meta name=\"twitter:card\" content=\"summary_large_image\" \/>\n<meta name=\"twitter:creator\" content=\"@canfalima\" \/>\n<meta name=\"twitter:site\" content=\"@canfalima\" \/>\n<meta name=\"twitter:label1\" content=\"Written by\" \/>\n\t<meta name=\"twitter:data1\" content=\"D\u00eddac\" \/>\n\t<meta name=\"twitter:label2\" content=\"Est. reading time\" \/>\n\t<meta name=\"twitter:data2\" content=\"5 minutes\" \/>\n<script type=\"application\/ld+json\" class=\"yoast-schema-graph\">{\"@context\":\"https:\\\/\\\/schema.org\",\"@graph\":[{\"@type\":\"NewsArticle\",\"@id\":\"https:\\\/\\\/canfali.com\\\/ca-es\\\/palau-altea-presenta-una-nova-temporada\\\/#article\",\"isPartOf\":{\"@id\":\"https:\\\/\\\/canfali.com\\\/ca-es\\\/palau-altea-presenta-una-nova-temporada\\\/\"},\"author\":{\"name\":\"D\u00eddac\",\"@id\":\"https:\\\/\\\/canfali.com\\\/ca-es\\\/#\\\/schema\\\/person\\\/5211f51be1ed486a218e6a4f53355b6d\"},\"headline\":\"Palau Altea presenta una nova temporada\",\"datePublished\":\"2026-09-03T11:43:14+00:00\",\"dateModified\":\"2026-09-03T11:47:26+00:00\",\"mainEntityOfPage\":{\"@id\":\"https:\\\/\\\/canfali.com\\\/ca-es\\\/palau-altea-presenta-una-nova-temporada\\\/\"},\"wordCount\":953,\"publisher\":{\"@id\":\"https:\\\/\\\/canfali.com\\\/ca-es\\\/#organization\"},\"image\":{\"@id\":\"https:\\\/\\\/canfali.com\\\/ca-es\\\/palau-altea-presenta-una-nova-temporada\\\/#primaryimage\"},\"thumbnailUrl\":\"https:\\\/\\\/canfali.com\\\/app\\\/uploads\\\/2026\\\/09\\\/palau-altea.jpg\",\"keywords\":[\"Altea\",\"cultura.\",\"m\u00fasica\",\"Programaci\u00f3\",\"teatro\"],\"articleSection\":[\"Cultura\"],\"inLanguage\":\"va-ES\",\"copyrightYear\":\"2026\",\"copyrightHolder\":{\"@id\":\"https:\\\/\\\/canfali.com\\\/#organization\"}},{\"@type\":\"WebPage\",\"@id\":\"https:\\\/\\\/canfali.com\\\/ca-es\\\/palau-altea-presenta-una-nova-temporada\\\/\",\"url\":\"https:\\\/\\\/canfali.com\\\/ca-es\\\/palau-altea-presenta-una-nova-temporada\\\/\",\"name\":\"Palau Altea presenta una nova temporada - Canfali\",\"isPartOf\":{\"@id\":\"https:\\\/\\\/canfali.com\\\/ca-es\\\/#website\"},\"primaryImageOfPage\":{\"@id\":\"https:\\\/\\\/canfali.com\\\/ca-es\\\/palau-altea-presenta-una-nova-temporada\\\/#primaryimage\"},\"image\":{\"@id\":\"https:\\\/\\\/canfali.com\\\/ca-es\\\/palau-altea-presenta-una-nova-temporada\\\/#primaryimage\"},\"thumbnailUrl\":\"https:\\\/\\\/canfali.com\\\/app\\\/uploads\\\/2026\\\/09\\\/palau-altea.jpg\",\"datePublished\":\"2026-09-03T11:43:14+00:00\",\"dateModified\":\"2026-09-03T11:47:26+00:00\",\"breadcrumb\":{\"@id\":\"https:\\\/\\\/canfali.com\\\/ca-es\\\/palau-altea-presenta-una-nova-temporada\\\/#breadcrumb\"},\"inLanguage\":\"va-ES\",\"potentialAction\":[{\"@type\":\"ReadAction\",\"target\":[\"https:\\\/\\\/canfali.com\\\/ca-es\\\/palau-altea-presenta-una-nova-temporada\\\/\"]}]},{\"@type\":\"ImageObject\",\"inLanguage\":\"va-ES\",\"@id\":\"https:\\\/\\\/canfali.com\\\/ca-es\\\/palau-altea-presenta-una-nova-temporada\\\/#primaryimage\",\"url\":\"https:\\\/\\\/canfali.com\\\/app\\\/uploads\\\/2026\\\/09\\\/palau-altea.jpg\",\"contentUrl\":\"https:\\\/\\\/canfali.com\\\/app\\\/uploads\\\/2026\\\/09\\\/palau-altea.jpg\",\"width\":1028,\"height\":766},{\"@type\":\"BreadcrumbList\",\"@id\":\"https:\\\/\\\/canfali.com\\\/ca-es\\\/palau-altea-presenta-una-nova-temporada\\\/#breadcrumb\",\"itemListElement\":[{\"@type\":\"ListItem\",\"position\":1,\"name\":\"Portada\",\"item\":\"https:\\\/\\\/canfali.com\\\/ca-es\\\/\"},{\"@type\":\"ListItem\",\"position\":2,\"name\":\"Palau Altea presenta una nova temporada\"}]},{\"@type\":\"WebSite\",\"@id\":\"https:\\\/\\\/canfali.com\\\/ca-es\\\/#website\",\"url\":\"https:\\\/\\\/canfali.com\\\/ca-es\\\/\",\"name\":\"Canfali\",\"description\":\"\",\"publisher\":{\"@id\":\"https:\\\/\\\/canfali.com\\\/ca-es\\\/#organization\"},\"potentialAction\":[{\"@type\":\"SearchAction\",\"target\":{\"@type\":\"EntryPoint\",\"urlTemplate\":\"https:\\\/\\\/canfali.com\\\/ca-es\\\/?s={search_term_string}\"},\"query-input\":{\"@type\":\"PropertyValueSpecification\",\"valueRequired\":true,\"valueName\":\"search_term_string\"}}],\"inLanguage\":\"va-ES\"},{\"@type\":\"Organization\",\"@id\":\"https:\\\/\\\/canfali.com\\\/ca-es\\\/#organization\",\"name\":\"Canfali\",\"url\":\"https:\\\/\\\/canfali.com\\\/ca-es\\\/\",\"logo\":{\"@type\":\"ImageObject\",\"inLanguage\":\"va-ES\",\"@id\":\"https:\\\/\\\/canfali.com\\\/ca-es\\\/#\\\/schema\\\/logo\\\/image\\\/\",\"url\":\"https:\\\/\\\/canfali.com\\\/app\\\/uploads\\\/2025\\\/12\\\/canfali_marina_alta_logo.png\",\"contentUrl\":\"https:\\\/\\\/canfali.com\\\/app\\\/uploads\\\/2025\\\/12\\\/canfali_marina_alta_logo.png\",\"width\":225,\"height\":225,\"caption\":\"Canfali\"},\"image\":{\"@id\":\"https:\\\/\\\/canfali.com\\\/ca-es\\\/#\\\/schema\\\/logo\\\/image\\\/\"},\"sameAs\":[\"https:\\\/\\\/es-es.facebook.com\\\/CANFALIMarinaAlta\",\"https:\\\/\\\/x.com\\\/canfalima\",\"https:\\\/\\\/www.instagram.com\\\/canfalimarinaalta\\\/\"]},{\"@type\":\"Person\",\"@id\":\"https:\\\/\\\/canfali.com\\\/ca-es\\\/#\\\/schema\\\/person\\\/5211f51be1ed486a218e6a4f53355b6d\",\"name\":\"D\u00eddac\",\"image\":{\"@type\":\"ImageObject\",\"inLanguage\":\"va-ES\",\"@id\":\"https:\\\/\\\/secure.gravatar.com\\\/avatar\\\/a68a2078c12da8a6dd6cff4f3f3f69f7eb69a2d31ac1aac4da61c3761e4557f4?s=96&d=mm&r=g\",\"url\":\"https:\\\/\\\/secure.gravatar.com\\\/avatar\\\/a68a2078c12da8a6dd6cff4f3f3f69f7eb69a2d31ac1aac4da61c3761e4557f4?s=96&d=mm&r=g\",\"contentUrl\":\"https:\\\/\\\/secure.gravatar.com\\\/avatar\\\/a68a2078c12da8a6dd6cff4f3f3f69f7eb69a2d31ac1aac4da61c3761e4557f4?s=96&d=mm&r=g\",\"caption\":\"D\u00eddac\"},\"url\":\"https:\\\/\\\/canfali.com\\\/ca-es\\\/author\\\/didac\\\/\"}]}<\/script>\n<!-- \/ Yoast SEO Premium plugin. -->","yoast_head_json":{"title":"Palau Altea presenta una nova temporada - Canfali","robots":{"index":"index","follow":"follow","max-snippet":"max-snippet:-1","max-image-preview":"max-image-preview:large","max-video-preview":"max-video-preview:-1"},"canonical":"https:\/\/canfali.com\/ca-es\/palau-altea-presenta-una-nova-temporada\/","og_locale":"en_US","og_type":"article","og_title":"Palau Altea presenta una nova temporada","og_description":"Hi ha emocions que nom\u00e9s ocorren quan s&#8217;apaguen els llums i comen\u00e7a la funci\u00f3. Hist\u00f2ries que fan riure,&hellip;","og_url":"https:\/\/canfali.com\/ca-es\/palau-altea-presenta-una-nova-temporada\/","og_site_name":"Canfali","article_publisher":"https:\/\/es-es.facebook.com\/CANFALIMarinaAlta","article_published_time":"2026-09-03T11:43:14+00:00","article_modified_time":"2026-09-03T11:47:26+00:00","og_image":[{"width":1028,"height":766,"url":"https:\/\/canfali.com\/app\/uploads\/2026\/09\/palau-altea.jpg","type":"image\/jpeg"}],"author":"D\u00eddac","twitter_card":"summary_large_image","twitter_creator":"@canfalima","twitter_site":"@canfalima","twitter_misc":{"Written by":"D\u00eddac","Est. reading time":"5 minutes"},"schema":{"@context":"https:\/\/schema.org","@graph":[{"@type":"NewsArticle","@id":"https:\/\/canfali.com\/ca-es\/palau-altea-presenta-una-nova-temporada\/#article","isPartOf":{"@id":"https:\/\/canfali.com\/ca-es\/palau-altea-presenta-una-nova-temporada\/"},"author":{"name":"D\u00eddac","@id":"https:\/\/canfali.com\/ca-es\/#\/schema\/person\/5211f51be1ed486a218e6a4f53355b6d"},"headline":"Palau Altea presenta una nova temporada","datePublished":"2026-09-03T11:43:14+00:00","dateModified":"2026-09-03T11:47:26+00:00","mainEntityOfPage":{"@id":"https:\/\/canfali.com\/ca-es\/palau-altea-presenta-una-nova-temporada\/"},"wordCount":953,"publisher":{"@id":"https:\/\/canfali.com\/ca-es\/#organization"},"image":{"@id":"https:\/\/canfali.com\/ca-es\/palau-altea-presenta-una-nova-temporada\/#primaryimage"},"thumbnailUrl":"https:\/\/canfali.com\/app\/uploads\/2026\/09\/palau-altea.jpg","keywords":["Altea","cultura.","m\u00fasica","Programaci\u00f3","teatro"],"articleSection":["Cultura"],"inLanguage":"va-ES","copyrightYear":"2026","copyrightHolder":{"@id":"https:\/\/canfali.com\/#organization"}},{"@type":"WebPage","@id":"https:\/\/canfali.com\/ca-es\/palau-altea-presenta-una-nova-temporada\/","url":"https:\/\/canfali.com\/ca-es\/palau-altea-presenta-una-nova-temporada\/","name":"Palau Altea presenta una nova temporada - Canfali","isPartOf":{"@id":"https:\/\/canfali.com\/ca-es\/#website"},"primaryImageOfPage":{"@id":"https:\/\/canfali.com\/ca-es\/palau-altea-presenta-una-nova-temporada\/#primaryimage"},"image":{"@id":"https:\/\/canfali.com\/ca-es\/palau-altea-presenta-una-nova-temporada\/#primaryimage"},"thumbnailUrl":"https:\/\/canfali.com\/app\/uploads\/2026\/09\/palau-altea.jpg","datePublished":"2026-09-03T11:43:14+00:00","dateModified":"2026-09-03T11:47:26+00:00","breadcrumb":{"@id":"https:\/\/canfali.com\/ca-es\/palau-altea-presenta-una-nova-temporada\/#breadcrumb"},"inLanguage":"va-ES","potentialAction":[{"@type":"ReadAction","target":["https:\/\/canfali.com\/ca-es\/palau-altea-presenta-una-nova-temporada\/"]}]},{"@type":"ImageObject","inLanguage":"va-ES","@id":"https:\/\/canfali.com\/ca-es\/palau-altea-presenta-una-nova-temporada\/#primaryimage","url":"https:\/\/canfali.com\/app\/uploads\/2026\/09\/palau-altea.jpg","contentUrl":"https:\/\/canfali.com\/app\/uploads\/2026\/09\/palau-altea.jpg","width":1028,"height":766},{"@type":"BreadcrumbList","@id":"https:\/\/canfali.com\/ca-es\/palau-altea-presenta-una-nova-temporada\/#breadcrumb","itemListElement":[{"@type":"ListItem","position":1,"name":"Portada","item":"https:\/\/canfali.com\/ca-es\/"},{"@type":"ListItem","position":2,"name":"Palau Altea presenta una nova temporada"}]},{"@type":"WebSite","@id":"https:\/\/canfali.com\/ca-es\/#website","url":"https:\/\/canfali.com\/ca-es\/","name":"Canfali","description":"","publisher":{"@id":"https:\/\/canfali.com\/ca-es\/#organization"},"potentialAction":[{"@type":"SearchAction","target":{"@type":"EntryPoint","urlTemplate":"https:\/\/canfali.com\/ca-es\/?s={search_term_string}"},"query-input":{"@type":"PropertyValueSpecification","valueRequired":true,"valueName":"search_term_string"}}],"inLanguage":"va-ES"},{"@type":"Organization","@id":"https:\/\/canfali.com\/ca-es\/#organization","name":"Canfali","url":"https:\/\/canfali.com\/ca-es\/","logo":{"@type":"ImageObject","inLanguage":"va-ES","@id":"https:\/\/canfali.com\/ca-es\/#\/schema\/logo\/image\/","url":"https:\/\/canfali.com\/app\/uploads\/2025\/12\/canfali_marina_alta_logo.png","contentUrl":"https:\/\/canfali.com\/app\/uploads\/2025\/12\/canfali_marina_alta_logo.png","width":225,"height":225,"caption":"Canfali"},"image":{"@id":"https:\/\/canfali.com\/ca-es\/#\/schema\/logo\/image\/"},"sameAs":["https:\/\/es-es.facebook.com\/CANFALIMarinaAlta","https:\/\/x.com\/canfalima","https:\/\/www.instagram.com\/canfalimarinaalta\/"]},{"@type":"Person","@id":"https:\/\/canfali.com\/ca-es\/#\/schema\/person\/5211f51be1ed486a218e6a4f53355b6d","name":"D\u00eddac","image":{"@type":"ImageObject","inLanguage":"va-ES","@id":"https:\/\/secure.gravatar.com\/avatar\/a68a2078c12da8a6dd6cff4f3f3f69f7eb69a2d31ac1aac4da61c3761e4557f4?s=96&d=mm&r=g","url":"https:\/\/secure.gravatar.com\/avatar\/a68a2078c12da8a6dd6cff4f3f3f69f7eb69a2d31ac1aac4da61c3761e4557f4?s=96&d=mm&r=g","contentUrl":"https:\/\/secure.gravatar.com\/avatar\/a68a2078c12da8a6dd6cff4f3f3f69f7eb69a2d31ac1aac4da61c3761e4557f4?s=96&d=mm&r=g","caption":"D\u00eddac"},"url":"https:\/\/canfali.com\/ca-es\/author\/didac\/"}]}},"_links":{"self":[{"href":"https:\/\/canfali.com\/ca-es\/wp-json\/wp\/v2\/posts\/111272","targetHints":{"allow":["GET"]}}],"collection":[{"href":"https:\/\/canfali.com\/ca-es\/wp-json\/wp\/v2\/posts"}],"about":[{"href":"https:\/\/canfali.com\/ca-es\/wp-json\/wp\/v2\/types\/post"}],"author":[{"embeddable":true,"href":"https:\/\/canfali.com\/ca-es\/wp-json\/wp\/v2\/users\/5"}],"replies":[{"embeddable":true,"href":"https:\/\/canfali.com\/ca-es\/wp-json\/wp\/v2\/comments?post=111272"}],"version-history":[{"count":1,"href":"https:\/\/canfali.com\/ca-es\/wp-json\/wp\/v2\/posts\/111272\/revisions"}],"predecessor-version":[{"id":111273,"href":"https:\/\/canfali.com\/ca-es\/wp-json\/wp\/v2\/posts\/111272\/revisions\/111273"}],"wp:featuredmedia":[{"embeddable":true,"href":"https:\/\/canfali.com\/ca-es\/wp-json\/wp\/v2\/media\/111268"}],"wp:attachment":[{"href":"https:\/\/canfali.com\/ca-es\/wp-json\/wp\/v2\/media?parent=111272"}],"wp:term":[{"taxonomy":"category","embeddable":true,"href":"https:\/\/canfali.com\/ca-es\/wp-json\/wp\/v2\/categories?post=111272"},{"taxonomy":"post_tag","embeddable":true,"href":"https:\/\/canfali.com\/ca-es\/wp-json\/wp\/v2\/tags?post=111272"},{"taxonomy":"poblacion","embeddable":true,"href":"https:\/\/canfali.com\/ca-es\/wp-json\/wp\/v2\/poblacion?post=111272"}],"curies":[{"name":"wp","href":"https:\/\/api.w.org\/{rel}","templated":true}]}}