{"id":111270,"date":"2026-09-03T13:46:00","date_gmt":"2026-09-03T11:46:00","guid":{"rendered":"https:\/\/canfali.com\/dna-reunira-a-ferran-adria-paco-roncero-i-susi-diaz\/"},"modified":"2026-09-03T13:46:03","modified_gmt":"2026-09-03T11:46:03","slug":"dna-reunira-a-ferran-adria-paco-roncero-i-susi-diaz","status":"publish","type":"post","link":"https:\/\/canfali.com\/ca-es\/dna-reunira-a-ferran-adria-paco-roncero-i-susi-diaz\/","title":{"rendered":"D*na reunir\u00e0 a Ferran Adri\u00e0, Paco Roncero i Susi Diaz"},"content":{"rendered":"\n<p class=\"wp-block-paragraph\"><\/p>\n\n<figure class=\"wp-block-pullquote\"><blockquote><p>El festival se celebrar\u00e0 el 26 i 27 d&#8217;este mes en una edici\u00f3 centrada en la transmisi\u00f3 del coneixement gastron\u00f2mic <\/p><\/blockquote><\/figure>\n\n<p class=\"wp-block-paragraph\">Ferran Adri\u00e0, Paco Roncero, Susi D\u00edaz, \u00d3scar Molina o Paola Freire s\u00f3n alguns dels protagonistes de Dna Festival Gastron\u00f3mic 2026, que els pr\u00f2xims dies 26 i 27 tornar\u00e0 a reunir a D\u00e9nia a grans noms de la gastronomia, cuiners emergents, productors, restauradors i artesans, en un cap de setmana de propostes i activitats obertes al p\u00fablic.<br\/>Sota la direcci\u00f3 creativa del xef tres estreles Michelin Quique Dacosta, la novena edici\u00f3 de Dna posa l&#8217;accent en la transmissi\u00f3 del coneixement gastron\u00f2mic, des de l&#8217;aprenentatge entre cuiners fins als llibres com a ferramentes d&#8217;eixe llegat compartit. Sobre eixa relaci\u00f3 entre experi\u00e8ncia i paraula escrita han conversat hui Quique Dacosta, Vicky Sevilla, xef d&#8217;Arrels a Sagunt, i David Figueras, editor de Planeta Gastro, en la presentaci\u00f3 del festival i que tamb\u00e9 ha comptat amb la participaci\u00f3 de Jos\u00e9 Manuel Camarero, secretari auton\u00f2mic de Turisme de la Generalitat Valenciana, i Rafael Carri\u00f3, president de la Fundaci\u00f3 D\u00e9nia Ciutat Creativa de la Gastronomia i alcalde de D\u00e9nia.<br\/><br\/>\u00a0<\/p>\n\n<p class=\"wp-block-paragraph\">Dacosta ha explicat que Dna va n\u00e0ixer amb la voluntat d&#8217;obrir al p\u00fablic el coneixement que es genera en les cuines i fer que circule m\u00e9s enll\u00e0 dels grans restaurants. \u201cVolem democratitzar els coneixements que sorgixen de l&#8217;alta cuina perqu\u00e8 puguen servir tamb\u00e9 als qui cuinen a les seues cases\u201d, ha assenyalat el xef.<br\/>Entre els grans protagonistes d&#8217;esta edici\u00f3 estar\u00e0 Ferran Adri\u00e0, una de les figures m\u00e9s influents de la gastronomia contempor\u00e0nia, que acostar\u00e0 al p\u00fablic del Dna la seua particular manera d&#8217;entendre la cuina i la creativitat. Dacosta ha destacat que Adri\u00e0 ser\u00e0 el convidat estrela d&#8217;esta edici\u00f3 per \u201cel seu lideratge en la transformaci\u00f3 de la cuina espanyola i per haver sigut un dels cuiners que va tindre clar que el coneixement s&#8217;havia de donar d&#8217;una manera oberta perqu\u00e8 la cuina poguera continuar evolucionant\u201d.<br\/>Al costat d&#8217;Adri\u00e0, el festival reunir\u00e0 formes molt diferents d&#8217;entendre la cuina. Paco Roncero, al capdavant de Paco Roncero Restaurant, a Madrid, arribar\u00e0 a D\u00e9nia amb una traject\u00f2ria marcada per la investigaci\u00f3 i l&#8217;avantguarda, mentres que Susi D\u00edaz, xef de La Finca, a Elx, representa una cuina lligada al producte mediterrani. Des d&#8217;Eivissa se sumar\u00e0 \u00d3scar Molina, xef de La Gaia, i des de Portugal, David F. Jes\u00fas, de Seiva, amb una proposta centrada en el m\u00f3n vegetal.<br\/><br\/>\u00a0<\/p>\n\n<p class=\"wp-block-paragraph\">La cuina m\u00e9s pr\u00f2xima al territori arribar\u00e0 de la m\u00e0 d&#8217;Ausi\u00e0s Signes, d&#8217;Ausi\u00e0s Restaurant, a Pedreguer; Bruno Ruiz, d&#8217;Aticcook, a D\u00e9nia; Jos\u00e9 Manuel L\u00f3pez, de CaSeko, tamb\u00e9 a D\u00e9nia; Nazario Cano, de Nazario Cano Restaurante, en Moraira, i Kristian Lutaud, cuiner vinculat a la hist\u00f2ria d&#8217;elBulli i des de fa anys a la gastronomia de la Marina Alta. El cartell s&#8217;obri a m\u00e9s a altres maneres de comptar la gastronomia amb Paola Freire, creadora de Foodtropia, i Anna Terr\u00e9s, d&#8217;Anna Receptes F\u00e0cils, que han trobat en els canals digitals una altra manera d&#8217;ensenyar i divulgar la cuina.<br\/>Durant dos dies, la Marineta Cassiana de D\u00e9nia tornar\u00e0 a transformar-se en una gran taula enfront del Mediterrani. M\u00e9s de 800 metres de recorregut permetran passar dels showcookings d&#8217;alguns dels grans noms de la cuina a demostracions en directe, tallers oberts al p\u00fablic, tastos i trobades amb els qui produ\u00efxen i cuinen cada dia en el territori.<br\/>El rebost que sost\u00e9 bona part d&#8217;eixa cuina es mostrar\u00e0 a trav\u00e9s dels llocs de 24 productors, 20 establiments de restauraci\u00f3 i tres espais dedicats a l&#8217;arr\u00f2s com a representaci\u00f3 dels productes de la Marina Alta i la Comunitat Valenciana. A ells s&#8217;unir\u00e0 Matosinhos, ciutat portuguesa convidada a Dna 2026 com a membre de la Xarxa de Ciutats Creatives de la Gastronomia de la UNESCO, a la qual D\u00e9nia pertany des de 2015.<br\/><br\/>\u00a0<\/p>\n\n<p class=\"wp-block-paragraph\">L&#8217;alcalde de D\u00e9nia i president de la Fundaci\u00f3 D\u00e9nia Ciutat Creativa de la Gastronomia, Rafa Carri\u00f3, ha destacat que esta novena edici\u00f3 \u00abrepresenta molt b\u00e9 l&#8217;ess\u00e8ncia del Dna: compartir la gastronomia, el nostre producte i tot el coneixement que hi ha darrere amb la gent\u00bb. Carri\u00f3 ha subratllat tamb\u00e9 la dimensi\u00f3 de l&#8217;esdeveniment. \u00abDurant dos dies tindrem 32 tallers i 10 pon\u00e8ncies en l&#8217;Escenari de la Mar, per\u00f2 darrere de totes estes xifres hi ha una mateixa idea: aprendre, provar, descobrir i, sobretot, compartir\u00bb.<br\/>Per part seua, el secretari auton\u00f2mic de Turisme, Jos\u00e9 Manuel Camarero, ha assenyalat que Dna \u201c\u00e9s molt m\u00e9s que un esdeveniment gastron\u00f2mic\u201d i ha posat en valor una edici\u00f3 que parla de \u201crecuperar la cultura, les tradicions i, sobretot, de la transmissi\u00f3 de les receptes i del coneixement\u201d. Una manera d&#8217;entendre la gastronomia que, segons Cambrer, representa tamb\u00e9 \u201cel turisme que volem, lligat als productes, les tradicions i la identitat de la Comunitat Valenciana\u201d.<br\/>Dna tornar\u00e0 aix\u00ed a convertir la Marineta Cassiana en una gran taula oberta enfront del Mediterrani, on els qui cuinen, produ\u00efxen i treballen al voltant de la gastronomia podran compartir de prop la seua experi\u00e8ncia amb els milers de visitants que s&#8217;acosten cada any a esta gran cita del calendari gastron\u00f2mic<\/p>\n\n<figure class=\"wp-block-image size-large\"><img fetchpriority=\"high\" decoding=\"async\" width=\"1600\" height=\"1067\" src=\"https:\/\/canfali.com\/app\/uploads\/2026\/09\/vEOoBPbQ.jpeg\" alt=\"\" class=\"wp-image-111263\" srcset=\"https:\/\/canfali.com\/app\/uploads\/2026\/09\/vEOoBPbQ.jpeg 1600w, https:\/\/canfali.com\/app\/uploads\/2026\/09\/vEOoBPbQ-300x200.jpeg 300w, https:\/\/canfali.com\/app\/uploads\/2026\/09\/vEOoBPbQ-768x512.jpeg 768w, https:\/\/canfali.com\/app\/uploads\/2026\/09\/vEOoBPbQ-1024x683.jpeg 1024w, https:\/\/canfali.com\/app\/uploads\/2026\/09\/vEOoBPbQ-1536x1024.jpeg 1536w, https:\/\/canfali.com\/app\/uploads\/2026\/09\/vEOoBPbQ-332x221.jpeg 332w, https:\/\/canfali.com\/app\/uploads\/2026\/09\/vEOoBPbQ-663x442.jpeg 663w, https:\/\/canfali.com\/app\/uploads\/2026\/09\/vEOoBPbQ-687x458.jpeg 687w, https:\/\/canfali.com\/app\/uploads\/2026\/09\/vEOoBPbQ-1044x696.jpeg 1044w, https:\/\/canfali.com\/app\/uploads\/2026\/09\/vEOoBPbQ-1399x933.jpeg 1399w\" sizes=\"(max-width: 1600px) 100vw, 1600px\" \/><\/figure>\n","protected":false},"excerpt":{"rendered":"El festival se celebrar\u00e0 el 26 i 27 d&#8217;este mes en una edici\u00f3 centrada en la transmisi\u00f3 del&hellip;","protected":false},"author":7,"featured_media":111262,"comment_status":"closed","ping_status":"open","sticky":false,"template":"","format":"standard","meta":{"csco_display_header_overlay":false,"csco_singular_sidebar":"","csco_page_header_type":"","csco_page_load_nextpost":"","csco_post_video_location":[],"csco_post_video_location_hash":"","csco_post_video_url":"","csco_post_video_bg_start_time":0,"csco_post_video_bg_end_time":0,"footnotes":""},"categories":[],"tags":[],"poblacion":[],"class_list":["post-111270","post","type-post","status-publish","format-standard","has-post-thumbnail","cs-entry","cs-video-wrap"],"yoast_head":"<!-- This site is optimized with the Yoast SEO Premium plugin v26.6 (Yoast SEO v27.3) - https:\/\/yoast.com\/product\/yoast-seo-premium-wordpress\/ -->\n<title>D*na reunir\u00e0 a Ferran Adri\u00e0, Paco Roncero i Susi Diaz - Canfali<\/title>\n<meta name=\"robots\" content=\"index, follow, max-snippet:-1, max-image-preview:large, max-video-preview:-1\" \/>\n<link rel=\"canonical\" href=\"https:\/\/canfali.com\/ca-es\/dna-reunira-a-ferran-adria-paco-roncero-i-susi-diaz\/\" \/>\n<meta property=\"og:locale\" content=\"en_US\" \/>\n<meta property=\"og:type\" content=\"article\" \/>\n<meta property=\"og:title\" content=\"D*na reunir\u00e0 a Ferran Adri\u00e0, Paco Roncero i Susi Diaz\" \/>\n<meta property=\"og:description\" content=\"El festival se celebrar\u00e0 el 26 i 27 d&#8217;este mes en una edici\u00f3 centrada en la transmisi\u00f3 del&hellip;\" \/>\n<meta property=\"og:url\" content=\"https:\/\/canfali.com\/ca-es\/dna-reunira-a-ferran-adria-paco-roncero-i-susi-diaz\/\" \/>\n<meta property=\"og:site_name\" content=\"Canfali\" \/>\n<meta property=\"article:publisher\" content=\"https:\/\/es-es.facebook.com\/CANFALIMarinaAlta\" \/>\n<meta property=\"article:published_time\" content=\"2026-09-03T11:46:00+00:00\" \/>\n<meta property=\"article:modified_time\" content=\"2026-09-03T11:46:03+00:00\" \/>\n<meta property=\"og:image\" content=\"https:\/\/canfali.com\/app\/uploads\/2026\/09\/Rueda-de-prensa-presentacion-DNA-festival-2026-scaled.jpg\" \/>\n\t<meta property=\"og:image:width\" content=\"2560\" \/>\n\t<meta property=\"og:image:height\" content=\"1707\" \/>\n\t<meta property=\"og:image:type\" content=\"image\/jpeg\" \/>\n<meta name=\"author\" content=\"Bolta\" \/>\n<meta name=\"twitter:card\" content=\"summary_large_image\" \/>\n<meta name=\"twitter:creator\" content=\"@canfalima\" \/>\n<meta name=\"twitter:site\" content=\"@canfalima\" \/>\n<meta name=\"twitter:label1\" content=\"Written by\" \/>\n\t<meta name=\"twitter:data1\" content=\"Bolta\" \/>\n\t<meta name=\"twitter:label2\" content=\"Est. reading time\" \/>\n\t<meta name=\"twitter:data2\" content=\"4 minutes\" \/>\n<script type=\"application\/ld+json\" class=\"yoast-schema-graph\">{\"@context\":\"https:\\\/\\\/schema.org\",\"@graph\":[{\"@type\":\"NewsArticle\",\"@id\":\"https:\\\/\\\/canfali.com\\\/ca-es\\\/dna-reunira-a-ferran-adria-paco-roncero-i-susi-diaz\\\/#article\",\"isPartOf\":{\"@id\":\"https:\\\/\\\/canfali.com\\\/ca-es\\\/dna-reunira-a-ferran-adria-paco-roncero-i-susi-diaz\\\/\"},\"author\":{\"name\":\"Bolta\",\"@id\":\"https:\\\/\\\/canfali.com\\\/ca-es\\\/#\\\/schema\\\/person\\\/9c651adc904f3c4e0243f54407751557\"},\"headline\":\"D*na reunir\u00e0 a Ferran Adri\u00e0, Paco Roncero i Susi Diaz\",\"datePublished\":\"2026-09-03T11:46:00+00:00\",\"dateModified\":\"2026-09-03T11:46:03+00:00\",\"mainEntityOfPage\":{\"@id\":\"https:\\\/\\\/canfali.com\\\/ca-es\\\/dna-reunira-a-ferran-adria-paco-roncero-i-susi-diaz\\\/\"},\"wordCount\":916,\"publisher\":{\"@id\":\"https:\\\/\\\/canfali.com\\\/ca-es\\\/#organization\"},\"image\":{\"@id\":\"https:\\\/\\\/canfali.com\\\/ca-es\\\/dna-reunira-a-ferran-adria-paco-roncero-i-susi-diaz\\\/#primaryimage\"},\"thumbnailUrl\":\"https:\\\/\\\/canfali.com\\\/app\\\/uploads\\\/2026\\\/09\\\/Rueda-de-prensa-presentacion-DNA-festival-2026-scaled.jpg\",\"inLanguage\":\"va-ES\",\"copyrightYear\":\"2026\",\"copyrightHolder\":{\"@id\":\"https:\\\/\\\/canfali.com\\\/#organization\"}},{\"@type\":\"WebPage\",\"@id\":\"https:\\\/\\\/canfali.com\\\/ca-es\\\/dna-reunira-a-ferran-adria-paco-roncero-i-susi-diaz\\\/\",\"url\":\"https:\\\/\\\/canfali.com\\\/ca-es\\\/dna-reunira-a-ferran-adria-paco-roncero-i-susi-diaz\\\/\",\"name\":\"D*na reunir\u00e0 a Ferran Adri\u00e0, Paco Roncero i Susi Diaz - Canfali\",\"isPartOf\":{\"@id\":\"https:\\\/\\\/canfali.com\\\/ca-es\\\/#website\"},\"primaryImageOfPage\":{\"@id\":\"https:\\\/\\\/canfali.com\\\/ca-es\\\/dna-reunira-a-ferran-adria-paco-roncero-i-susi-diaz\\\/#primaryimage\"},\"image\":{\"@id\":\"https:\\\/\\\/canfali.com\\\/ca-es\\\/dna-reunira-a-ferran-adria-paco-roncero-i-susi-diaz\\\/#primaryimage\"},\"thumbnailUrl\":\"https:\\\/\\\/canfali.com\\\/app\\\/uploads\\\/2026\\\/09\\\/Rueda-de-prensa-presentacion-DNA-festival-2026-scaled.jpg\",\"datePublished\":\"2026-09-03T11:46:00+00:00\",\"dateModified\":\"2026-09-03T11:46:03+00:00\",\"breadcrumb\":{\"@id\":\"https:\\\/\\\/canfali.com\\\/ca-es\\\/dna-reunira-a-ferran-adria-paco-roncero-i-susi-diaz\\\/#breadcrumb\"},\"inLanguage\":\"va-ES\",\"potentialAction\":[{\"@type\":\"ReadAction\",\"target\":[\"https:\\\/\\\/canfali.com\\\/ca-es\\\/dna-reunira-a-ferran-adria-paco-roncero-i-susi-diaz\\\/\"]}]},{\"@type\":\"ImageObject\",\"inLanguage\":\"va-ES\",\"@id\":\"https:\\\/\\\/canfali.com\\\/ca-es\\\/dna-reunira-a-ferran-adria-paco-roncero-i-susi-diaz\\\/#primaryimage\",\"url\":\"https:\\\/\\\/canfali.com\\\/app\\\/uploads\\\/2026\\\/09\\\/Rueda-de-prensa-presentacion-DNA-festival-2026-scaled.jpg\",\"contentUrl\":\"https:\\\/\\\/canfali.com\\\/app\\\/uploads\\\/2026\\\/09\\\/Rueda-de-prensa-presentacion-DNA-festival-2026-scaled.jpg\",\"width\":2560,\"height\":1707},{\"@type\":\"BreadcrumbList\",\"@id\":\"https:\\\/\\\/canfali.com\\\/ca-es\\\/dna-reunira-a-ferran-adria-paco-roncero-i-susi-diaz\\\/#breadcrumb\",\"itemListElement\":[{\"@type\":\"ListItem\",\"position\":1,\"name\":\"Portada\",\"item\":\"https:\\\/\\\/canfali.com\\\/ca-es\\\/\"},{\"@type\":\"ListItem\",\"position\":2,\"name\":\"D*na reunir\u00e0 a Ferran Adri\u00e0, Paco Roncero i Susi Diaz\"}]},{\"@type\":\"WebSite\",\"@id\":\"https:\\\/\\\/canfali.com\\\/ca-es\\\/#website\",\"url\":\"https:\\\/\\\/canfali.com\\\/ca-es\\\/\",\"name\":\"Canfali\",\"description\":\"\",\"publisher\":{\"@id\":\"https:\\\/\\\/canfali.com\\\/ca-es\\\/#organization\"},\"potentialAction\":[{\"@type\":\"SearchAction\",\"target\":{\"@type\":\"EntryPoint\",\"urlTemplate\":\"https:\\\/\\\/canfali.com\\\/ca-es\\\/?s={search_term_string}\"},\"query-input\":{\"@type\":\"PropertyValueSpecification\",\"valueRequired\":true,\"valueName\":\"search_term_string\"}}],\"inLanguage\":\"va-ES\"},{\"@type\":\"Organization\",\"@id\":\"https:\\\/\\\/canfali.com\\\/ca-es\\\/#organization\",\"name\":\"Canfali\",\"url\":\"https:\\\/\\\/canfali.com\\\/ca-es\\\/\",\"logo\":{\"@type\":\"ImageObject\",\"inLanguage\":\"va-ES\",\"@id\":\"https:\\\/\\\/canfali.com\\\/ca-es\\\/#\\\/schema\\\/logo\\\/image\\\/\",\"url\":\"https:\\\/\\\/canfali.com\\\/app\\\/uploads\\\/2025\\\/12\\\/canfali_marina_alta_logo.png\",\"contentUrl\":\"https:\\\/\\\/canfali.com\\\/app\\\/uploads\\\/2025\\\/12\\\/canfali_marina_alta_logo.png\",\"width\":225,\"height\":225,\"caption\":\"Canfali\"},\"image\":{\"@id\":\"https:\\\/\\\/canfali.com\\\/ca-es\\\/#\\\/schema\\\/logo\\\/image\\\/\"},\"sameAs\":[\"https:\\\/\\\/es-es.facebook.com\\\/CANFALIMarinaAlta\",\"https:\\\/\\\/x.com\\\/canfalima\",\"https:\\\/\\\/www.instagram.com\\\/canfalimarinaalta\\\/\"]},{\"@type\":\"Person\",\"@id\":\"https:\\\/\\\/canfali.com\\\/ca-es\\\/#\\\/schema\\\/person\\\/9c651adc904f3c4e0243f54407751557\",\"name\":\"Bolta\",\"image\":{\"@type\":\"ImageObject\",\"inLanguage\":\"va-ES\",\"@id\":\"https:\\\/\\\/secure.gravatar.com\\\/avatar\\\/550a5d97fe3cfba5caf077b9600e46529e1977e9d14396836e775d6d9d895a81?s=96&d=mm&r=g\",\"url\":\"https:\\\/\\\/secure.gravatar.com\\\/avatar\\\/550a5d97fe3cfba5caf077b9600e46529e1977e9d14396836e775d6d9d895a81?s=96&d=mm&r=g\",\"contentUrl\":\"https:\\\/\\\/secure.gravatar.com\\\/avatar\\\/550a5d97fe3cfba5caf077b9600e46529e1977e9d14396836e775d6d9d895a81?s=96&d=mm&r=g\",\"caption\":\"Bolta\"},\"url\":\"https:\\\/\\\/canfali.com\\\/ca-es\\\/author\\\/bolta\\\/\"}]}<\/script>\n<!-- \/ Yoast SEO Premium plugin. -->","yoast_head_json":{"title":"D*na reunir\u00e0 a Ferran Adri\u00e0, Paco Roncero i Susi Diaz - Canfali","robots":{"index":"index","follow":"follow","max-snippet":"max-snippet:-1","max-image-preview":"max-image-preview:large","max-video-preview":"max-video-preview:-1"},"canonical":"https:\/\/canfali.com\/ca-es\/dna-reunira-a-ferran-adria-paco-roncero-i-susi-diaz\/","og_locale":"en_US","og_type":"article","og_title":"D*na reunir\u00e0 a Ferran Adri\u00e0, Paco Roncero i Susi Diaz","og_description":"El festival se celebrar\u00e0 el 26 i 27 d&#8217;este mes en una edici\u00f3 centrada en la transmisi\u00f3 del&hellip;","og_url":"https:\/\/canfali.com\/ca-es\/dna-reunira-a-ferran-adria-paco-roncero-i-susi-diaz\/","og_site_name":"Canfali","article_publisher":"https:\/\/es-es.facebook.com\/CANFALIMarinaAlta","article_published_time":"2026-09-03T11:46:00+00:00","article_modified_time":"2026-09-03T11:46:03+00:00","og_image":[{"width":2560,"height":1707,"url":"https:\/\/canfali.com\/app\/uploads\/2026\/09\/Rueda-de-prensa-presentacion-DNA-festival-2026-scaled.jpg","type":"image\/jpeg"}],"author":"Bolta","twitter_card":"summary_large_image","twitter_creator":"@canfalima","twitter_site":"@canfalima","twitter_misc":{"Written by":"Bolta","Est. reading time":"4 minutes"},"schema":{"@context":"https:\/\/schema.org","@graph":[{"@type":"NewsArticle","@id":"https:\/\/canfali.com\/ca-es\/dna-reunira-a-ferran-adria-paco-roncero-i-susi-diaz\/#article","isPartOf":{"@id":"https:\/\/canfali.com\/ca-es\/dna-reunira-a-ferran-adria-paco-roncero-i-susi-diaz\/"},"author":{"name":"Bolta","@id":"https:\/\/canfali.com\/ca-es\/#\/schema\/person\/9c651adc904f3c4e0243f54407751557"},"headline":"D*na reunir\u00e0 a Ferran Adri\u00e0, Paco Roncero i Susi Diaz","datePublished":"2026-09-03T11:46:00+00:00","dateModified":"2026-09-03T11:46:03+00:00","mainEntityOfPage":{"@id":"https:\/\/canfali.com\/ca-es\/dna-reunira-a-ferran-adria-paco-roncero-i-susi-diaz\/"},"wordCount":916,"publisher":{"@id":"https:\/\/canfali.com\/ca-es\/#organization"},"image":{"@id":"https:\/\/canfali.com\/ca-es\/dna-reunira-a-ferran-adria-paco-roncero-i-susi-diaz\/#primaryimage"},"thumbnailUrl":"https:\/\/canfali.com\/app\/uploads\/2026\/09\/Rueda-de-prensa-presentacion-DNA-festival-2026-scaled.jpg","inLanguage":"va-ES","copyrightYear":"2026","copyrightHolder":{"@id":"https:\/\/canfali.com\/#organization"}},{"@type":"WebPage","@id":"https:\/\/canfali.com\/ca-es\/dna-reunira-a-ferran-adria-paco-roncero-i-susi-diaz\/","url":"https:\/\/canfali.com\/ca-es\/dna-reunira-a-ferran-adria-paco-roncero-i-susi-diaz\/","name":"D*na reunir\u00e0 a Ferran Adri\u00e0, Paco Roncero i Susi Diaz - Canfali","isPartOf":{"@id":"https:\/\/canfali.com\/ca-es\/#website"},"primaryImageOfPage":{"@id":"https:\/\/canfali.com\/ca-es\/dna-reunira-a-ferran-adria-paco-roncero-i-susi-diaz\/#primaryimage"},"image":{"@id":"https:\/\/canfali.com\/ca-es\/dna-reunira-a-ferran-adria-paco-roncero-i-susi-diaz\/#primaryimage"},"thumbnailUrl":"https:\/\/canfali.com\/app\/uploads\/2026\/09\/Rueda-de-prensa-presentacion-DNA-festival-2026-scaled.jpg","datePublished":"2026-09-03T11:46:00+00:00","dateModified":"2026-09-03T11:46:03+00:00","breadcrumb":{"@id":"https:\/\/canfali.com\/ca-es\/dna-reunira-a-ferran-adria-paco-roncero-i-susi-diaz\/#breadcrumb"},"inLanguage":"va-ES","potentialAction":[{"@type":"ReadAction","target":["https:\/\/canfali.com\/ca-es\/dna-reunira-a-ferran-adria-paco-roncero-i-susi-diaz\/"]}]},{"@type":"ImageObject","inLanguage":"va-ES","@id":"https:\/\/canfali.com\/ca-es\/dna-reunira-a-ferran-adria-paco-roncero-i-susi-diaz\/#primaryimage","url":"https:\/\/canfali.com\/app\/uploads\/2026\/09\/Rueda-de-prensa-presentacion-DNA-festival-2026-scaled.jpg","contentUrl":"https:\/\/canfali.com\/app\/uploads\/2026\/09\/Rueda-de-prensa-presentacion-DNA-festival-2026-scaled.jpg","width":2560,"height":1707},{"@type":"BreadcrumbList","@id":"https:\/\/canfali.com\/ca-es\/dna-reunira-a-ferran-adria-paco-roncero-i-susi-diaz\/#breadcrumb","itemListElement":[{"@type":"ListItem","position":1,"name":"Portada","item":"https:\/\/canfali.com\/ca-es\/"},{"@type":"ListItem","position":2,"name":"D*na reunir\u00e0 a Ferran Adri\u00e0, Paco Roncero i Susi Diaz"}]},{"@type":"WebSite","@id":"https:\/\/canfali.com\/ca-es\/#website","url":"https:\/\/canfali.com\/ca-es\/","name":"Canfali","description":"","publisher":{"@id":"https:\/\/canfali.com\/ca-es\/#organization"},"potentialAction":[{"@type":"SearchAction","target":{"@type":"EntryPoint","urlTemplate":"https:\/\/canfali.com\/ca-es\/?s={search_term_string}"},"query-input":{"@type":"PropertyValueSpecification","valueRequired":true,"valueName":"search_term_string"}}],"inLanguage":"va-ES"},{"@type":"Organization","@id":"https:\/\/canfali.com\/ca-es\/#organization","name":"Canfali","url":"https:\/\/canfali.com\/ca-es\/","logo":{"@type":"ImageObject","inLanguage":"va-ES","@id":"https:\/\/canfali.com\/ca-es\/#\/schema\/logo\/image\/","url":"https:\/\/canfali.com\/app\/uploads\/2025\/12\/canfali_marina_alta_logo.png","contentUrl":"https:\/\/canfali.com\/app\/uploads\/2025\/12\/canfali_marina_alta_logo.png","width":225,"height":225,"caption":"Canfali"},"image":{"@id":"https:\/\/canfali.com\/ca-es\/#\/schema\/logo\/image\/"},"sameAs":["https:\/\/es-es.facebook.com\/CANFALIMarinaAlta","https:\/\/x.com\/canfalima","https:\/\/www.instagram.com\/canfalimarinaalta\/"]},{"@type":"Person","@id":"https:\/\/canfali.com\/ca-es\/#\/schema\/person\/9c651adc904f3c4e0243f54407751557","name":"Bolta","image":{"@type":"ImageObject","inLanguage":"va-ES","@id":"https:\/\/secure.gravatar.com\/avatar\/550a5d97fe3cfba5caf077b9600e46529e1977e9d14396836e775d6d9d895a81?s=96&d=mm&r=g","url":"https:\/\/secure.gravatar.com\/avatar\/550a5d97fe3cfba5caf077b9600e46529e1977e9d14396836e775d6d9d895a81?s=96&d=mm&r=g","contentUrl":"https:\/\/secure.gravatar.com\/avatar\/550a5d97fe3cfba5caf077b9600e46529e1977e9d14396836e775d6d9d895a81?s=96&d=mm&r=g","caption":"Bolta"},"url":"https:\/\/canfali.com\/ca-es\/author\/bolta\/"}]}},"_links":{"self":[{"href":"https:\/\/canfali.com\/ca-es\/wp-json\/wp\/v2\/posts\/111270","targetHints":{"allow":["GET"]}}],"collection":[{"href":"https:\/\/canfali.com\/ca-es\/wp-json\/wp\/v2\/posts"}],"about":[{"href":"https:\/\/canfali.com\/ca-es\/wp-json\/wp\/v2\/types\/post"}],"author":[{"embeddable":true,"href":"https:\/\/canfali.com\/ca-es\/wp-json\/wp\/v2\/users\/7"}],"replies":[{"embeddable":true,"href":"https:\/\/canfali.com\/ca-es\/wp-json\/wp\/v2\/comments?post=111270"}],"version-history":[{"count":1,"href":"https:\/\/canfali.com\/ca-es\/wp-json\/wp\/v2\/posts\/111270\/revisions"}],"predecessor-version":[{"id":111271,"href":"https:\/\/canfali.com\/ca-es\/wp-json\/wp\/v2\/posts\/111270\/revisions\/111271"}],"wp:featuredmedia":[{"embeddable":true,"href":"https:\/\/canfali.com\/ca-es\/wp-json\/wp\/v2\/media\/111262"}],"wp:attachment":[{"href":"https:\/\/canfali.com\/ca-es\/wp-json\/wp\/v2\/media?parent=111270"}],"wp:term":[{"taxonomy":"category","embeddable":true,"href":"https:\/\/canfali.com\/ca-es\/wp-json\/wp\/v2\/categories?post=111270"},{"taxonomy":"post_tag","embeddable":true,"href":"https:\/\/canfali.com\/ca-es\/wp-json\/wp\/v2\/tags?post=111270"},{"taxonomy":"poblacion","embeddable":true,"href":"https:\/\/canfali.com\/ca-es\/wp-json\/wp\/v2\/poblacion?post=111270"}],"curies":[{"name":"wp","href":"https:\/\/api.w.org\/{rel}","templated":true}]}}