{"id":111258,"date":"2026-09-03T13:11:34","date_gmt":"2026-09-03T11:11:34","guid":{"rendered":"https:\/\/canfali.com\/massives-concentracions-en-solidaritat-amb-ceuta-i-dures-critiques-a-la-gestio-migratoria-del-govern-despanya\/"},"modified":"2026-09-03T13:16:03","modified_gmt":"2026-09-03T11:16:03","slug":"massives-concentracions-en-solidaritat-amb-ceuta-i-dures-critiques-a-la-gestio-migratoria-del-govern-despanya","status":"publish","type":"post","link":"https:\/\/canfali.com\/ca-es\/massives-concentracions-en-solidaritat-amb-ceuta-i-dures-critiques-a-la-gestio-migratoria-del-govern-despanya\/","title":{"rendered":"Massives concentracions en solidaritat amb Ceuta i dures cr\u00edtiques a la gesti\u00f3 migr\u00e0toria del govern d&#8217;Espanya"},"content":{"rendered":"\n<p class=\"wp-block-paragraph\"><\/p>\n\n<p class=\"wp-block-paragraph\"><\/p>\n\n<p class=\"wp-block-paragraph\">Milers de ve\u00efns es van concentrar el dimecres a D\u00e9nia, X\u00e0bia , Calp i Teulada per a mostrar la seua solidaritat amb Ceuta davant la seua crisi migrat\u00f2ria, en uns actes reivindicatius que van combinar la defensa de la unitat territorial d&#8217;Espanya. Va haver-hi a m\u00e9s dures proclames i cr\u00edtiques contra l&#8217;executiu central. Va haver-hi alguns moments de tensi\u00f3 i esbroncs institucionals a Calp a causa de la polaritzaci\u00f3 pol\u00edtica entorn de la convocat\u00f2ria.&#13;\n&#13;\nEls actes van ser convocats per la Federaci\u00f3 Espanyola de Municipis i Prov\u00edncies (FEMP), encara que l&#8217;Ajuntament de D\u00e9nia no es va adherir. No obstant aix\u00f2, PP i VOX van fer una crida a trav\u00e9s de les xarxes socials i els mitjans de comunicaci\u00f3 perqu\u00e8 la gent assistira a la mobilitzaci\u00f3. Per contra, l&#8217;alcalde, Rafa Carri\u00f3, de Comprom\u00eds, va difondre un v\u00eddeo afirmant que este tipus d&#8217;accions han de sorgir des del consens entre les diferents sensibilitats municipals. L&#8217;alcalde sost\u00e9 que l&#8217;Ajuntament ha de mantindre&#8217;s com un espai de trobada i conviv\u00e8ncia, fins i tot quan existixen difer\u00e8ncies pol\u00edtiques, i no convertir-se en un escenari de confrontaci\u00f3. Per aix\u00f2, va aclarir que l&#8217;Ajuntament de D\u00e9nia no ha convocat oficialment cap concentraci\u00f3 per al Dia de Ceuta ni s&#8217;ha adherit a la proposta de la FEMP. No obstant aix\u00f2, Carri\u00f3 va insistir que esta decisi\u00f3 no suposa romandre al marge de la situaci\u00f3. En este sentit, ha reafirmat el suport de D\u00e9nia a la ciutadania de Ceuta i ha def\u00e9s una postura ferma enfront de qualsevol discurs que fomente l&#8217;odi o el racisme.&#13;\n&#13;\n\u201cINVASORS A MONCLOA\u201d&#13;\n&#13;\nLa pla\u00e7a de la Constituci\u00f3 de D\u00e9nia es va abarrotar de ve\u00efns i residents procedents d&#8217;altres comunitats aut\u00f2nomes que encara es troben de vacacions, en resposta a la convocat\u00f2ria de suport a la ciutat aut\u00f2noma de Ceuta. L&#8217;acte va transc\u00f3rrer en un clima d&#8217;elevada intensitat reivindicativa, centrat en la defensa de la unitat territorial d&#8217;Espanya, i va estar marcat per la pres\u00e8ncia de nombroses banderes espanyoles -col\u00b7locades sobre els muscles o lligades a la cintura-, alguna bandera de Ceuta en menor mesura, i desenes de pancartes, cartells i proclames.&#13;\n&#13;\n Dos idees principals van sobrevolar la concentraci\u00f3: el suport a Ceuta i les cr\u00edtiques a la gesti\u00f3 de l&#8217;Executiu presidit per Pedro S\u00e1nchez davant la crisi migrat\u00f2ria. Entre les proclames exhibides i corejades es van succeir missatges com \u201cEspanya \u00e9s Ceuta\u201d, \u201cInvasors a Moncloa\u201d, \u201cCeuta no s&#8217;embene\u201d, \u201cEl poble salva al poble\u201d, \u201cCeuta estem amb tu\u201d, \u201cEspanya es def\u00e9n\u201d, \u201cCeuta no s&#8217;embene, es def\u00e9n\u201d, \u201cCeuta s\u00ed, S\u00e1nchez no\u201d, \u201cD\u00e9nia amb Ceuta\u201d, \u201cPedro dimissi\u00f3\u201d, \u201cEspanya unida mai ser\u00e0 ven\u00e7uda\u201d i \u201cGovern dimissi\u00f3\u201d, a m\u00e9s d&#8217;escoltar-se insults dirigits al president del Govern. Va destacar especialment una pancarta de gran grand\u00e0ria amb el lema \u201cEspanya \u00e9s Ceuta\u201d, situada en les escalinates de l&#8217;Ajuntament i rebuda amb aplaudiments i c\u00e0ntics. Altres cartells van incloure refer\u00e8ncies a la pres\u00e8ncia de l&#8217;Ex\u00e8rcit a la ciutat aut\u00f2noma.&#13;\n&#13;\n Durant l&#8217;acte, que va combinar aplaudiments i consignes cont\u00ednues, una de les assistents va donar lectura a un manifest elaborat per l&#8217;Associaci\u00f3 Civil Pro Ceuta amb l&#8217;objectiu d&#8217;atorgar-li un car\u00e0cter no partidista. En el text es va transmetre a la ciutadania de Ceuta que \u201cno esteu sols\u201d i \u201cCeuta no s&#8217;embene\u201d, exigint al mateix temps \u201cseguretat i un tracte just amb Ceuta\u201d.&#13;\n&#13;\n La mobilitzaci\u00f3 va comptar amb la pres\u00e8ncia de representants pol\u00edtics locals. El grup municipal del Partit Popular va acudir quasi al complet, encap\u00e7alat pel seu portaveu i l\u00edder, Pepa Font, al costat d&#8217;altres militants de la formaci\u00f3. Per part de Vox, va assistir el seu portaveu a D\u00e9nia, F\u00e9lix Redondo, acompanyat de membres i simpatitzants del seu partit.&#13;\n&#13;\n Posteriorment, Vox va emetre un comunicat en el qual va qualificar de \u201cinadmissible\u201d que PSPV i Comprom\u00eds no s&#8217;hagen adherit al suport a Ceuta mentres s\u00ed que el fan i es mobilitzen per q\u00fcestions relatives a Palestina. La formaci\u00f3 va argumentar que \u201cno es pot exigir solidaritat a milers de quil\u00f2metres i negar-li-la a ciutadans espanyols disfressant d&#8217;odi la defensa de Ceuta, de les nostres fronteres i de la nostra seguretat\u201d, sentenciant que \u201cdefendre Ceuta no \u00e9s odi\u201d i que \u201cqui calla davant Ceuta mentres es manifesta per Palestina demostra quines s\u00f3n les seues prioritats\u201d. Aix\u00ed mateix, Vox D\u00e9nia exigix al Govern d&#8217;Espanya el refor\u00e7 efectiu de la frontera i una resposta ferma davant la pressi\u00f3 migrat\u00f2ria irregular.&#13;\n&#13;\nMUNICIPI DE \u201cCONVIV\u00c8NCIA I ACOLLIMENT\u201d&#13;\n&#13;\nEntre 1.000 i 1.300 persones es van concentrar a l&#8217;entorn de l&#8217;Ajuntament de X\u00e0bia, albergant la major mobilitzaci\u00f3 de la jornada a la comarca. La pla\u00e7a i els accessos pr\u00f2xims van quedar pr\u00e0cticament abarrotats, amb nombrosos assistents ocupant tamb\u00e9 bona part de l&#8217;espai situat al costat de l&#8217;esgl\u00e9sia de Sant Bertomeu.&#13;\n&#13;\nL&#8217;arribada de p\u00fablic va ser constant durant els minuts previs a l&#8217;inici de l&#8217;acte, la qual cosa va provocar que algunes persones tingueren dificultats per a aproximar-se fins al punt central de la concentraci\u00f3. L&#8217;elevada aflu\u00e8ncia va repercutir aix\u00ed mateix en el tr\u00e0nsit del nucli urb\u00e0, registrant-se cues per a accedir a les zones d&#8217;estacionament i p\u00e0rquings que es trobaven pr\u00e0cticament complets.&#13;\n&#13;\nDurant la concentraci\u00f3 va intervindre l&#8217;alcaldessa de X\u00e0bia, Rosa Cardona, el discurs de la qual va ser rebut amb nombrosos aplaudiments. Cardonal va optar per no llegir un discurs institucional i va centrar les seues paraules a transmetre solidaritat amb Ceuta i els seus habitants, reivindicar la defensa del territori nacional i reclamar la necessitat de disposar de mitjans suficients per a afrontar situacions com la que travessa la ciutat aut\u00f2noma. Va dir que X\u00e0bia \u00e9s un municipi de conviv\u00e8ncia i acolliment. I ha recordat \u201cel drama que viu cada persona que travessa una frontera\u201d.&#13;\n&#13;\nESBRONCS A CALP&#13;\n&#13;\n Al voltant de 400 persones -segons les estimacions de la Policia Local- es van concentrar en la pla\u00e7a Miguel Rosell\u00f3 per a donar suport a la convocat\u00f2ria impulsada per la Federaci\u00f3 Valenciana de Municipis i Prov\u00edncies i la Federaci\u00f3 Espanyola de Municipis i Prov\u00edncies. L&#8217;alcaldessa, Ana Sala, va llegir el comunicat institucional per\u00f2 en la comitiva no hi havia cap representant dels seus dos socis de govern, PSPV i Comprom\u00eds, que havien comunicat la seua no assist\u00e8ncia.&#13;\n&#13;\n Sala va traslladar un missatge de proximitat i solidaritat als ve\u00efns de Ceuta, assenyalant que es tractava de dirigir-se a \u00abpersones\u00bb i a \u00abfam\u00edlies\u00bb que, m\u00e9s enll\u00e0 de qualsevol consideraci\u00f3 pol\u00edtica, travessen des de fa setmanes una situaci\u00f3 que l&#8217;alcaldessa va qualificar d&#8217;ins\u00f2lita. L&#8217;acte es va veure interromput per crits i mostres de discrep\u00e0ncia entre part dels assistents, la qual cosa va portar a Sala a no poder concloure la lectura del manifest. Segons testimoniatges de persones que estaven en la concentraci\u00f3, es va sentir crits de \u201cfora invasors\u201d , \u201con estan els teus socis de govern\u201d i insults contra el president del govern central, Pedro S\u00e1nchez.&#13;\n&#13;\n Davant esta situaci\u00f3, Ana Sala va cedir la paraula a una dona natural de Ceuta que est\u00e0 actualment a Calp i un home nascut i resident durant diversos anys en la localitat. Els dos van relatar en primera persona la situaci\u00f3 que travessa la ciutat aut\u00f2noma en les \u00faltimes setmanes.&#13;\n&#13;\n Encara que no estaven en la comitiva institucional, dos dels regidors del Grup Municipal Socialista van assistir a l&#8217;acte a t\u00edtol individual, \u201cdes de la prud\u00e8ncia i l&#8217;empatia, sense sigles i sense pancartes, amb l&#8217;\u00fanica intenci\u00f3 d&#8217;acompanyar\u201d, segons han assenyalat en un comunicat oficial em\u00e9s una vegada acabat l&#8217;acte. Davant la situaci\u00f3 creada per alguns dels assistents, els representants socialistes van optar per marxar-se i abandonar la pla\u00e7a. En l&#8217;escrit asseguren que \u201cels de Ceuta no estan solos ni l&#8217;estaran. I ho diem sense renunciar al que som: la solidaritat amb Ceuta no \u00e9s incompatible amb el respecte a la dignitat de tota persona ni amb la confian\u00e7a en l&#8217;Estat de dret, que \u00e9s exactament el que separa a una democr\u00e0cia d&#8217;un altercat\u201d.&#13;\n&#13;\n Segons este comunicat, els dos regidors \u201cvan marxar, avergonyits, quan pares i mares de fam\u00edlia van corejar insults feridors contra els m\u00e0xims representants institucionals davant dels seus propis fills, i despr\u00e9s d&#8217;escoltar com s&#8217;esbroncava a l&#8217;alcaldessa mentres llegia un manifest que, en teoria, tots els presents compartien\u201d.&#13;\n&#13;\n Els socialistes q\u00fcestionen les formes. \u201cUn moviment c\u00edvic\u201d, apunten, \u201cno pot articular-se sobre l&#8217;insult. Quan la consigna substitu\u00efx a l&#8217;argument, quan s&#8217;esbronca a qui llig un text de consens i quan el dolor d&#8217;una ciutat es convertix en munici\u00f3 contra un adversari pol\u00edtic, el convocat ja no \u00e9s un acte de suport: \u00e9s una altra cosa\u201d. \u201cEs pot discrepar d&#8217;un govern\u201d, afigen, \u201camb tota la contund\u00e8ncia democr\u00e0tica del m\u00f3n. El que no es pot \u00e9s ensenyar a un xiquet de huit anys que aix\u00ed \u00e9s com es discrepa a Espanya\u201d.&#13;\n&#13;\n \u201cLa solidaritat que servix\u201d, acaba el comunicat, \u201c\u00e9s la que es convertix en recursos, en compet\u00e8ncies exercides i en expedients resolts. Per aix\u00f2 demanem coordinaci\u00f3 lleial i suficient entre totes les administracions per a refor\u00e7ar els mitjans que Ceuta necessita; que les comunitats aut\u00f2nomes, i en particular la Generalitat Valenciana, assumisquen les compet\u00e8ncies que la llei els atribu\u00efx en servicis socials, inf\u00e0ncia i acolliment en lloc de descarregar-les sobre els ajuntaments\u201d.<\/p>\n\n<p class=\"wp-block-paragraph\">    <\/p>\n\n<p class=\"wp-block-paragraph\">   <\/p>\n\n<p class=\"wp-block-paragraph\">    <\/p>\n\n<p class=\"wp-block-paragraph\">    <\/p>\n\n<p class=\"wp-block-paragraph\">   <\/p>\n\n<p class=\"wp-block-paragraph\">   <\/p>\n\n<p class=\"wp-block-paragraph\">   <\/p>\n\n<p class=\"wp-block-paragraph\">       <\/p>\n\n<p class=\"wp-block-paragraph\">       <\/p>\n\n<p class=\"wp-block-paragraph\">        <\/p>\n\n<p class=\"wp-block-paragraph\">        <\/p>\n\n<p class=\"wp-block-paragraph\">     <\/p>\n\n<p class=\"wp-block-paragraph\">       <\/p>\n\n<p class=\"wp-block-paragraph\">        <\/p>\n\n<p class=\"wp-block-paragraph\">    <\/p>\n\n<p class=\"wp-block-paragraph\">       <\/p>\n\n<p class=\"wp-block-paragraph\">     <\/p>\n\n<p class=\"wp-block-paragraph\">      <\/p>\n\n<p class=\"wp-block-paragraph\">      <\/p>\n\n<p class=\"wp-block-paragraph\"><\/p>\n\n<figure class=\"wp-block-image size-large\"><img fetchpriority=\"high\" decoding=\"async\" width=\"2560\" height=\"1707\" src=\"https:\/\/canfali.com\/app\/uploads\/2026\/09\/ceuta-denia-2-scaled.jpg\" alt=\"\" class=\"wp-image-111238\" srcset=\"https:\/\/canfali.com\/app\/uploads\/2026\/09\/ceuta-denia-2-scaled.jpg 2560w, https:\/\/canfali.com\/app\/uploads\/2026\/09\/ceuta-denia-2-300x200.jpg 300w, https:\/\/canfali.com\/app\/uploads\/2026\/09\/ceuta-denia-2-768x512.jpg 768w, https:\/\/canfali.com\/app\/uploads\/2026\/09\/ceuta-denia-2-1024x683.jpg 1024w, https:\/\/canfali.com\/app\/uploads\/2026\/09\/ceuta-denia-2-1536x1024.jpg 1536w, https:\/\/canfali.com\/app\/uploads\/2026\/09\/ceuta-denia-2-2048x1365.jpg 2048w, https:\/\/canfali.com\/app\/uploads\/2026\/09\/ceuta-denia-2-332x221.jpg 332w, https:\/\/canfali.com\/app\/uploads\/2026\/09\/ceuta-denia-2-663x442.jpg 663w, https:\/\/canfali.com\/app\/uploads\/2026\/09\/ceuta-denia-2-687x458.jpg 687w, https:\/\/canfali.com\/app\/uploads\/2026\/09\/ceuta-denia-2-1044x696.jpg 1044w, https:\/\/canfali.com\/app\/uploads\/2026\/09\/ceuta-denia-2-1400x933.jpg 1400w, https:\/\/canfali.com\/app\/uploads\/2026\/09\/ceuta-denia-2-1920x1280.jpg 1920w\" sizes=\"(max-width: 2560px) 100vw, 2560px\" \/><\/figure>\n\n<figure class=\"wp-block-image size-large\"><img decoding=\"async\" width=\"2304\" height=\"1536\" src=\"https:\/\/canfali.com\/app\/uploads\/2026\/09\/ceuta-denia-6.jpg\" alt=\"\" class=\"wp-image-111240\" srcset=\"https:\/\/canfali.com\/app\/uploads\/2026\/09\/ceuta-denia-6.jpg 2304w, https:\/\/canfali.com\/app\/uploads\/2026\/09\/ceuta-denia-6-768x512.jpg 768w, https:\/\/canfali.com\/app\/uploads\/2026\/09\/ceuta-denia-6-300x200.jpg 300w, https:\/\/canfali.com\/app\/uploads\/2026\/09\/ceuta-denia-6-1536x1024.jpg 1536w, https:\/\/canfali.com\/app\/uploads\/2026\/09\/ceuta-denia-6-1024x683.jpg 1024w, https:\/\/canfali.com\/app\/uploads\/2026\/09\/ceuta-denia-6-2048x1365.jpg 2048w, https:\/\/canfali.com\/app\/uploads\/2026\/09\/ceuta-denia-6-332x221.jpg 332w, https:\/\/canfali.com\/app\/uploads\/2026\/09\/ceuta-denia-6-663x442.jpg 663w, https:\/\/canfali.com\/app\/uploads\/2026\/09\/ceuta-denia-6-687x458.jpg 687w, https:\/\/canfali.com\/app\/uploads\/2026\/09\/ceuta-denia-6-1044x696.jpg 1044w, https:\/\/canfali.com\/app\/uploads\/2026\/09\/ceuta-denia-6-1400x933.jpg 1400w, https:\/\/canfali.com\/app\/uploads\/2026\/09\/ceuta-denia-6-1920x1280.jpg 1920w\" sizes=\"(max-width: 2304px) 100vw, 2304px\" \/><\/figure>\n\n<figure class=\"wp-block-image size-large\"><img decoding=\"async\" width=\"2304\" height=\"1536\" src=\"https:\/\/canfali.com\/app\/uploads\/2026\/09\/ceuta-denia-10.jpg\" alt=\"\" class=\"wp-image-111242\" srcset=\"https:\/\/canfali.com\/app\/uploads\/2026\/09\/ceuta-denia-10.jpg 2304w, https:\/\/canfali.com\/app\/uploads\/2026\/09\/ceuta-denia-10-300x200.jpg 300w, https:\/\/canfali.com\/app\/uploads\/2026\/09\/ceuta-denia-10-768x512.jpg 768w, https:\/\/canfali.com\/app\/uploads\/2026\/09\/ceuta-denia-10-1024x683.jpg 1024w, https:\/\/canfali.com\/app\/uploads\/2026\/09\/ceuta-denia-10-1536x1024.jpg 1536w, https:\/\/canfali.com\/app\/uploads\/2026\/09\/ceuta-denia-10-2048x1365.jpg 2048w, https:\/\/canfali.com\/app\/uploads\/2026\/09\/ceuta-denia-10-332x221.jpg 332w, https:\/\/canfali.com\/app\/uploads\/2026\/09\/ceuta-denia-10-663x442.jpg 663w, https:\/\/canfali.com\/app\/uploads\/2026\/09\/ceuta-denia-10-687x458.jpg 687w, https:\/\/canfali.com\/app\/uploads\/2026\/09\/ceuta-denia-10-1044x696.jpg 1044w, https:\/\/canfali.com\/app\/uploads\/2026\/09\/ceuta-denia-10-1400x933.jpg 1400w, https:\/\/canfali.com\/app\/uploads\/2026\/09\/ceuta-denia-10-1920x1280.jpg 1920w\" sizes=\"(max-width: 2304px) 100vw, 2304px\" \/><\/figure>\n\n<figure class=\"wp-block-image size-large\"><img loading=\"lazy\" decoding=\"async\" width=\"2304\" height=\"1536\" src=\"https:\/\/canfali.com\/app\/uploads\/2026\/09\/ceuta-denia-12.jpg\" alt=\"\" class=\"wp-image-111244\" srcset=\"https:\/\/canfali.com\/app\/uploads\/2026\/09\/ceuta-denia-12.jpg 2304w, https:\/\/canfali.com\/app\/uploads\/2026\/09\/ceuta-denia-12-300x200.jpg 300w, https:\/\/canfali.com\/app\/uploads\/2026\/09\/ceuta-denia-12-768x512.jpg 768w, https:\/\/canfali.com\/app\/uploads\/2026\/09\/ceuta-denia-12-1024x683.jpg 1024w, https:\/\/canfali.com\/app\/uploads\/2026\/09\/ceuta-denia-12-1536x1024.jpg 1536w, https:\/\/canfali.com\/app\/uploads\/2026\/09\/ceuta-denia-12-2048x1365.jpg 2048w, https:\/\/canfali.com\/app\/uploads\/2026\/09\/ceuta-denia-12-332x221.jpg 332w, https:\/\/canfali.com\/app\/uploads\/2026\/09\/ceuta-denia-12-663x442.jpg 663w, https:\/\/canfali.com\/app\/uploads\/2026\/09\/ceuta-denia-12-687x458.jpg 687w, https:\/\/canfali.com\/app\/uploads\/2026\/09\/ceuta-denia-12-1044x696.jpg 1044w, https:\/\/canfali.com\/app\/uploads\/2026\/09\/ceuta-denia-12-1400x933.jpg 1400w, https:\/\/canfali.com\/app\/uploads\/2026\/09\/ceuta-denia-12-1920x1280.jpg 1920w\" sizes=\"(max-width: 2304px) 100vw, 2304px\" \/><\/figure>\n\n<figure class=\"wp-block-image size-large\"><img loading=\"lazy\" decoding=\"async\" width=\"2304\" height=\"1536\" src=\"https:\/\/canfali.com\/app\/uploads\/2026\/09\/ceuta-denia-8.jpg\" alt=\"\" class=\"wp-image-111246\" srcset=\"https:\/\/canfali.com\/app\/uploads\/2026\/09\/ceuta-denia-8.jpg 2304w, https:\/\/canfali.com\/app\/uploads\/2026\/09\/ceuta-denia-8-300x200.jpg 300w, https:\/\/canfali.com\/app\/uploads\/2026\/09\/ceuta-denia-8-768x512.jpg 768w, https:\/\/canfali.com\/app\/uploads\/2026\/09\/ceuta-denia-8-1024x683.jpg 1024w, https:\/\/canfali.com\/app\/uploads\/2026\/09\/ceuta-denia-8-1536x1024.jpg 1536w, https:\/\/canfali.com\/app\/uploads\/2026\/09\/ceuta-denia-8-2048x1365.jpg 2048w, https:\/\/canfali.com\/app\/uploads\/2026\/09\/ceuta-denia-8-332x221.jpg 332w, https:\/\/canfali.com\/app\/uploads\/2026\/09\/ceuta-denia-8-663x442.jpg 663w, https:\/\/canfali.com\/app\/uploads\/2026\/09\/ceuta-denia-8-687x458.jpg 687w, https:\/\/canfali.com\/app\/uploads\/2026\/09\/ceuta-denia-8-1044x696.jpg 1044w, https:\/\/canfali.com\/app\/uploads\/2026\/09\/ceuta-denia-8-1400x933.jpg 1400w, https:\/\/canfali.com\/app\/uploads\/2026\/09\/ceuta-denia-8-1920x1280.jpg 1920w\" sizes=\"(max-width: 2304px) 100vw, 2304px\" \/><\/figure>\n\n<figure class=\"wp-block-image size-large\"><img loading=\"lazy\" decoding=\"async\" width=\"2304\" height=\"1536\" src=\"https:\/\/canfali.com\/app\/uploads\/2026\/09\/ceuta-denia-9.jpg\" alt=\"\" class=\"wp-image-111248\" srcset=\"https:\/\/canfali.com\/app\/uploads\/2026\/09\/ceuta-denia-9.jpg 2304w, https:\/\/canfali.com\/app\/uploads\/2026\/09\/ceuta-denia-9-300x200.jpg 300w, https:\/\/canfali.com\/app\/uploads\/2026\/09\/ceuta-denia-9-1024x683.jpg 1024w, https:\/\/canfali.com\/app\/uploads\/2026\/09\/ceuta-denia-9-768x512.jpg 768w, https:\/\/canfali.com\/app\/uploads\/2026\/09\/ceuta-denia-9-1536x1024.jpg 1536w, https:\/\/canfali.com\/app\/uploads\/2026\/09\/ceuta-denia-9-2048x1365.jpg 2048w, https:\/\/canfali.com\/app\/uploads\/2026\/09\/ceuta-denia-9-332x221.jpg 332w, https:\/\/canfali.com\/app\/uploads\/2026\/09\/ceuta-denia-9-663x442.jpg 663w, https:\/\/canfali.com\/app\/uploads\/2026\/09\/ceuta-denia-9-687x458.jpg 687w, https:\/\/canfali.com\/app\/uploads\/2026\/09\/ceuta-denia-9-1044x696.jpg 1044w, https:\/\/canfali.com\/app\/uploads\/2026\/09\/ceuta-denia-9-1400x933.jpg 1400w, https:\/\/canfali.com\/app\/uploads\/2026\/09\/ceuta-denia-9-1920x1280.jpg 1920w\" sizes=\"(max-width: 2304px) 100vw, 2304px\" \/><\/figure>\n\n<figure class=\"wp-block-image size-large\"><img loading=\"lazy\" decoding=\"async\" width=\"1600\" height=\"900\" src=\"https:\/\/canfali.com\/app\/uploads\/2026\/09\/ceuta-Calp-1.jpeg\" alt=\"\" class=\"wp-image-111250\" srcset=\"https:\/\/canfali.com\/app\/uploads\/2026\/09\/ceuta-Calp-1.jpeg 1600w, https:\/\/canfali.com\/app\/uploads\/2026\/09\/ceuta-Calp-1-300x169.jpeg 300w, https:\/\/canfali.com\/app\/uploads\/2026\/09\/ceuta-Calp-1-768x432.jpeg 768w, https:\/\/canfali.com\/app\/uploads\/2026\/09\/ceuta-Calp-1-1024x576.jpeg 1024w, https:\/\/canfali.com\/app\/uploads\/2026\/09\/ceuta-Calp-1-1536x864.jpeg 1536w, https:\/\/canfali.com\/app\/uploads\/2026\/09\/ceuta-Calp-1-332x186.jpeg 332w, https:\/\/canfali.com\/app\/uploads\/2026\/09\/ceuta-Calp-1-331x186.jpeg 331w, https:\/\/canfali.com\/app\/uploads\/2026\/09\/ceuta-Calp-1-663x373.jpeg 663w, https:\/\/canfali.com\/app\/uploads\/2026\/09\/ceuta-Calp-1-688x387-1.jpeg 688w, https:\/\/canfali.com\/app\/uploads\/2026\/09\/ceuta-Calp-1-1376x774.jpeg 1376w, https:\/\/canfali.com\/app\/uploads\/2026\/09\/ceuta-Calp-1-1044x587-1.jpeg 1044w, https:\/\/canfali.com\/app\/uploads\/2026\/09\/ceuta-Calp-1-1399x787.jpeg 1399w\" sizes=\"(max-width: 1600px) 100vw, 1600px\" \/><\/figure>\n\n<figure class=\"wp-block-image size-large\"><img loading=\"lazy\" decoding=\"async\" width=\"1600\" height=\"900\" src=\"https:\/\/canfali.com\/app\/uploads\/2026\/09\/ceuta-Calp-2.jpeg\" alt=\"\" class=\"wp-image-111252\" srcset=\"https:\/\/canfali.com\/app\/uploads\/2026\/09\/ceuta-Calp-2.jpeg 1600w, https:\/\/canfali.com\/app\/uploads\/2026\/09\/ceuta-Calp-2-300x169.jpeg 300w, https:\/\/canfali.com\/app\/uploads\/2026\/09\/ceuta-Calp-2-768x432.jpeg 768w, https:\/\/canfali.com\/app\/uploads\/2026\/09\/ceuta-Calp-2-1024x576.jpeg 1024w, https:\/\/canfali.com\/app\/uploads\/2026\/09\/ceuta-Calp-2-1536x864.jpeg 1536w, https:\/\/canfali.com\/app\/uploads\/2026\/09\/ceuta-Calp-2-332x186.jpeg 332w, https:\/\/canfali.com\/app\/uploads\/2026\/09\/ceuta-Calp-2-331x186.jpeg 331w, https:\/\/canfali.com\/app\/uploads\/2026\/09\/ceuta-Calp-2-663x373.jpeg 663w, https:\/\/canfali.com\/app\/uploads\/2026\/09\/ceuta-Calp-2-688x387-1.jpeg 688w, https:\/\/canfali.com\/app\/uploads\/2026\/09\/ceuta-Calp-2-1376x774.jpeg 1376w, https:\/\/canfali.com\/app\/uploads\/2026\/09\/ceuta-Calp-2-1044x587-1.jpeg 1044w, https:\/\/canfali.com\/app\/uploads\/2026\/09\/ceuta-Calp-2-1399x787.jpeg 1399w\" sizes=\"(max-width: 1600px) 100vw, 1600px\" \/><\/figure>\n\n<figure class=\"wp-block-image size-large\"><img loading=\"lazy\" decoding=\"async\" width=\"1600\" height=\"900\" src=\"https:\/\/canfali.com\/app\/uploads\/2026\/09\/ceuta-Calp-3.jpeg\" alt=\"\" class=\"wp-image-111254\" srcset=\"https:\/\/canfali.com\/app\/uploads\/2026\/09\/ceuta-Calp-3.jpeg 1600w, https:\/\/canfali.com\/app\/uploads\/2026\/09\/ceuta-Calp-3-300x169.jpeg 300w, https:\/\/canfali.com\/app\/uploads\/2026\/09\/ceuta-Calp-3-768x432.jpeg 768w, https:\/\/canfali.com\/app\/uploads\/2026\/09\/ceuta-Calp-3-1536x864.jpeg 1536w, https:\/\/canfali.com\/app\/uploads\/2026\/09\/ceuta-Calp-3-1024x576.jpeg 1024w, https:\/\/canfali.com\/app\/uploads\/2026\/09\/ceuta-Calp-3-332x186.jpeg 332w, https:\/\/canfali.com\/app\/uploads\/2026\/09\/ceuta-Calp-3-331x186.jpeg 331w, https:\/\/canfali.com\/app\/uploads\/2026\/09\/ceuta-Calp-3-663x373.jpeg 663w, https:\/\/canfali.com\/app\/uploads\/2026\/09\/ceuta-Calp-3-688x387-1.jpeg 688w, https:\/\/canfali.com\/app\/uploads\/2026\/09\/ceuta-Calp-3-1376x774.jpeg 1376w, https:\/\/canfali.com\/app\/uploads\/2026\/09\/ceuta-Calp-3-1044x587-1.jpeg 1044w, https:\/\/canfali.com\/app\/uploads\/2026\/09\/ceuta-Calp-3-1399x787.jpeg 1399w\" sizes=\"(max-width: 1600px) 100vw, 1600px\" \/><\/figure>\n","protected":false},"excerpt":{"rendered":"Milers de ve\u00efns es van concentrar el dimecres a D\u00e9nia, X\u00e0bia , Calp i Teulada per a mostrar&hellip;","protected":false},"author":7,"featured_media":111237,"comment_status":"closed","ping_status":"open","sticky":false,"template":"","format":"standard","meta":{"csco_display_header_overlay":false,"csco_singular_sidebar":"","csco_page_header_type":"","csco_page_load_nextpost":"","csco_post_video_location":[],"csco_post_video_location_hash":"","csco_post_video_url":"","csco_post_video_bg_start_time":0,"csco_post_video_bg_end_time":0,"footnotes":""},"categories":[594],"tags":[9785,9824,5578,9825,2532,2149],"poblacion":[9823,9784,9822],"class_list":["post-111258","post","type-post","status-publish","format-standard","has-post-thumbnail","category-societat","tag-ceuta","tag-concentracions","tag-femp-ca-es","tag-pere-sanchez","tag-pp-ca-es","tag-vox-ca-es","poblacion-calp","poblacion-denia","poblacion-xabia","cs-entry","cs-video-wrap"],"yoast_head":"<!-- This site is optimized with the Yoast SEO Premium plugin v26.6 (Yoast SEO v27.3) - https:\/\/yoast.com\/product\/yoast-seo-premium-wordpress\/ -->\n<title>Massives concentracions en solidaritat amb Ceuta i dures cr\u00edtiques a la gesti\u00f3 migr\u00e0toria del govern d&#039;Espanya - Canfali<\/title>\n<meta name=\"robots\" content=\"index, follow, max-snippet:-1, max-image-preview:large, max-video-preview:-1\" \/>\n<link rel=\"canonical\" href=\"https:\/\/canfali.com\/ca-es\/massives-concentracions-en-solidaritat-amb-ceuta-i-dures-critiques-a-la-gestio-migratoria-del-govern-despanya\/\" \/>\n<meta property=\"og:locale\" content=\"en_US\" \/>\n<meta property=\"og:type\" content=\"article\" \/>\n<meta property=\"og:title\" content=\"Massives concentracions en solidaritat amb Ceuta i dures cr\u00edtiques a la gesti\u00f3 migr\u00e0toria del govern d&#039;Espanya\" \/>\n<meta property=\"og:description\" content=\"Milers de ve\u00efns es van concentrar el dimecres a D\u00e9nia, X\u00e0bia , Calp i Teulada per a mostrar&hellip;\" \/>\n<meta property=\"og:url\" content=\"https:\/\/canfali.com\/ca-es\/massives-concentracions-en-solidaritat-amb-ceuta-i-dures-critiques-a-la-gestio-migratoria-del-govern-despanya\/\" \/>\n<meta property=\"og:site_name\" content=\"Canfali\" \/>\n<meta property=\"article:publisher\" content=\"https:\/\/es-es.facebook.com\/CANFALIMarinaAlta\" \/>\n<meta property=\"article:published_time\" content=\"2026-09-03T11:11:34+00:00\" \/>\n<meta property=\"article:modified_time\" content=\"2026-09-03T11:16:03+00:00\" \/>\n<meta property=\"og:image\" content=\"https:\/\/canfali.com\/app\/uploads\/2026\/09\/ceuta-denia-1.jpg\" \/>\n\t<meta property=\"og:image:width\" content=\"2304\" \/>\n\t<meta property=\"og:image:height\" content=\"1536\" \/>\n\t<meta property=\"og:image:type\" content=\"image\/jpeg\" \/>\n<meta name=\"author\" content=\"Bolta\" \/>\n<meta name=\"twitter:card\" content=\"summary_large_image\" \/>\n<meta name=\"twitter:creator\" content=\"@canfalima\" \/>\n<meta name=\"twitter:site\" content=\"@canfalima\" \/>\n<meta name=\"twitter:label1\" content=\"Written by\" \/>\n\t<meta name=\"twitter:data1\" content=\"Bolta\" \/>\n\t<meta name=\"twitter:label2\" content=\"Est. reading time\" \/>\n\t<meta name=\"twitter:data2\" content=\"8 minutes\" \/>\n<script type=\"application\/ld+json\" class=\"yoast-schema-graph\">{\"@context\":\"https:\\\/\\\/schema.org\",\"@graph\":[{\"@type\":\"NewsArticle\",\"@id\":\"https:\\\/\\\/canfali.com\\\/ca-es\\\/massives-concentracions-en-solidaritat-amb-ceuta-i-dures-critiques-a-la-gestio-migratoria-del-govern-despanya\\\/#article\",\"isPartOf\":{\"@id\":\"https:\\\/\\\/canfali.com\\\/ca-es\\\/massives-concentracions-en-solidaritat-amb-ceuta-i-dures-critiques-a-la-gestio-migratoria-del-govern-despanya\\\/\"},\"author\":{\"name\":\"Bolta\",\"@id\":\"https:\\\/\\\/canfali.com\\\/ca-es\\\/#\\\/schema\\\/person\\\/9c651adc904f3c4e0243f54407751557\"},\"headline\":\"Massives concentracions en solidaritat amb Ceuta i dures cr\u00edtiques a la gesti\u00f3 migr\u00e0toria del govern d&#8217;Espanya\",\"datePublished\":\"2026-09-03T11:11:34+00:00\",\"dateModified\":\"2026-09-03T11:16:03+00:00\",\"mainEntityOfPage\":{\"@id\":\"https:\\\/\\\/canfali.com\\\/ca-es\\\/massives-concentracions-en-solidaritat-amb-ceuta-i-dures-critiques-a-la-gestio-migratoria-del-govern-despanya\\\/\"},\"wordCount\":1680,\"publisher\":{\"@id\":\"https:\\\/\\\/canfali.com\\\/ca-es\\\/#organization\"},\"image\":{\"@id\":\"https:\\\/\\\/canfali.com\\\/ca-es\\\/massives-concentracions-en-solidaritat-amb-ceuta-i-dures-critiques-a-la-gestio-migratoria-del-govern-despanya\\\/#primaryimage\"},\"thumbnailUrl\":\"https:\\\/\\\/canfali.com\\\/app\\\/uploads\\\/2026\\\/09\\\/ceuta-denia-1.jpg\",\"keywords\":[\"Ceuta\",\"concentracions\",\"FEMP\",\"Pere S\u00e1nchez\",\"PP\",\"Vox\"],\"articleSection\":[\"Societat\"],\"inLanguage\":\"va-ES\",\"copyrightYear\":\"2026\",\"copyrightHolder\":{\"@id\":\"https:\\\/\\\/canfali.com\\\/#organization\"}},{\"@type\":\"WebPage\",\"@id\":\"https:\\\/\\\/canfali.com\\\/ca-es\\\/massives-concentracions-en-solidaritat-amb-ceuta-i-dures-critiques-a-la-gestio-migratoria-del-govern-despanya\\\/\",\"url\":\"https:\\\/\\\/canfali.com\\\/ca-es\\\/massives-concentracions-en-solidaritat-amb-ceuta-i-dures-critiques-a-la-gestio-migratoria-del-govern-despanya\\\/\",\"name\":\"Massives concentracions en solidaritat amb Ceuta i dures cr\u00edtiques a la gesti\u00f3 migr\u00e0toria del govern d'Espanya - Canfali\",\"isPartOf\":{\"@id\":\"https:\\\/\\\/canfali.com\\\/ca-es\\\/#website\"},\"primaryImageOfPage\":{\"@id\":\"https:\\\/\\\/canfali.com\\\/ca-es\\\/massives-concentracions-en-solidaritat-amb-ceuta-i-dures-critiques-a-la-gestio-migratoria-del-govern-despanya\\\/#primaryimage\"},\"image\":{\"@id\":\"https:\\\/\\\/canfali.com\\\/ca-es\\\/massives-concentracions-en-solidaritat-amb-ceuta-i-dures-critiques-a-la-gestio-migratoria-del-govern-despanya\\\/#primaryimage\"},\"thumbnailUrl\":\"https:\\\/\\\/canfali.com\\\/app\\\/uploads\\\/2026\\\/09\\\/ceuta-denia-1.jpg\",\"datePublished\":\"2026-09-03T11:11:34+00:00\",\"dateModified\":\"2026-09-03T11:16:03+00:00\",\"breadcrumb\":{\"@id\":\"https:\\\/\\\/canfali.com\\\/ca-es\\\/massives-concentracions-en-solidaritat-amb-ceuta-i-dures-critiques-a-la-gestio-migratoria-del-govern-despanya\\\/#breadcrumb\"},\"inLanguage\":\"va-ES\",\"potentialAction\":[{\"@type\":\"ReadAction\",\"target\":[\"https:\\\/\\\/canfali.com\\\/ca-es\\\/massives-concentracions-en-solidaritat-amb-ceuta-i-dures-critiques-a-la-gestio-migratoria-del-govern-despanya\\\/\"]}]},{\"@type\":\"ImageObject\",\"inLanguage\":\"va-ES\",\"@id\":\"https:\\\/\\\/canfali.com\\\/ca-es\\\/massives-concentracions-en-solidaritat-amb-ceuta-i-dures-critiques-a-la-gestio-migratoria-del-govern-despanya\\\/#primaryimage\",\"url\":\"https:\\\/\\\/canfali.com\\\/app\\\/uploads\\\/2026\\\/09\\\/ceuta-denia-1.jpg\",\"contentUrl\":\"https:\\\/\\\/canfali.com\\\/app\\\/uploads\\\/2026\\\/09\\\/ceuta-denia-1.jpg\",\"width\":2304,\"height\":1536},{\"@type\":\"BreadcrumbList\",\"@id\":\"https:\\\/\\\/canfali.com\\\/ca-es\\\/massives-concentracions-en-solidaritat-amb-ceuta-i-dures-critiques-a-la-gestio-migratoria-del-govern-despanya\\\/#breadcrumb\",\"itemListElement\":[{\"@type\":\"ListItem\",\"position\":1,\"name\":\"Portada\",\"item\":\"https:\\\/\\\/canfali.com\\\/ca-es\\\/\"},{\"@type\":\"ListItem\",\"position\":2,\"name\":\"Massives concentracions en solidaritat amb Ceuta i dures cr\u00edtiques a la gesti\u00f3 migr\u00e0toria del govern d&#8217;Espanya\"}]},{\"@type\":\"WebSite\",\"@id\":\"https:\\\/\\\/canfali.com\\\/ca-es\\\/#website\",\"url\":\"https:\\\/\\\/canfali.com\\\/ca-es\\\/\",\"name\":\"Canfali\",\"description\":\"\",\"publisher\":{\"@id\":\"https:\\\/\\\/canfali.com\\\/ca-es\\\/#organization\"},\"potentialAction\":[{\"@type\":\"SearchAction\",\"target\":{\"@type\":\"EntryPoint\",\"urlTemplate\":\"https:\\\/\\\/canfali.com\\\/ca-es\\\/?s={search_term_string}\"},\"query-input\":{\"@type\":\"PropertyValueSpecification\",\"valueRequired\":true,\"valueName\":\"search_term_string\"}}],\"inLanguage\":\"va-ES\"},{\"@type\":\"Organization\",\"@id\":\"https:\\\/\\\/canfali.com\\\/ca-es\\\/#organization\",\"name\":\"Canfali\",\"url\":\"https:\\\/\\\/canfali.com\\\/ca-es\\\/\",\"logo\":{\"@type\":\"ImageObject\",\"inLanguage\":\"va-ES\",\"@id\":\"https:\\\/\\\/canfali.com\\\/ca-es\\\/#\\\/schema\\\/logo\\\/image\\\/\",\"url\":\"https:\\\/\\\/canfali.com\\\/app\\\/uploads\\\/2025\\\/12\\\/canfali_marina_alta_logo.png\",\"contentUrl\":\"https:\\\/\\\/canfali.com\\\/app\\\/uploads\\\/2025\\\/12\\\/canfali_marina_alta_logo.png\",\"width\":225,\"height\":225,\"caption\":\"Canfali\"},\"image\":{\"@id\":\"https:\\\/\\\/canfali.com\\\/ca-es\\\/#\\\/schema\\\/logo\\\/image\\\/\"},\"sameAs\":[\"https:\\\/\\\/es-es.facebook.com\\\/CANFALIMarinaAlta\",\"https:\\\/\\\/x.com\\\/canfalima\",\"https:\\\/\\\/www.instagram.com\\\/canfalimarinaalta\\\/\"]},{\"@type\":\"Person\",\"@id\":\"https:\\\/\\\/canfali.com\\\/ca-es\\\/#\\\/schema\\\/person\\\/9c651adc904f3c4e0243f54407751557\",\"name\":\"Bolta\",\"image\":{\"@type\":\"ImageObject\",\"inLanguage\":\"va-ES\",\"@id\":\"https:\\\/\\\/secure.gravatar.com\\\/avatar\\\/550a5d97fe3cfba5caf077b9600e46529e1977e9d14396836e775d6d9d895a81?s=96&d=mm&r=g\",\"url\":\"https:\\\/\\\/secure.gravatar.com\\\/avatar\\\/550a5d97fe3cfba5caf077b9600e46529e1977e9d14396836e775d6d9d895a81?s=96&d=mm&r=g\",\"contentUrl\":\"https:\\\/\\\/secure.gravatar.com\\\/avatar\\\/550a5d97fe3cfba5caf077b9600e46529e1977e9d14396836e775d6d9d895a81?s=96&d=mm&r=g\",\"caption\":\"Bolta\"},\"url\":\"https:\\\/\\\/canfali.com\\\/ca-es\\\/author\\\/bolta\\\/\"}]}<\/script>\n<!-- \/ Yoast SEO Premium plugin. -->","yoast_head_json":{"title":"Massives concentracions en solidaritat amb Ceuta i dures cr\u00edtiques a la gesti\u00f3 migr\u00e0toria del govern d'Espanya - Canfali","robots":{"index":"index","follow":"follow","max-snippet":"max-snippet:-1","max-image-preview":"max-image-preview:large","max-video-preview":"max-video-preview:-1"},"canonical":"https:\/\/canfali.com\/ca-es\/massives-concentracions-en-solidaritat-amb-ceuta-i-dures-critiques-a-la-gestio-migratoria-del-govern-despanya\/","og_locale":"en_US","og_type":"article","og_title":"Massives concentracions en solidaritat amb Ceuta i dures cr\u00edtiques a la gesti\u00f3 migr\u00e0toria del govern d'Espanya","og_description":"Milers de ve\u00efns es van concentrar el dimecres a D\u00e9nia, X\u00e0bia , Calp i Teulada per a mostrar&hellip;","og_url":"https:\/\/canfali.com\/ca-es\/massives-concentracions-en-solidaritat-amb-ceuta-i-dures-critiques-a-la-gestio-migratoria-del-govern-despanya\/","og_site_name":"Canfali","article_publisher":"https:\/\/es-es.facebook.com\/CANFALIMarinaAlta","article_published_time":"2026-09-03T11:11:34+00:00","article_modified_time":"2026-09-03T11:16:03+00:00","og_image":[{"width":2304,"height":1536,"url":"https:\/\/canfali.com\/app\/uploads\/2026\/09\/ceuta-denia-1.jpg","type":"image\/jpeg"}],"author":"Bolta","twitter_card":"summary_large_image","twitter_creator":"@canfalima","twitter_site":"@canfalima","twitter_misc":{"Written by":"Bolta","Est. reading time":"8 minutes"},"schema":{"@context":"https:\/\/schema.org","@graph":[{"@type":"NewsArticle","@id":"https:\/\/canfali.com\/ca-es\/massives-concentracions-en-solidaritat-amb-ceuta-i-dures-critiques-a-la-gestio-migratoria-del-govern-despanya\/#article","isPartOf":{"@id":"https:\/\/canfali.com\/ca-es\/massives-concentracions-en-solidaritat-amb-ceuta-i-dures-critiques-a-la-gestio-migratoria-del-govern-despanya\/"},"author":{"name":"Bolta","@id":"https:\/\/canfali.com\/ca-es\/#\/schema\/person\/9c651adc904f3c4e0243f54407751557"},"headline":"Massives concentracions en solidaritat amb Ceuta i dures cr\u00edtiques a la gesti\u00f3 migr\u00e0toria del govern d&#8217;Espanya","datePublished":"2026-09-03T11:11:34+00:00","dateModified":"2026-09-03T11:16:03+00:00","mainEntityOfPage":{"@id":"https:\/\/canfali.com\/ca-es\/massives-concentracions-en-solidaritat-amb-ceuta-i-dures-critiques-a-la-gestio-migratoria-del-govern-despanya\/"},"wordCount":1680,"publisher":{"@id":"https:\/\/canfali.com\/ca-es\/#organization"},"image":{"@id":"https:\/\/canfali.com\/ca-es\/massives-concentracions-en-solidaritat-amb-ceuta-i-dures-critiques-a-la-gestio-migratoria-del-govern-despanya\/#primaryimage"},"thumbnailUrl":"https:\/\/canfali.com\/app\/uploads\/2026\/09\/ceuta-denia-1.jpg","keywords":["Ceuta","concentracions","FEMP","Pere S\u00e1nchez","PP","Vox"],"articleSection":["Societat"],"inLanguage":"va-ES","copyrightYear":"2026","copyrightHolder":{"@id":"https:\/\/canfali.com\/#organization"}},{"@type":"WebPage","@id":"https:\/\/canfali.com\/ca-es\/massives-concentracions-en-solidaritat-amb-ceuta-i-dures-critiques-a-la-gestio-migratoria-del-govern-despanya\/","url":"https:\/\/canfali.com\/ca-es\/massives-concentracions-en-solidaritat-amb-ceuta-i-dures-critiques-a-la-gestio-migratoria-del-govern-despanya\/","name":"Massives concentracions en solidaritat amb Ceuta i dures cr\u00edtiques a la gesti\u00f3 migr\u00e0toria del govern d'Espanya - Canfali","isPartOf":{"@id":"https:\/\/canfali.com\/ca-es\/#website"},"primaryImageOfPage":{"@id":"https:\/\/canfali.com\/ca-es\/massives-concentracions-en-solidaritat-amb-ceuta-i-dures-critiques-a-la-gestio-migratoria-del-govern-despanya\/#primaryimage"},"image":{"@id":"https:\/\/canfali.com\/ca-es\/massives-concentracions-en-solidaritat-amb-ceuta-i-dures-critiques-a-la-gestio-migratoria-del-govern-despanya\/#primaryimage"},"thumbnailUrl":"https:\/\/canfali.com\/app\/uploads\/2026\/09\/ceuta-denia-1.jpg","datePublished":"2026-09-03T11:11:34+00:00","dateModified":"2026-09-03T11:16:03+00:00","breadcrumb":{"@id":"https:\/\/canfali.com\/ca-es\/massives-concentracions-en-solidaritat-amb-ceuta-i-dures-critiques-a-la-gestio-migratoria-del-govern-despanya\/#breadcrumb"},"inLanguage":"va-ES","potentialAction":[{"@type":"ReadAction","target":["https:\/\/canfali.com\/ca-es\/massives-concentracions-en-solidaritat-amb-ceuta-i-dures-critiques-a-la-gestio-migratoria-del-govern-despanya\/"]}]},{"@type":"ImageObject","inLanguage":"va-ES","@id":"https:\/\/canfali.com\/ca-es\/massives-concentracions-en-solidaritat-amb-ceuta-i-dures-critiques-a-la-gestio-migratoria-del-govern-despanya\/#primaryimage","url":"https:\/\/canfali.com\/app\/uploads\/2026\/09\/ceuta-denia-1.jpg","contentUrl":"https:\/\/canfali.com\/app\/uploads\/2026\/09\/ceuta-denia-1.jpg","width":2304,"height":1536},{"@type":"BreadcrumbList","@id":"https:\/\/canfali.com\/ca-es\/massives-concentracions-en-solidaritat-amb-ceuta-i-dures-critiques-a-la-gestio-migratoria-del-govern-despanya\/#breadcrumb","itemListElement":[{"@type":"ListItem","position":1,"name":"Portada","item":"https:\/\/canfali.com\/ca-es\/"},{"@type":"ListItem","position":2,"name":"Massives concentracions en solidaritat amb Ceuta i dures cr\u00edtiques a la gesti\u00f3 migr\u00e0toria del govern d&#8217;Espanya"}]},{"@type":"WebSite","@id":"https:\/\/canfali.com\/ca-es\/#website","url":"https:\/\/canfali.com\/ca-es\/","name":"Canfali","description":"","publisher":{"@id":"https:\/\/canfali.com\/ca-es\/#organization"},"potentialAction":[{"@type":"SearchAction","target":{"@type":"EntryPoint","urlTemplate":"https:\/\/canfali.com\/ca-es\/?s={search_term_string}"},"query-input":{"@type":"PropertyValueSpecification","valueRequired":true,"valueName":"search_term_string"}}],"inLanguage":"va-ES"},{"@type":"Organization","@id":"https:\/\/canfali.com\/ca-es\/#organization","name":"Canfali","url":"https:\/\/canfali.com\/ca-es\/","logo":{"@type":"ImageObject","inLanguage":"va-ES","@id":"https:\/\/canfali.com\/ca-es\/#\/schema\/logo\/image\/","url":"https:\/\/canfali.com\/app\/uploads\/2025\/12\/canfali_marina_alta_logo.png","contentUrl":"https:\/\/canfali.com\/app\/uploads\/2025\/12\/canfali_marina_alta_logo.png","width":225,"height":225,"caption":"Canfali"},"image":{"@id":"https:\/\/canfali.com\/ca-es\/#\/schema\/logo\/image\/"},"sameAs":["https:\/\/es-es.facebook.com\/CANFALIMarinaAlta","https:\/\/x.com\/canfalima","https:\/\/www.instagram.com\/canfalimarinaalta\/"]},{"@type":"Person","@id":"https:\/\/canfali.com\/ca-es\/#\/schema\/person\/9c651adc904f3c4e0243f54407751557","name":"Bolta","image":{"@type":"ImageObject","inLanguage":"va-ES","@id":"https:\/\/secure.gravatar.com\/avatar\/550a5d97fe3cfba5caf077b9600e46529e1977e9d14396836e775d6d9d895a81?s=96&d=mm&r=g","url":"https:\/\/secure.gravatar.com\/avatar\/550a5d97fe3cfba5caf077b9600e46529e1977e9d14396836e775d6d9d895a81?s=96&d=mm&r=g","contentUrl":"https:\/\/secure.gravatar.com\/avatar\/550a5d97fe3cfba5caf077b9600e46529e1977e9d14396836e775d6d9d895a81?s=96&d=mm&r=g","caption":"Bolta"},"url":"https:\/\/canfali.com\/ca-es\/author\/bolta\/"}]}},"_links":{"self":[{"href":"https:\/\/canfali.com\/ca-es\/wp-json\/wp\/v2\/posts\/111258","targetHints":{"allow":["GET"]}}],"collection":[{"href":"https:\/\/canfali.com\/ca-es\/wp-json\/wp\/v2\/posts"}],"about":[{"href":"https:\/\/canfali.com\/ca-es\/wp-json\/wp\/v2\/types\/post"}],"author":[{"embeddable":true,"href":"https:\/\/canfali.com\/ca-es\/wp-json\/wp\/v2\/users\/7"}],"replies":[{"embeddable":true,"href":"https:\/\/canfali.com\/ca-es\/wp-json\/wp\/v2\/comments?post=111258"}],"version-history":[{"count":1,"href":"https:\/\/canfali.com\/ca-es\/wp-json\/wp\/v2\/posts\/111258\/revisions"}],"predecessor-version":[{"id":111259,"href":"https:\/\/canfali.com\/ca-es\/wp-json\/wp\/v2\/posts\/111258\/revisions\/111259"}],"wp:featuredmedia":[{"embeddable":true,"href":"https:\/\/canfali.com\/ca-es\/wp-json\/wp\/v2\/media\/111237"}],"wp:attachment":[{"href":"https:\/\/canfali.com\/ca-es\/wp-json\/wp\/v2\/media?parent=111258"}],"wp:term":[{"taxonomy":"category","embeddable":true,"href":"https:\/\/canfali.com\/ca-es\/wp-json\/wp\/v2\/categories?post=111258"},{"taxonomy":"post_tag","embeddable":true,"href":"https:\/\/canfali.com\/ca-es\/wp-json\/wp\/v2\/tags?post=111258"},{"taxonomy":"poblacion","embeddable":true,"href":"https:\/\/canfali.com\/ca-es\/wp-json\/wp\/v2\/poblacion?post=111258"}],"curies":[{"name":"wp","href":"https:\/\/api.w.org\/{rel}","templated":true}]}}