{"id":111206,"date":"2026-09-02T19:44:29","date_gmt":"2026-09-02T17:44:29","guid":{"rendered":"https:\/\/canfali.com\/?p=111206"},"modified":"2026-09-02T19:44:31","modified_gmt":"2026-09-02T17:44:31","slug":"anar-a-peu-al-cole-mola-mes-es-el-lema-de-les-noves-rutes-escolars-segures-a-ondara","status":"publish","type":"post","link":"https:\/\/canfali.com\/ca-es\/anar-a-peu-al-cole-mola-mes-es-el-lema-de-les-noves-rutes-escolars-segures-a-ondara\/","title":{"rendered":"\u201cAnar a peu al cole, mola m\u00e9s!\u201d \u00e9s el lema de les noves rutes escolars segures a Ondara"},"content":{"rendered":"\n<p class=\"wp-block-paragraph\"><strong>Des de l&#8217;Ajuntament pret\u00e9n afavorir l\u2019autonomia dels escolars, promoure h\u00e0bits de vida saludables, disminuir el tr\u00e0nsit de vehicles a l\u2019entorn dels centres educatius i contribuir a una mobilitat m\u00e9s respectuosa amb el medi ambient<\/strong><\/p>\n\n\n\n<p class=\"wp-block-paragraph\">Les Regidories d\u2019Educaci\u00f3 i Inf\u00e0ncia, Adolescencia i Joventut d\u2019Ondara han culminat el disseny dels tres itineraris que comen\u00e7aran a funcionar aquest curs 2026-2027 amb una senyalitzaci\u00f3 espec\u00edfica inspirada en la Raboseta de Pamis.<\/p>\n\n\n\n<p class=\"wp-block-paragraph\">&nbsp;&nbsp;&nbsp;&nbsp;&nbsp;&nbsp; La proposta, portada a cap sota el lema <em>Anar a peu al cole, mola m\u00e9s!<\/em>, ha estat presentada pel respectius regidors, Rosa Ana Mar\u00ed i Jord\u00ed Ruiz, acompanyats pels t\u00e8cnics de cada \u00e0rea, Xelo Castellano i Pedro Gil.<\/p>\n\n\n\n<p class=\"wp-block-paragraph\">&nbsp;&nbsp;&nbsp;&nbsp;&nbsp;&nbsp; La presentaci\u00f3, que ha tingut com a escenari la popular Font de la carxofa des d\u2019on arranca la anomenada <em>ruta blava<\/em> -amb final als banquets de l\u2019olivera a la O-30-que, junt amb la roja -des de la pla\u00e7a 9 d\u2019Octubre fins a la pla\u00e7a de la Pilota- i la verda -amb inici al CEIP Marjals i final a l\u2019avinguda d\u2019Alacant- tenen com a objectiu fomentar que l\u2019alumnat es desplace caminant al centre educatiu d\u2019una manera segura, saludable i sostenible.<\/p>\n\n\n\n<p class=\"wp-block-paragraph\">&nbsp;&nbsp;&nbsp;&nbsp;&nbsp;&nbsp; Segons han explicat, aquest projecte \u00e9s el resultat del treball iniciat el passat curs amb l\u2019activitat participativa realitzada amb l\u2019alumnat de Prim\u00e0ria, en qu\u00e8 els xiquets i xiquetes van contribuir a identificar sobre un pl\u00e0nol els recorreguts habituals cap a l\u2019escola i els punts que requerien una atenci\u00f3 especial. A partir d\u2019eixes aportacions, els departaments municipals d\u2019Educaci\u00f3, Inf\u00e0ncia i Joventut, en coordinaci\u00f3 amb Urbanisme, han revisat i definit els itineraris que ara comen\u00e7aran a implantar-se de manera efectiva.<\/p>\n\n\n\n<p class=\"wp-block-paragraph\">&nbsp;&nbsp;&nbsp;&nbsp;&nbsp;&nbsp; En eixa din\u00e0mica, segons han detallat, les rutes comptaran amb diferents punts d\u2019inici i de trobada, concebuts com a espais de refer\u00e8ncia per a l\u2019alumnat i les fam\u00edlies des d\u2019on comen\u00e7ar el recorregut cap al CEIP Sanchis Guarner, amb la voluntat que puguen ampliar-se progressivament gr\u00e0cies a la participaci\u00f3 de la comunitat educativa. A banda, han apuntat que a la eixida del referit centre s\u2019ha instal\u00b7lat un panell informatiu que indica els recorreguts de tornada a casa per cadascuna de les rutes.<\/p>\n\n\n\n<p class=\"wp-block-paragraph\">&nbsp;&nbsp;&nbsp;&nbsp;&nbsp;&nbsp; La compareixen\u00e7a ha aprofitat a m\u00e9s per a confirmar que la senyalitzaci\u00f3 del projecte ja ha comen\u00e7at amb la col\u00b7locaci\u00f3 dels primers panells identificatius amb la imatge de la <em>Raboseta de Pamis<\/em> com a element visual atractiu perqu\u00e8 els m\u00e9s menuts identifiquen f\u00e0cilment els punts de refer\u00e8ncia de les rutes. Aix\u00ed mateix, han indicat que la intervenci\u00f3 t\u00e9 previst completar-se a posteriori amb petjades al paviment, que marcaran els itineraris segurs per a permetre seguir els recorreguts de manera intu\u00eftiva des dels diferents punts d\u2019inici fins al centre educatiu.<\/p>\n\n\n\n<p class=\"wp-block-paragraph\">&nbsp;&nbsp;&nbsp;&nbsp;&nbsp;&nbsp; Tot aix\u00f2, segons han remarcat, preveu culminar-se amb una activitat de difusi\u00f3 i sensibilitzaci\u00f3 que s\u2019est\u00e0 preparant amb motiu del Dia de la Mobilitat Sostenible, amb l\u2019objectiu de donar a con\u00e9ixer el projecte entre les fam\u00edlies, l\u2019alumnat i la ciutadania, aix\u00ed com conscienciar sobre la import\u00e0ncia de recuperar els despla\u00e7aments a peu dins del municipi.<\/p>\n\n\n\n<p class=\"wp-block-paragraph\">Des de l\u2019Ajuntament d\u2019Ondara s\u2019anima les fam\u00edlies i l\u2019alumnat a participar en aquesta iniciativa, que naix amb vocaci\u00f3 de creixement i que pret\u00e9n convertir els camins cap a l\u2019escola en espais m\u00e9s segurs, educatius i saludables per a tota la comunitat.<\/p>\n","protected":false},"excerpt":{"rendered":"Des de l&#8217;Ajuntament pret\u00e9n afavorir l\u2019autonomia dels escolars, promoure h\u00e0bits de vida saludables, disminuir el tr\u00e0nsit de vehicles&hellip;","protected":false},"author":4,"featured_media":111207,"comment_status":"closed","ping_status":"open","sticky":false,"template":"","format":"standard","meta":{"csco_display_header_overlay":false,"csco_singular_sidebar":"","csco_page_header_type":"","csco_page_load_nextpost":"","csco_post_video_location":[],"csco_post_video_location_hash":"","csco_post_video_url":"","csco_post_video_bg_start_time":0,"csco_post_video_bg_end_time":0,"footnotes":""},"categories":[759],"tags":[861,661,9814,1236],"poblacion":[116],"class_list":["post-111206","post","type-post","status-publish","format-standard","has-post-thumbnail","category-educacio","tag-ajuntament","tag-ondara-2","tag-rutes-escolars-sergures","tag-sostenibilitat","poblacion-ondara","cs-entry","cs-video-wrap"],"yoast_head":"<!-- This site is optimized with the Yoast SEO Premium plugin v26.6 (Yoast SEO v27.3) - https:\/\/yoast.com\/product\/yoast-seo-premium-wordpress\/ -->\n<title>\u201cAnar a peu al cole, mola m\u00e9s!\u201d \u00e9s el lema de les noves rutes escolars segures a Ondara - Canfali<\/title>\n<meta name=\"robots\" content=\"index, follow, max-snippet:-1, max-image-preview:large, max-video-preview:-1\" \/>\n<link rel=\"canonical\" href=\"https:\/\/canfali.com\/ca-es\/anar-a-peu-al-cole-mola-mes-es-el-lema-de-les-noves-rutes-escolars-segures-a-ondara\/\" \/>\n<meta property=\"og:locale\" content=\"en_US\" \/>\n<meta property=\"og:type\" content=\"article\" \/>\n<meta property=\"og:title\" content=\"\u201cAnar a peu al cole, mola m\u00e9s!\u201d \u00e9s el lema de les noves rutes escolars segures a Ondara\" \/>\n<meta property=\"og:description\" content=\"Des de l&#8217;Ajuntament pret\u00e9n afavorir l\u2019autonomia dels escolars, promoure h\u00e0bits de vida saludables, disminuir el tr\u00e0nsit de vehicles&hellip;\" \/>\n<meta property=\"og:url\" content=\"https:\/\/canfali.com\/ca-es\/anar-a-peu-al-cole-mola-mes-es-el-lema-de-les-noves-rutes-escolars-segures-a-ondara\/\" \/>\n<meta property=\"og:site_name\" content=\"Canfali\" \/>\n<meta property=\"article:publisher\" content=\"https:\/\/es-es.facebook.com\/CANFALIMarinaAlta\" \/>\n<meta property=\"article:published_time\" content=\"2026-09-02T17:44:29+00:00\" \/>\n<meta property=\"article:modified_time\" content=\"2026-09-02T17:44:31+00:00\" \/>\n<meta property=\"og:image\" content=\"https:\/\/canfali.com\/app\/uploads\/2026\/09\/camins-escolars-segurs-raboseta-8.jpg\" \/>\n\t<meta property=\"og:image:width\" content=\"1920\" \/>\n\t<meta property=\"og:image:height\" content=\"1280\" \/>\n\t<meta property=\"og:image:type\" content=\"image\/jpeg\" \/>\n<meta name=\"author\" content=\"JJ Mas\" \/>\n<meta name=\"twitter:card\" content=\"summary_large_image\" \/>\n<meta name=\"twitter:creator\" content=\"@canfalima\" \/>\n<meta name=\"twitter:site\" content=\"@canfalima\" \/>\n<meta name=\"twitter:label1\" content=\"Written by\" \/>\n\t<meta name=\"twitter:data1\" content=\"JJ Mas\" \/>\n\t<meta name=\"twitter:label2\" content=\"Est. reading time\" \/>\n\t<meta name=\"twitter:data2\" content=\"3 minutes\" \/>\n<script type=\"application\/ld+json\" class=\"yoast-schema-graph\">{\"@context\":\"https:\\\/\\\/schema.org\",\"@graph\":[{\"@type\":\"NewsArticle\",\"@id\":\"https:\\\/\\\/canfali.com\\\/ca-es\\\/anar-a-peu-al-cole-mola-mes-es-el-lema-de-les-noves-rutes-escolars-segures-a-ondara\\\/#article\",\"isPartOf\":{\"@id\":\"https:\\\/\\\/canfali.com\\\/ca-es\\\/anar-a-peu-al-cole-mola-mes-es-el-lema-de-les-noves-rutes-escolars-segures-a-ondara\\\/\"},\"author\":{\"name\":\"JJ Mas\",\"@id\":\"https:\\\/\\\/canfali.com\\\/ca-es\\\/#\\\/schema\\\/person\\\/d834d2d4df17cac754d3c314d4c404ef\"},\"headline\":\"\u201cAnar a peu al cole, mola m\u00e9s!\u201d \u00e9s el lema de les noves rutes escolars segures a Ondara\",\"datePublished\":\"2026-09-02T17:44:29+00:00\",\"dateModified\":\"2026-09-02T17:44:31+00:00\",\"mainEntityOfPage\":{\"@id\":\"https:\\\/\\\/canfali.com\\\/ca-es\\\/anar-a-peu-al-cole-mola-mes-es-el-lema-de-les-noves-rutes-escolars-segures-a-ondara\\\/\"},\"wordCount\":650,\"publisher\":{\"@id\":\"https:\\\/\\\/canfali.com\\\/ca-es\\\/#organization\"},\"image\":{\"@id\":\"https:\\\/\\\/canfali.com\\\/ca-es\\\/anar-a-peu-al-cole-mola-mes-es-el-lema-de-les-noves-rutes-escolars-segures-a-ondara\\\/#primaryimage\"},\"thumbnailUrl\":\"https:\\\/\\\/canfali.com\\\/app\\\/uploads\\\/2026\\\/09\\\/camins-escolars-segurs-raboseta-8.jpg\",\"keywords\":[\"Ajuntament\",\"Ondara\",\"rutes escolars sergures\",\"sostenibilitat\"],\"articleSection\":[\"Educaci\u00f3\"],\"inLanguage\":\"va-ES\",\"copyrightYear\":\"2026\",\"copyrightHolder\":{\"@id\":\"https:\\\/\\\/canfali.com\\\/#organization\"}},{\"@type\":\"WebPage\",\"@id\":\"https:\\\/\\\/canfali.com\\\/ca-es\\\/anar-a-peu-al-cole-mola-mes-es-el-lema-de-les-noves-rutes-escolars-segures-a-ondara\\\/\",\"url\":\"https:\\\/\\\/canfali.com\\\/ca-es\\\/anar-a-peu-al-cole-mola-mes-es-el-lema-de-les-noves-rutes-escolars-segures-a-ondara\\\/\",\"name\":\"\u201cAnar a peu al cole, mola m\u00e9s!\u201d \u00e9s el lema de les noves rutes escolars segures a Ondara - Canfali\",\"isPartOf\":{\"@id\":\"https:\\\/\\\/canfali.com\\\/ca-es\\\/#website\"},\"primaryImageOfPage\":{\"@id\":\"https:\\\/\\\/canfali.com\\\/ca-es\\\/anar-a-peu-al-cole-mola-mes-es-el-lema-de-les-noves-rutes-escolars-segures-a-ondara\\\/#primaryimage\"},\"image\":{\"@id\":\"https:\\\/\\\/canfali.com\\\/ca-es\\\/anar-a-peu-al-cole-mola-mes-es-el-lema-de-les-noves-rutes-escolars-segures-a-ondara\\\/#primaryimage\"},\"thumbnailUrl\":\"https:\\\/\\\/canfali.com\\\/app\\\/uploads\\\/2026\\\/09\\\/camins-escolars-segurs-raboseta-8.jpg\",\"datePublished\":\"2026-09-02T17:44:29+00:00\",\"dateModified\":\"2026-09-02T17:44:31+00:00\",\"breadcrumb\":{\"@id\":\"https:\\\/\\\/canfali.com\\\/ca-es\\\/anar-a-peu-al-cole-mola-mes-es-el-lema-de-les-noves-rutes-escolars-segures-a-ondara\\\/#breadcrumb\"},\"inLanguage\":\"va-ES\",\"potentialAction\":[{\"@type\":\"ReadAction\",\"target\":[\"https:\\\/\\\/canfali.com\\\/ca-es\\\/anar-a-peu-al-cole-mola-mes-es-el-lema-de-les-noves-rutes-escolars-segures-a-ondara\\\/\"]}]},{\"@type\":\"ImageObject\",\"inLanguage\":\"va-ES\",\"@id\":\"https:\\\/\\\/canfali.com\\\/ca-es\\\/anar-a-peu-al-cole-mola-mes-es-el-lema-de-les-noves-rutes-escolars-segures-a-ondara\\\/#primaryimage\",\"url\":\"https:\\\/\\\/canfali.com\\\/app\\\/uploads\\\/2026\\\/09\\\/camins-escolars-segurs-raboseta-8.jpg\",\"contentUrl\":\"https:\\\/\\\/canfali.com\\\/app\\\/uploads\\\/2026\\\/09\\\/camins-escolars-segurs-raboseta-8.jpg\",\"width\":1920,\"height\":1280},{\"@type\":\"BreadcrumbList\",\"@id\":\"https:\\\/\\\/canfali.com\\\/ca-es\\\/anar-a-peu-al-cole-mola-mes-es-el-lema-de-les-noves-rutes-escolars-segures-a-ondara\\\/#breadcrumb\",\"itemListElement\":[{\"@type\":\"ListItem\",\"position\":1,\"name\":\"Portada\",\"item\":\"https:\\\/\\\/canfali.com\\\/ca-es\\\/\"},{\"@type\":\"ListItem\",\"position\":2,\"name\":\"\u201cAnar a peu al cole, mola m\u00e9s!\u201d \u00e9s el lema de les noves rutes escolars segures a Ondara\"}]},{\"@type\":\"WebSite\",\"@id\":\"https:\\\/\\\/canfali.com\\\/ca-es\\\/#website\",\"url\":\"https:\\\/\\\/canfali.com\\\/ca-es\\\/\",\"name\":\"Canfali\",\"description\":\"\",\"publisher\":{\"@id\":\"https:\\\/\\\/canfali.com\\\/ca-es\\\/#organization\"},\"potentialAction\":[{\"@type\":\"SearchAction\",\"target\":{\"@type\":\"EntryPoint\",\"urlTemplate\":\"https:\\\/\\\/canfali.com\\\/ca-es\\\/?s={search_term_string}\"},\"query-input\":{\"@type\":\"PropertyValueSpecification\",\"valueRequired\":true,\"valueName\":\"search_term_string\"}}],\"inLanguage\":\"va-ES\"},{\"@type\":\"Organization\",\"@id\":\"https:\\\/\\\/canfali.com\\\/ca-es\\\/#organization\",\"name\":\"Canfali\",\"url\":\"https:\\\/\\\/canfali.com\\\/ca-es\\\/\",\"logo\":{\"@type\":\"ImageObject\",\"inLanguage\":\"va-ES\",\"@id\":\"https:\\\/\\\/canfali.com\\\/ca-es\\\/#\\\/schema\\\/logo\\\/image\\\/\",\"url\":\"https:\\\/\\\/canfali.com\\\/app\\\/uploads\\\/2025\\\/12\\\/canfali_marina_alta_logo.png\",\"contentUrl\":\"https:\\\/\\\/canfali.com\\\/app\\\/uploads\\\/2025\\\/12\\\/canfali_marina_alta_logo.png\",\"width\":225,\"height\":225,\"caption\":\"Canfali\"},\"image\":{\"@id\":\"https:\\\/\\\/canfali.com\\\/ca-es\\\/#\\\/schema\\\/logo\\\/image\\\/\"},\"sameAs\":[\"https:\\\/\\\/es-es.facebook.com\\\/CANFALIMarinaAlta\",\"https:\\\/\\\/x.com\\\/canfalima\",\"https:\\\/\\\/www.instagram.com\\\/canfalimarinaalta\\\/\"]},{\"@type\":\"Person\",\"@id\":\"https:\\\/\\\/canfali.com\\\/ca-es\\\/#\\\/schema\\\/person\\\/d834d2d4df17cac754d3c314d4c404ef\",\"name\":\"JJ Mas\",\"image\":{\"@type\":\"ImageObject\",\"inLanguage\":\"va-ES\",\"@id\":\"https:\\\/\\\/secure.gravatar.com\\\/avatar\\\/65a5191f5438bf88c2394f6d1a625a6ff903c8785268e603c623a83bc15ba1ee?s=96&d=mm&r=g\",\"url\":\"https:\\\/\\\/secure.gravatar.com\\\/avatar\\\/65a5191f5438bf88c2394f6d1a625a6ff903c8785268e603c623a83bc15ba1ee?s=96&d=mm&r=g\",\"contentUrl\":\"https:\\\/\\\/secure.gravatar.com\\\/avatar\\\/65a5191f5438bf88c2394f6d1a625a6ff903c8785268e603c623a83bc15ba1ee?s=96&d=mm&r=g\",\"caption\":\"JJ Mas\"},\"url\":\"https:\\\/\\\/canfali.com\\\/ca-es\\\/author\\\/jj\\\/\"}]}<\/script>\n<!-- \/ Yoast SEO Premium plugin. -->","yoast_head_json":{"title":"\u201cAnar a peu al cole, mola m\u00e9s!\u201d \u00e9s el lema de les noves rutes escolars segures a Ondara - Canfali","robots":{"index":"index","follow":"follow","max-snippet":"max-snippet:-1","max-image-preview":"max-image-preview:large","max-video-preview":"max-video-preview:-1"},"canonical":"https:\/\/canfali.com\/ca-es\/anar-a-peu-al-cole-mola-mes-es-el-lema-de-les-noves-rutes-escolars-segures-a-ondara\/","og_locale":"en_US","og_type":"article","og_title":"\u201cAnar a peu al cole, mola m\u00e9s!\u201d \u00e9s el lema de les noves rutes escolars segures a Ondara","og_description":"Des de l&#8217;Ajuntament pret\u00e9n afavorir l\u2019autonomia dels escolars, promoure h\u00e0bits de vida saludables, disminuir el tr\u00e0nsit de vehicles&hellip;","og_url":"https:\/\/canfali.com\/ca-es\/anar-a-peu-al-cole-mola-mes-es-el-lema-de-les-noves-rutes-escolars-segures-a-ondara\/","og_site_name":"Canfali","article_publisher":"https:\/\/es-es.facebook.com\/CANFALIMarinaAlta","article_published_time":"2026-09-02T17:44:29+00:00","article_modified_time":"2026-09-02T17:44:31+00:00","og_image":[{"width":1920,"height":1280,"url":"https:\/\/canfali.com\/app\/uploads\/2026\/09\/camins-escolars-segurs-raboseta-8.jpg","type":"image\/jpeg"}],"author":"JJ Mas","twitter_card":"summary_large_image","twitter_creator":"@canfalima","twitter_site":"@canfalima","twitter_misc":{"Written by":"JJ Mas","Est. reading time":"3 minutes"},"schema":{"@context":"https:\/\/schema.org","@graph":[{"@type":"NewsArticle","@id":"https:\/\/canfali.com\/ca-es\/anar-a-peu-al-cole-mola-mes-es-el-lema-de-les-noves-rutes-escolars-segures-a-ondara\/#article","isPartOf":{"@id":"https:\/\/canfali.com\/ca-es\/anar-a-peu-al-cole-mola-mes-es-el-lema-de-les-noves-rutes-escolars-segures-a-ondara\/"},"author":{"name":"JJ Mas","@id":"https:\/\/canfali.com\/ca-es\/#\/schema\/person\/d834d2d4df17cac754d3c314d4c404ef"},"headline":"\u201cAnar a peu al cole, mola m\u00e9s!\u201d \u00e9s el lema de les noves rutes escolars segures a Ondara","datePublished":"2026-09-02T17:44:29+00:00","dateModified":"2026-09-02T17:44:31+00:00","mainEntityOfPage":{"@id":"https:\/\/canfali.com\/ca-es\/anar-a-peu-al-cole-mola-mes-es-el-lema-de-les-noves-rutes-escolars-segures-a-ondara\/"},"wordCount":650,"publisher":{"@id":"https:\/\/canfali.com\/ca-es\/#organization"},"image":{"@id":"https:\/\/canfali.com\/ca-es\/anar-a-peu-al-cole-mola-mes-es-el-lema-de-les-noves-rutes-escolars-segures-a-ondara\/#primaryimage"},"thumbnailUrl":"https:\/\/canfali.com\/app\/uploads\/2026\/09\/camins-escolars-segurs-raboseta-8.jpg","keywords":["Ajuntament","Ondara","rutes escolars sergures","sostenibilitat"],"articleSection":["Educaci\u00f3"],"inLanguage":"va-ES","copyrightYear":"2026","copyrightHolder":{"@id":"https:\/\/canfali.com\/#organization"}},{"@type":"WebPage","@id":"https:\/\/canfali.com\/ca-es\/anar-a-peu-al-cole-mola-mes-es-el-lema-de-les-noves-rutes-escolars-segures-a-ondara\/","url":"https:\/\/canfali.com\/ca-es\/anar-a-peu-al-cole-mola-mes-es-el-lema-de-les-noves-rutes-escolars-segures-a-ondara\/","name":"\u201cAnar a peu al cole, mola m\u00e9s!\u201d \u00e9s el lema de les noves rutes escolars segures a Ondara - Canfali","isPartOf":{"@id":"https:\/\/canfali.com\/ca-es\/#website"},"primaryImageOfPage":{"@id":"https:\/\/canfali.com\/ca-es\/anar-a-peu-al-cole-mola-mes-es-el-lema-de-les-noves-rutes-escolars-segures-a-ondara\/#primaryimage"},"image":{"@id":"https:\/\/canfali.com\/ca-es\/anar-a-peu-al-cole-mola-mes-es-el-lema-de-les-noves-rutes-escolars-segures-a-ondara\/#primaryimage"},"thumbnailUrl":"https:\/\/canfali.com\/app\/uploads\/2026\/09\/camins-escolars-segurs-raboseta-8.jpg","datePublished":"2026-09-02T17:44:29+00:00","dateModified":"2026-09-02T17:44:31+00:00","breadcrumb":{"@id":"https:\/\/canfali.com\/ca-es\/anar-a-peu-al-cole-mola-mes-es-el-lema-de-les-noves-rutes-escolars-segures-a-ondara\/#breadcrumb"},"inLanguage":"va-ES","potentialAction":[{"@type":"ReadAction","target":["https:\/\/canfali.com\/ca-es\/anar-a-peu-al-cole-mola-mes-es-el-lema-de-les-noves-rutes-escolars-segures-a-ondara\/"]}]},{"@type":"ImageObject","inLanguage":"va-ES","@id":"https:\/\/canfali.com\/ca-es\/anar-a-peu-al-cole-mola-mes-es-el-lema-de-les-noves-rutes-escolars-segures-a-ondara\/#primaryimage","url":"https:\/\/canfali.com\/app\/uploads\/2026\/09\/camins-escolars-segurs-raboseta-8.jpg","contentUrl":"https:\/\/canfali.com\/app\/uploads\/2026\/09\/camins-escolars-segurs-raboseta-8.jpg","width":1920,"height":1280},{"@type":"BreadcrumbList","@id":"https:\/\/canfali.com\/ca-es\/anar-a-peu-al-cole-mola-mes-es-el-lema-de-les-noves-rutes-escolars-segures-a-ondara\/#breadcrumb","itemListElement":[{"@type":"ListItem","position":1,"name":"Portada","item":"https:\/\/canfali.com\/ca-es\/"},{"@type":"ListItem","position":2,"name":"\u201cAnar a peu al cole, mola m\u00e9s!\u201d \u00e9s el lema de les noves rutes escolars segures a Ondara"}]},{"@type":"WebSite","@id":"https:\/\/canfali.com\/ca-es\/#website","url":"https:\/\/canfali.com\/ca-es\/","name":"Canfali","description":"","publisher":{"@id":"https:\/\/canfali.com\/ca-es\/#organization"},"potentialAction":[{"@type":"SearchAction","target":{"@type":"EntryPoint","urlTemplate":"https:\/\/canfali.com\/ca-es\/?s={search_term_string}"},"query-input":{"@type":"PropertyValueSpecification","valueRequired":true,"valueName":"search_term_string"}}],"inLanguage":"va-ES"},{"@type":"Organization","@id":"https:\/\/canfali.com\/ca-es\/#organization","name":"Canfali","url":"https:\/\/canfali.com\/ca-es\/","logo":{"@type":"ImageObject","inLanguage":"va-ES","@id":"https:\/\/canfali.com\/ca-es\/#\/schema\/logo\/image\/","url":"https:\/\/canfali.com\/app\/uploads\/2025\/12\/canfali_marina_alta_logo.png","contentUrl":"https:\/\/canfali.com\/app\/uploads\/2025\/12\/canfali_marina_alta_logo.png","width":225,"height":225,"caption":"Canfali"},"image":{"@id":"https:\/\/canfali.com\/ca-es\/#\/schema\/logo\/image\/"},"sameAs":["https:\/\/es-es.facebook.com\/CANFALIMarinaAlta","https:\/\/x.com\/canfalima","https:\/\/www.instagram.com\/canfalimarinaalta\/"]},{"@type":"Person","@id":"https:\/\/canfali.com\/ca-es\/#\/schema\/person\/d834d2d4df17cac754d3c314d4c404ef","name":"JJ Mas","image":{"@type":"ImageObject","inLanguage":"va-ES","@id":"https:\/\/secure.gravatar.com\/avatar\/65a5191f5438bf88c2394f6d1a625a6ff903c8785268e603c623a83bc15ba1ee?s=96&d=mm&r=g","url":"https:\/\/secure.gravatar.com\/avatar\/65a5191f5438bf88c2394f6d1a625a6ff903c8785268e603c623a83bc15ba1ee?s=96&d=mm&r=g","contentUrl":"https:\/\/secure.gravatar.com\/avatar\/65a5191f5438bf88c2394f6d1a625a6ff903c8785268e603c623a83bc15ba1ee?s=96&d=mm&r=g","caption":"JJ Mas"},"url":"https:\/\/canfali.com\/ca-es\/author\/jj\/"}]}},"_links":{"self":[{"href":"https:\/\/canfali.com\/ca-es\/wp-json\/wp\/v2\/posts\/111206","targetHints":{"allow":["GET"]}}],"collection":[{"href":"https:\/\/canfali.com\/ca-es\/wp-json\/wp\/v2\/posts"}],"about":[{"href":"https:\/\/canfali.com\/ca-es\/wp-json\/wp\/v2\/types\/post"}],"author":[{"embeddable":true,"href":"https:\/\/canfali.com\/ca-es\/wp-json\/wp\/v2\/users\/4"}],"replies":[{"embeddable":true,"href":"https:\/\/canfali.com\/ca-es\/wp-json\/wp\/v2\/comments?post=111206"}],"version-history":[{"count":2,"href":"https:\/\/canfali.com\/ca-es\/wp-json\/wp\/v2\/posts\/111206\/revisions"}],"predecessor-version":[{"id":111212,"href":"https:\/\/canfali.com\/ca-es\/wp-json\/wp\/v2\/posts\/111206\/revisions\/111212"}],"wp:featuredmedia":[{"embeddable":true,"href":"https:\/\/canfali.com\/ca-es\/wp-json\/wp\/v2\/media\/111207"}],"wp:attachment":[{"href":"https:\/\/canfali.com\/ca-es\/wp-json\/wp\/v2\/media?parent=111206"}],"wp:term":[{"taxonomy":"category","embeddable":true,"href":"https:\/\/canfali.com\/ca-es\/wp-json\/wp\/v2\/categories?post=111206"},{"taxonomy":"post_tag","embeddable":true,"href":"https:\/\/canfali.com\/ca-es\/wp-json\/wp\/v2\/tags?post=111206"},{"taxonomy":"poblacion","embeddable":true,"href":"https:\/\/canfali.com\/ca-es\/wp-json\/wp\/v2\/poblacion?post=111206"}],"curies":[{"name":"wp","href":"https:\/\/api.w.org\/{rel}","templated":true}]}}