{"id":111200,"date":"2026-09-03T07:24:00","date_gmt":"2026-09-03T05:24:00","guid":{"rendered":"https:\/\/canfali.com\/?p=111200"},"modified":"2026-09-02T19:42:23","modified_gmt":"2026-09-02T17:42:23","slug":"vigela-lloret-clavaria-daltea","status":"publish","type":"post","link":"https:\/\/canfali.com\/ca-es\/vigela-lloret-clavaria-daltea\/","title":{"rendered":"Vigela Lloret, clav\u00e0ria de la Festa Major d\u2019Altea: \u00abLa festa es fa per a compartir\u00bb"},"content":{"rendered":"\n<p class=\"wp-block-paragraph\"><strong>Altea est\u00e0 immersa en la seua Festa Major que viuran els seus dies forts a finals de setembre. Enguany, una de les figures protagonistes \u00e9s Vigela Lloret, que afronta amb emoci\u00f3 i responsabilitat el c\u00e0rrec de clav\u00e0ria de les festes dedicades al Sant\u00edssim Crist del Sagrari. Vinculada des de sempre a les tradicions festeres del municipi i membre d\u2019una fam\u00edlia profundament arrelada a la festa, Lloret assegura que assumir aquesta responsabilitat ha sigut \u00abun honor i un susto al mateix temps\u00bb. Des de la perspectiva privilegiada del c\u00e0rrec, Lloret, parla de la programaci\u00f3, de la relaci\u00f3 entre la festa del Crist i els Moros i Cristians i anima ve\u00efns i visitants a deixar-se portar per l\u2019ambient dels dies grans d\u2019Altea.<\/strong><\/p>\n\n\n\n<p class=\"wp-block-paragraph\"><strong>PREGUNTA: Qu\u00e8 suposa per a vost\u00e8 ser clav\u00e0ria de les Festes Patronals d\u2019Altea?<\/strong><\/p>\n\n\n\n<p class=\"wp-block-paragraph\"><strong>RESPOSTA:<\/strong> \u00c9s un honor i un susto al mateix temps. Per\u00f2 quan a la casa on t\u2019has criat les tradicions formen part de la vida, dir-li que s\u00ed al Crist \u00e9s una tradici\u00f3 en el nostre poble i, concretament, en la meua fam\u00edlia. Va ser una decisi\u00f3 molt pensada, per\u00f2 tamb\u00e9 presa amb molt d\u2019agra\u00efment. \u00c9s un honor poder ser la clav\u00e0ria i representar, junt amb els clavaris, les nostres Festes Majors.<\/p>\n\n\n\n<p class=\"wp-block-paragraph\"><strong>P.: Com es viu la festa des de dins, amb aquesta responsabilitat?<\/strong><\/p>\n\n\n\n<p class=\"wp-block-paragraph\"><strong>R.:<\/strong> Des de dins \u00e9s molt bonica. Jo he viscut la festa des de totes les vessants perqu\u00e8 tinc una fam\u00edlia molt festera. He estat al costat de la reina infantil de les festes del Crist, al costat de la reina dels Moros i Cristians, d\u2019una cristiana, d\u2019un alferes cristi\u00e0, d\u2019una clav\u00e0ria i de clavaris d\u2019honor. Tamb\u00e9 he estat al costat dels majorals, que han sigut els meus pares, i la meua germana i jo hem sigut dames. Sempre hem estat en la festa. Ser clav\u00e0ria \u00e9s com culminar tot aix\u00f2. \u00c9s un c\u00e0rrec que mai havia imaginat, perqu\u00e8 no estava ni en el meu panorama ni en el del meu home. Mai hav\u00edem pensat en a\u00e7\u00f2, i quan t\u2019arriba, t\u2019arriba amb molt d\u2019agra\u00efment.<\/p>\n\n\n\n<p class=\"wp-block-paragraph\"><strong>P.: La pr\u00e8via de la festa va arrancar amb la presentaci\u00f3 dels cartells. Com va viure personalment aquell moment?<\/strong><\/p>\n\n\n\n<p class=\"wp-block-paragraph\"><strong>R.:<\/strong> Va ser molt emotiu i de molt\u00edssima alegria, perqu\u00e8 el cartell t\u00e9 un significat molt especial. Com a clav\u00e0ria, imagines coses tot el temps, i jo havia imaginat un dibuix fet a llapis. Just acabada la Setmana Santa vaig tindre una conversa amb Isa Cardona, que em va mostrar el seu gust per aquesta t\u00e8cnica i em va dir que s\u2019atrevia a fer-lo. Aquell esborrany va anar evolucionant fins a prendre una forma meravellosa. Quan me\u2019l va ensenyar vaig pensar: \u00ab\u00c9s com si m\u2019haguera llegit el que jo tenia en el cap\u00bb. Poder mostrar-lo i compartir-lo amb tot el m\u00f3n va ser molt bonic. Crec que hem de donar les gr\u00e0cies a Isa per haver fet un cartell tan bonic i amb tant de significat, perqu\u00e8 ha unit la festa, la tradici\u00f3, Altea i la fe, que \u00e9s all\u00f2 en qu\u00e8 aquesta comissi\u00f3 estem totalment arrelats.<\/p>\n\n\n\n<p class=\"wp-block-paragraph\"><strong>P.: Per a la gent que ve de fora i no coneix les Festes d\u2019Altea, qu\u00e8 els diria perqu\u00e8 les puguen gaudir plenament?<\/strong><\/p>\n\n\n\n<p class=\"wp-block-paragraph\"><strong>R.:<\/strong> Els diria que es deixen viure dins de la festa. Hi ha molt\u00edssims actes que organitzem des de la Comissi\u00f3 del Sant\u00edssim Crist del Sagrari i tamb\u00e9 des de Moros i Cristians. Tot aix\u00f2 fa que els dies estiguen plens d\u2019activitats. Comencem dijous a la nit d\u2019una manera informal, despr\u00e9s arriba el volteig de campanes i encetem oficialment la festa divendres al migdia. I continuem amb l\u2019Entrada de la Murta, meravellosa i oberta a tot el m\u00f3n, perqu\u00e8 ser\u00e0 una activitat al carrer que gaudirem grans i menuts. Despr\u00e9s vindr\u00e0 el preg\u00f3, el correfocs de Xarxa Teatre, els tributs musicals a Amaral i La Oreja de Van Gogh&#8230; I dissabte comen\u00e7a tota la traca d\u2019esdeveniments: ambaixades, desfilades, cercaviles, misses, processons&#8230; \u00c9s un no parar. I si et deixes portar per la festa, per la p\u00f3lvora, per la m\u00fasica i pel bon ambient, vius una festa amb molt\u00edssima alegria, que crec que hui en dia ens fa falta a tots.<\/p>\n\n\n\n<p class=\"wp-block-paragraph\"><strong>P.: Com veu la conviv\u00e8ncia entre la Comissi\u00f3 de Festes del Crist i la Federaci\u00f3 de Moros i Cristians?<\/strong><\/p>\n\n\n\n<p class=\"wp-block-paragraph\"><strong>R.:<\/strong> \u00c9s un treball que s\u2019ha de mimar i en qu\u00e8 ens hem d\u2019apropar m\u00e9s, perqu\u00e8 \u00e9s una festa que vivim de manera conjunta. Durant tots els dies fem actes i coparticipem en moltes activitats. Cal que tots entenguem que la festa de Moros i Cristians i el Crist van de la m\u00e0. De fet, la festa de Moros i Cristians naix en 1978 d\u2019una comissi\u00f3 del Sant\u00edssim Crist del Sagrari, recolzada per una altra comissi\u00f3 m\u00e9s antiga del Crist. Per tant, han nascut juntes, una naix de l\u2019altra, i al llarg del temps s\u2019han anat donant suport. Gr\u00e0cies a tindre les dues parts, la festa ha tingut continu\u00eftat. Enguany, a m\u00e9s, la Federaci\u00f3 t\u00e9 una participaci\u00f3 alt\u00edssima, per\u00f2 tamb\u00e9 el Sant\u00edssim Crist del Sagrari t\u00e9 una participaci\u00f3 com feia anys que no es veia. Aix\u00f2 vol dir que, si tots ens il\u00b7lusionem i anem de la m\u00e0, cada vegada les persones tenim m\u00e9s ganes de pert\u00e0nyer a la festa.<\/p>\n\n\n\n<p class=\"wp-block-paragraph\"><strong>P.: Per acabar, quin \u00e9s el seu missatge per als ve\u00efns d\u2019Altea i per a la gent de la comarca perqu\u00e8 s\u2019acosten a les festes?<\/strong><\/p>\n\n\n\n<p class=\"wp-block-paragraph\"><strong>R.:<\/strong> Per descomptat que participen dels actes, perqu\u00e8 la festa es fa per a donar alegria al poble d\u2019Altea, a tota la comarca i a tota la gent que vulga visitar-nos. La festa es fa per a compartir. Per aix\u00f2 convide tots els ve\u00efns i ve\u00efnes, tots els visitants i totes les persones que tinguen un ratet per passar-se per Altea i viure els actes que tindrem del 25 al 29 de setembre durant tot el dia. Volem que vinguen a disfrutar, a tindre alegria i a viure aquesta germanor que entre tots fem societat.<\/p>\n","protected":false},"excerpt":{"rendered":"Altea est\u00e0 immersa en la seua Festa Major que viuran els seus dies forts a finals de setembre.&hellip;","protected":false},"author":8,"featured_media":111201,"comment_status":"closed","ping_status":"open","sticky":false,"template":"","format":"standard","meta":{"csco_display_header_overlay":false,"csco_singular_sidebar":"","csco_page_header_type":"","csco_page_load_nextpost":"","csco_post_video_location":[],"csco_post_video_location_hash":"","csco_post_video_url":"","csco_post_video_bg_start_time":0,"csco_post_video_bg_end_time":0,"footnotes":""},"categories":[41,7103],"tags":[],"poblacion":[],"class_list":["post-111200","post","type-post","status-publish","format-standard","has-post-thumbnail","category-fiestas","category-marina_baixa","cs-entry","cs-video-wrap"],"yoast_head":"<!-- This site is optimized with the Yoast SEO Premium plugin v26.6 (Yoast SEO v27.3) - https:\/\/yoast.com\/product\/yoast-seo-premium-wordpress\/ -->\n<title>Vigela Lloret, clav\u00e0ria de la Festa Major d\u2019Altea: \u00abLa festa es fa per a compartir\u00bb - Canfali<\/title>\n<meta name=\"description\" content=\"Vigela Lloret afronta amb emoci\u00f3 i responsabilitat el c\u00e0rrec de clav\u00e0ria de les festes dedicades al Sant\u00edssim Crist del Sagrari\" \/>\n<meta name=\"robots\" content=\"index, follow, max-snippet:-1, max-image-preview:large, max-video-preview:-1\" \/>\n<link rel=\"canonical\" href=\"https:\/\/canfali.com\/ca-es\/vigela-lloret-clavaria-daltea\/\" \/>\n<meta property=\"og:locale\" content=\"en_US\" \/>\n<meta property=\"og:type\" content=\"article\" \/>\n<meta property=\"og:title\" content=\"Vigela Lloret, clav\u00e0ria de la Festa Major d\u2019Altea: \u00abLa festa es fa per a compartir\u00bb\" \/>\n<meta property=\"og:description\" content=\"Vigela Lloret afronta amb emoci\u00f3 i responsabilitat el c\u00e0rrec de clav\u00e0ria de les festes dedicades al Sant\u00edssim Crist del Sagrari\" \/>\n<meta property=\"og:url\" content=\"https:\/\/canfali.com\/ca-es\/vigela-lloret-clavaria-daltea\/\" \/>\n<meta property=\"og:site_name\" content=\"Canfali\" \/>\n<meta property=\"article:publisher\" content=\"https:\/\/es-es.facebook.com\/CANFALIMarinaAlta\" \/>\n<meta property=\"article:published_time\" content=\"2026-09-03T05:24:00+00:00\" \/>\n<meta property=\"og:image\" content=\"https:\/\/canfali.com\/app\/uploads\/2026\/09\/vigilia.jpg\" \/>\n\t<meta property=\"og:image:width\" content=\"1020\" \/>\n\t<meta property=\"og:image:height\" content=\"574\" \/>\n\t<meta property=\"og:image:type\" content=\"image\/jpeg\" \/>\n<meta name=\"author\" content=\"Lluis\" \/>\n<meta name=\"twitter:card\" content=\"summary_large_image\" \/>\n<meta name=\"twitter:creator\" content=\"@canfalima\" \/>\n<meta name=\"twitter:site\" content=\"@canfalima\" \/>\n<meta name=\"twitter:label1\" content=\"Written by\" \/>\n\t<meta name=\"twitter:data1\" content=\"Lluis\" \/>\n\t<meta name=\"twitter:label2\" content=\"Est. reading time\" \/>\n\t<meta name=\"twitter:data2\" content=\"5 minutes\" \/>\n<script type=\"application\/ld+json\" class=\"yoast-schema-graph\">{\"@context\":\"https:\\\/\\\/schema.org\",\"@graph\":[{\"@type\":\"NewsArticle\",\"@id\":\"https:\\\/\\\/canfali.com\\\/ca-es\\\/vigela-lloret-clavaria-daltea\\\/#article\",\"isPartOf\":{\"@id\":\"https:\\\/\\\/canfali.com\\\/ca-es\\\/vigela-lloret-clavaria-daltea\\\/\"},\"author\":{\"name\":\"Lluis\",\"@id\":\"https:\\\/\\\/canfali.com\\\/ca-es\\\/#\\\/schema\\\/person\\\/f540a86fb33e10daaae53c59ceaa1194\"},\"headline\":\"Vigela Lloret, clav\u00e0ria de la Festa Major d\u2019Altea: \u00abLa festa es fa per a compartir\u00bb\",\"datePublished\":\"2026-09-03T05:24:00+00:00\",\"mainEntityOfPage\":{\"@id\":\"https:\\\/\\\/canfali.com\\\/ca-es\\\/vigela-lloret-clavaria-daltea\\\/\"},\"wordCount\":1078,\"publisher\":{\"@id\":\"https:\\\/\\\/canfali.com\\\/ca-es\\\/#organization\"},\"image\":{\"@id\":\"https:\\\/\\\/canfali.com\\\/ca-es\\\/vigela-lloret-clavaria-daltea\\\/#primaryimage\"},\"thumbnailUrl\":\"https:\\\/\\\/canfali.com\\\/app\\\/uploads\\\/2026\\\/09\\\/vigilia.jpg\",\"articleSection\":[\"Fiestas\",\"Marina Baixa\"],\"inLanguage\":\"va-ES\",\"copyrightYear\":\"2026\",\"copyrightHolder\":{\"@id\":\"https:\\\/\\\/canfali.com\\\/#organization\"}},{\"@type\":\"WebPage\",\"@id\":\"https:\\\/\\\/canfali.com\\\/ca-es\\\/vigela-lloret-clavaria-daltea\\\/\",\"url\":\"https:\\\/\\\/canfali.com\\\/ca-es\\\/vigela-lloret-clavaria-daltea\\\/\",\"name\":\"Vigela Lloret, clav\u00e0ria de la Festa Major d\u2019Altea: \u00abLa festa es fa per a compartir\u00bb - Canfali\",\"isPartOf\":{\"@id\":\"https:\\\/\\\/canfali.com\\\/ca-es\\\/#website\"},\"primaryImageOfPage\":{\"@id\":\"https:\\\/\\\/canfali.com\\\/ca-es\\\/vigela-lloret-clavaria-daltea\\\/#primaryimage\"},\"image\":{\"@id\":\"https:\\\/\\\/canfali.com\\\/ca-es\\\/vigela-lloret-clavaria-daltea\\\/#primaryimage\"},\"thumbnailUrl\":\"https:\\\/\\\/canfali.com\\\/app\\\/uploads\\\/2026\\\/09\\\/vigilia.jpg\",\"datePublished\":\"2026-09-03T05:24:00+00:00\",\"description\":\"Vigela Lloret afronta amb emoci\u00f3 i responsabilitat el c\u00e0rrec de clav\u00e0ria de les festes dedicades al Sant\u00edssim Crist del Sagrari\",\"breadcrumb\":{\"@id\":\"https:\\\/\\\/canfali.com\\\/ca-es\\\/vigela-lloret-clavaria-daltea\\\/#breadcrumb\"},\"inLanguage\":\"va-ES\",\"potentialAction\":[{\"@type\":\"ReadAction\",\"target\":[\"https:\\\/\\\/canfali.com\\\/ca-es\\\/vigela-lloret-clavaria-daltea\\\/\"]}]},{\"@type\":\"ImageObject\",\"inLanguage\":\"va-ES\",\"@id\":\"https:\\\/\\\/canfali.com\\\/ca-es\\\/vigela-lloret-clavaria-daltea\\\/#primaryimage\",\"url\":\"https:\\\/\\\/canfali.com\\\/app\\\/uploads\\\/2026\\\/09\\\/vigilia.jpg\",\"contentUrl\":\"https:\\\/\\\/canfali.com\\\/app\\\/uploads\\\/2026\\\/09\\\/vigilia.jpg\",\"width\":1020,\"height\":574,\"caption\":\"Screenshot\"},{\"@type\":\"BreadcrumbList\",\"@id\":\"https:\\\/\\\/canfali.com\\\/ca-es\\\/vigela-lloret-clavaria-daltea\\\/#breadcrumb\",\"itemListElement\":[{\"@type\":\"ListItem\",\"position\":1,\"name\":\"Portada\",\"item\":\"https:\\\/\\\/canfali.com\\\/ca-es\\\/\"},{\"@type\":\"ListItem\",\"position\":2,\"name\":\"Vigela Lloret, clav\u00e0ria de la Festa Major d\u2019Altea: \u00abLa festa es fa per a compartir\u00bb\"}]},{\"@type\":\"WebSite\",\"@id\":\"https:\\\/\\\/canfali.com\\\/ca-es\\\/#website\",\"url\":\"https:\\\/\\\/canfali.com\\\/ca-es\\\/\",\"name\":\"Canfali\",\"description\":\"\",\"publisher\":{\"@id\":\"https:\\\/\\\/canfali.com\\\/ca-es\\\/#organization\"},\"potentialAction\":[{\"@type\":\"SearchAction\",\"target\":{\"@type\":\"EntryPoint\",\"urlTemplate\":\"https:\\\/\\\/canfali.com\\\/ca-es\\\/?s={search_term_string}\"},\"query-input\":{\"@type\":\"PropertyValueSpecification\",\"valueRequired\":true,\"valueName\":\"search_term_string\"}}],\"inLanguage\":\"va-ES\"},{\"@type\":\"Organization\",\"@id\":\"https:\\\/\\\/canfali.com\\\/ca-es\\\/#organization\",\"name\":\"Canfali\",\"url\":\"https:\\\/\\\/canfali.com\\\/ca-es\\\/\",\"logo\":{\"@type\":\"ImageObject\",\"inLanguage\":\"va-ES\",\"@id\":\"https:\\\/\\\/canfali.com\\\/ca-es\\\/#\\\/schema\\\/logo\\\/image\\\/\",\"url\":\"https:\\\/\\\/canfali.com\\\/app\\\/uploads\\\/2025\\\/12\\\/canfali_marina_alta_logo.png\",\"contentUrl\":\"https:\\\/\\\/canfali.com\\\/app\\\/uploads\\\/2025\\\/12\\\/canfali_marina_alta_logo.png\",\"width\":225,\"height\":225,\"caption\":\"Canfali\"},\"image\":{\"@id\":\"https:\\\/\\\/canfali.com\\\/ca-es\\\/#\\\/schema\\\/logo\\\/image\\\/\"},\"sameAs\":[\"https:\\\/\\\/es-es.facebook.com\\\/CANFALIMarinaAlta\",\"https:\\\/\\\/x.com\\\/canfalima\",\"https:\\\/\\\/www.instagram.com\\\/canfalimarinaalta\\\/\"]},{\"@type\":\"Person\",\"@id\":\"https:\\\/\\\/canfali.com\\\/ca-es\\\/#\\\/schema\\\/person\\\/f540a86fb33e10daaae53c59ceaa1194\",\"name\":\"Lluis\",\"image\":{\"@type\":\"ImageObject\",\"inLanguage\":\"va-ES\",\"@id\":\"https:\\\/\\\/secure.gravatar.com\\\/avatar\\\/a21ec8835290e4e02ed0886b8cb327d807d0eb6ec8ccf25d4c2a0a415f506c0d?s=96&d=mm&r=g\",\"url\":\"https:\\\/\\\/secure.gravatar.com\\\/avatar\\\/a21ec8835290e4e02ed0886b8cb327d807d0eb6ec8ccf25d4c2a0a415f506c0d?s=96&d=mm&r=g\",\"contentUrl\":\"https:\\\/\\\/secure.gravatar.com\\\/avatar\\\/a21ec8835290e4e02ed0886b8cb327d807d0eb6ec8ccf25d4c2a0a415f506c0d?s=96&d=mm&r=g\",\"caption\":\"Lluis\"},\"url\":\"https:\\\/\\\/canfali.com\\\/ca-es\\\/author\\\/lluis\\\/\"}]}<\/script>\n<!-- \/ Yoast SEO Premium plugin. -->","yoast_head_json":{"title":"Vigela Lloret, clav\u00e0ria de la Festa Major d\u2019Altea: \u00abLa festa es fa per a compartir\u00bb - Canfali","description":"Vigela Lloret afronta amb emoci\u00f3 i responsabilitat el c\u00e0rrec de clav\u00e0ria de les festes dedicades al Sant\u00edssim Crist del Sagrari","robots":{"index":"index","follow":"follow","max-snippet":"max-snippet:-1","max-image-preview":"max-image-preview:large","max-video-preview":"max-video-preview:-1"},"canonical":"https:\/\/canfali.com\/ca-es\/vigela-lloret-clavaria-daltea\/","og_locale":"en_US","og_type":"article","og_title":"Vigela Lloret, clav\u00e0ria de la Festa Major d\u2019Altea: \u00abLa festa es fa per a compartir\u00bb","og_description":"Vigela Lloret afronta amb emoci\u00f3 i responsabilitat el c\u00e0rrec de clav\u00e0ria de les festes dedicades al Sant\u00edssim Crist del Sagrari","og_url":"https:\/\/canfali.com\/ca-es\/vigela-lloret-clavaria-daltea\/","og_site_name":"Canfali","article_publisher":"https:\/\/es-es.facebook.com\/CANFALIMarinaAlta","article_published_time":"2026-09-03T05:24:00+00:00","og_image":[{"width":1020,"height":574,"url":"https:\/\/canfali.com\/app\/uploads\/2026\/09\/vigilia.jpg","type":"image\/jpeg"}],"author":"Lluis","twitter_card":"summary_large_image","twitter_creator":"@canfalima","twitter_site":"@canfalima","twitter_misc":{"Written by":"Lluis","Est. reading time":"5 minutes"},"schema":{"@context":"https:\/\/schema.org","@graph":[{"@type":"NewsArticle","@id":"https:\/\/canfali.com\/ca-es\/vigela-lloret-clavaria-daltea\/#article","isPartOf":{"@id":"https:\/\/canfali.com\/ca-es\/vigela-lloret-clavaria-daltea\/"},"author":{"name":"Lluis","@id":"https:\/\/canfali.com\/ca-es\/#\/schema\/person\/f540a86fb33e10daaae53c59ceaa1194"},"headline":"Vigela Lloret, clav\u00e0ria de la Festa Major d\u2019Altea: \u00abLa festa es fa per a compartir\u00bb","datePublished":"2026-09-03T05:24:00+00:00","mainEntityOfPage":{"@id":"https:\/\/canfali.com\/ca-es\/vigela-lloret-clavaria-daltea\/"},"wordCount":1078,"publisher":{"@id":"https:\/\/canfali.com\/ca-es\/#organization"},"image":{"@id":"https:\/\/canfali.com\/ca-es\/vigela-lloret-clavaria-daltea\/#primaryimage"},"thumbnailUrl":"https:\/\/canfali.com\/app\/uploads\/2026\/09\/vigilia.jpg","articleSection":["Fiestas","Marina Baixa"],"inLanguage":"va-ES","copyrightYear":"2026","copyrightHolder":{"@id":"https:\/\/canfali.com\/#organization"}},{"@type":"WebPage","@id":"https:\/\/canfali.com\/ca-es\/vigela-lloret-clavaria-daltea\/","url":"https:\/\/canfali.com\/ca-es\/vigela-lloret-clavaria-daltea\/","name":"Vigela Lloret, clav\u00e0ria de la Festa Major d\u2019Altea: \u00abLa festa es fa per a compartir\u00bb - Canfali","isPartOf":{"@id":"https:\/\/canfali.com\/ca-es\/#website"},"primaryImageOfPage":{"@id":"https:\/\/canfali.com\/ca-es\/vigela-lloret-clavaria-daltea\/#primaryimage"},"image":{"@id":"https:\/\/canfali.com\/ca-es\/vigela-lloret-clavaria-daltea\/#primaryimage"},"thumbnailUrl":"https:\/\/canfali.com\/app\/uploads\/2026\/09\/vigilia.jpg","datePublished":"2026-09-03T05:24:00+00:00","description":"Vigela Lloret afronta amb emoci\u00f3 i responsabilitat el c\u00e0rrec de clav\u00e0ria de les festes dedicades al Sant\u00edssim Crist del Sagrari","breadcrumb":{"@id":"https:\/\/canfali.com\/ca-es\/vigela-lloret-clavaria-daltea\/#breadcrumb"},"inLanguage":"va-ES","potentialAction":[{"@type":"ReadAction","target":["https:\/\/canfali.com\/ca-es\/vigela-lloret-clavaria-daltea\/"]}]},{"@type":"ImageObject","inLanguage":"va-ES","@id":"https:\/\/canfali.com\/ca-es\/vigela-lloret-clavaria-daltea\/#primaryimage","url":"https:\/\/canfali.com\/app\/uploads\/2026\/09\/vigilia.jpg","contentUrl":"https:\/\/canfali.com\/app\/uploads\/2026\/09\/vigilia.jpg","width":1020,"height":574,"caption":"Screenshot"},{"@type":"BreadcrumbList","@id":"https:\/\/canfali.com\/ca-es\/vigela-lloret-clavaria-daltea\/#breadcrumb","itemListElement":[{"@type":"ListItem","position":1,"name":"Portada","item":"https:\/\/canfali.com\/ca-es\/"},{"@type":"ListItem","position":2,"name":"Vigela Lloret, clav\u00e0ria de la Festa Major d\u2019Altea: \u00abLa festa es fa per a compartir\u00bb"}]},{"@type":"WebSite","@id":"https:\/\/canfali.com\/ca-es\/#website","url":"https:\/\/canfali.com\/ca-es\/","name":"Canfali","description":"","publisher":{"@id":"https:\/\/canfali.com\/ca-es\/#organization"},"potentialAction":[{"@type":"SearchAction","target":{"@type":"EntryPoint","urlTemplate":"https:\/\/canfali.com\/ca-es\/?s={search_term_string}"},"query-input":{"@type":"PropertyValueSpecification","valueRequired":true,"valueName":"search_term_string"}}],"inLanguage":"va-ES"},{"@type":"Organization","@id":"https:\/\/canfali.com\/ca-es\/#organization","name":"Canfali","url":"https:\/\/canfali.com\/ca-es\/","logo":{"@type":"ImageObject","inLanguage":"va-ES","@id":"https:\/\/canfali.com\/ca-es\/#\/schema\/logo\/image\/","url":"https:\/\/canfali.com\/app\/uploads\/2025\/12\/canfali_marina_alta_logo.png","contentUrl":"https:\/\/canfali.com\/app\/uploads\/2025\/12\/canfali_marina_alta_logo.png","width":225,"height":225,"caption":"Canfali"},"image":{"@id":"https:\/\/canfali.com\/ca-es\/#\/schema\/logo\/image\/"},"sameAs":["https:\/\/es-es.facebook.com\/CANFALIMarinaAlta","https:\/\/x.com\/canfalima","https:\/\/www.instagram.com\/canfalimarinaalta\/"]},{"@type":"Person","@id":"https:\/\/canfali.com\/ca-es\/#\/schema\/person\/f540a86fb33e10daaae53c59ceaa1194","name":"Lluis","image":{"@type":"ImageObject","inLanguage":"va-ES","@id":"https:\/\/secure.gravatar.com\/avatar\/a21ec8835290e4e02ed0886b8cb327d807d0eb6ec8ccf25d4c2a0a415f506c0d?s=96&d=mm&r=g","url":"https:\/\/secure.gravatar.com\/avatar\/a21ec8835290e4e02ed0886b8cb327d807d0eb6ec8ccf25d4c2a0a415f506c0d?s=96&d=mm&r=g","contentUrl":"https:\/\/secure.gravatar.com\/avatar\/a21ec8835290e4e02ed0886b8cb327d807d0eb6ec8ccf25d4c2a0a415f506c0d?s=96&d=mm&r=g","caption":"Lluis"},"url":"https:\/\/canfali.com\/ca-es\/author\/lluis\/"}]}},"_links":{"self":[{"href":"https:\/\/canfali.com\/ca-es\/wp-json\/wp\/v2\/posts\/111200","targetHints":{"allow":["GET"]}}],"collection":[{"href":"https:\/\/canfali.com\/ca-es\/wp-json\/wp\/v2\/posts"}],"about":[{"href":"https:\/\/canfali.com\/ca-es\/wp-json\/wp\/v2\/types\/post"}],"author":[{"embeddable":true,"href":"https:\/\/canfali.com\/ca-es\/wp-json\/wp\/v2\/users\/8"}],"replies":[{"embeddable":true,"href":"https:\/\/canfali.com\/ca-es\/wp-json\/wp\/v2\/comments?post=111200"}],"version-history":[{"count":1,"href":"https:\/\/canfali.com\/ca-es\/wp-json\/wp\/v2\/posts\/111200\/revisions"}],"predecessor-version":[{"id":111203,"href":"https:\/\/canfali.com\/ca-es\/wp-json\/wp\/v2\/posts\/111200\/revisions\/111203"}],"wp:featuredmedia":[{"embeddable":true,"href":"https:\/\/canfali.com\/ca-es\/wp-json\/wp\/v2\/media\/111201"}],"wp:attachment":[{"href":"https:\/\/canfali.com\/ca-es\/wp-json\/wp\/v2\/media?parent=111200"}],"wp:term":[{"taxonomy":"category","embeddable":true,"href":"https:\/\/canfali.com\/ca-es\/wp-json\/wp\/v2\/categories?post=111200"},{"taxonomy":"post_tag","embeddable":true,"href":"https:\/\/canfali.com\/ca-es\/wp-json\/wp\/v2\/tags?post=111200"},{"taxonomy":"poblacion","embeddable":true,"href":"https:\/\/canfali.com\/ca-es\/wp-json\/wp\/v2\/poblacion?post=111200"}],"curies":[{"name":"wp","href":"https:\/\/api.w.org\/{rel}","templated":true}]}}