{"id":111192,"date":"2026-09-02T18:36:52","date_gmt":"2026-09-02T16:36:52","guid":{"rendered":"https:\/\/canfali.com\/?p=111192"},"modified":"2026-09-02T18:36:53","modified_gmt":"2026-09-02T16:36:53","slug":"festival-internacional-dorgue-a-pedreguer","status":"publish","type":"post","link":"https:\/\/canfali.com\/ca-es\/festival-internacional-dorgue-a-pedreguer\/","title":{"rendered":"El Festival d\u2019Orgue de Pedreguer presenta cinc concerts en el cartell de la seua trentena edici\u00f3"},"content":{"rendered":"\n<h3 id=\"h-el-certamen-se-celebrara-del-4-d-octubre-a-l-1-de-novembre-a-l-esglesia-de-la-santa-creu-i-es-completara-amb-una-exposicio-retrospectiva-sobre-les-tres-decades-del-festival\" class=\"wp-block-heading\"><strong>El certamen se celebrar\u00e0 del 4 d\u2019octubre a l\u20191 de novembre a l\u2019esgl\u00e9sia de la Santa Creu i es completar\u00e0 amb una exposici\u00f3 retrospectiva sobre les tres d\u00e8cades del festival<\/strong><\/h3>\n\n\n\n<p class=\"wp-block-paragraph\">Pedreguer celebrar\u00e0 enguany la 30a edici\u00f3 del Festival Internacional d\u2019Orgue Concerts de la Tardor, una cita consolidada en el calendari cultural de la comarca que tornar\u00e0 a reunir, cada diumenge a les 18.00 hores, destacades formacions, solistes i m\u00fasics al voltant del seu principal protagonista: l\u2019orgue Grenzing de l\u2019esgl\u00e9sia de la Santa Creu.<\/p>\n\n\n\n<p class=\"wp-block-paragraph\">La programaci\u00f3 comen\u00e7ar\u00e0 el 4 d\u2019octubre amb <strong>\u201830 anys de m\u00fasica amb l\u2019orgue\u2019<\/strong>, un concert que reunir\u00e0 la soprano Em\u00edlia Onrubia, els trompetistes Ernesto Chuli\u00e1 i Joaqu\u00edn Cabrera, el guitarrista Vicent Ballester i l\u2019organista Josep Vicent Giner, amb un repertori que inclou obres de H\u00e4ndel, Mozart, Villa-Lobos i Piazzolla.<\/p>\n\n\n\n<p class=\"wp-block-paragraph\">El 11 d\u2019octubre ser\u00e0 el torn de <strong>\u2018L\u2019orgue concertant\u2019<\/strong>, amb el Sal\u00f3n Orquestra Costa Blanca i Arturo Barba a l\u2019orgue. El 18 d\u2019octubre, <strong>\u2018Sons de Llum\u2019<\/strong> proposar\u00e0 un programa interpretat pel Quintet de Metalls Al Vent i l\u2019organista Marc Balaguer, amb obres de Bach, Rossini, Bizet i Elgar.<\/p>\n\n\n\n<p class=\"wp-block-paragraph\">Un dels plats forts de l\u2019edici\u00f3 arribar\u00e0 el 25 d\u2019octubre amb <strong>\u2018Di\u00e0leg de gegants\u2019<\/strong>, protagonitzat per l\u2019ADDA Simf\u00f2nica Alacant, dirigida per Crist\u00f3bal Soler, i l\u2019organista Josep Vicent Giner. El programa es donar\u00e0 a con\u00e9ixer pr\u00f2ximament.<\/p>\n\n\n\n<p class=\"wp-block-paragraph\">La cloenda, l\u20191 de novembre, estar\u00e0 a c\u00e0rrec del Salzburger Kirchentrio, amb el Cor i Orquestra de la Rectoria, Josep Vicent Giner a l\u2019orgue i Jaume Morell en la direcci\u00f3. El programa inclour\u00e0 la <strong>Missa de la Coronaci\u00f3 KV 317 de Mozart<\/strong> i la <strong>Kleine Orgelsolomesse HOB. XXII:7 de Haydn<\/strong>.<\/p>\n\n\n\n<p class=\"wp-block-paragraph\">El 30\u00e9 aniversari tamb\u00e9 tindr\u00e0 una vessant expositiva. La Casa Municipal de Cultura acollir\u00e0, del 2 d\u2019octubre al 8 de novembre, <strong>\u201830 edicions del Festival Internacional d\u2019Orgue de Pedreguer\u2019<\/strong>, una mostra retrospectiva que repassar\u00e0 la traject\u00f2ria d\u2019un festival que ha esdevingut un referent cultural de la Marina Alta.<\/p>\n\n\n\n<p class=\"wp-block-paragraph\">Les entrades ja estan disponibles als punts de venda anticipada i a trav\u00e9s del web municipal. Des de la Regidoria de Cultura es reivindica la traject\u00f2ria del festival i la seua contribuci\u00f3 a l\u2019ampliaci\u00f3 de l\u2019oferta cultural de Pedreguer al llarg de les seues tres d\u00e8cades d\u2019hist\u00f2ria.<\/p>\n","protected":false},"excerpt":{"rendered":"El certamen se celebrar\u00e0 del 4 d\u2019octubre a l\u20191 de novembre a l\u2019esgl\u00e9sia de la Santa Creu i&hellip;","protected":false},"author":8,"featured_media":111193,"comment_status":"closed","ping_status":"open","sticky":false,"template":"","format":"standard","meta":{"csco_display_header_overlay":false,"csco_singular_sidebar":"","csco_page_header_type":"","csco_page_load_nextpost":"","csco_post_video_location":[],"csco_post_video_location_hash":"","csco_post_video_url":"","csco_post_video_bg_start_time":0,"csco_post_video_bg_end_time":0,"footnotes":""},"categories":[579,597],"tags":[],"poblacion":[],"class_list":["post-111192","post","type-post","status-publish","format-standard","has-post-thumbnail","category-cultura-2","category-cultura-ca-es","cs-entry","cs-video-wrap"],"yoast_head":"<!-- This site is optimized with the Yoast SEO Premium plugin v26.6 (Yoast SEO v27.3) - https:\/\/yoast.com\/product\/yoast-seo-premium-wordpress\/ -->\n<title>El Festival d\u2019Orgue de Pedreguer presenta cinc concerts en el cartell de la seua trentena edici\u00f3 - Canfali<\/title>\n<meta name=\"description\" content=\"El certamen se celebrar\u00e0 del 4 d\u2019octubre a l\u20191 de novembre a l\u2019esgl\u00e9sia de la Santa Creu i es completar\u00e0 amb una exposici\u00f3 retrospectiva\" \/>\n<meta name=\"robots\" content=\"index, follow, max-snippet:-1, max-image-preview:large, max-video-preview:-1\" \/>\n<link rel=\"canonical\" href=\"https:\/\/canfali.com\/ca-es\/festival-internacional-dorgue-a-pedreguer\/\" \/>\n<meta property=\"og:locale\" content=\"en_US\" \/>\n<meta property=\"og:type\" content=\"article\" \/>\n<meta property=\"og:title\" content=\"El Festival d\u2019Orgue de Pedreguer presenta cinc concerts en el cartell de la seua trentena edici\u00f3\" \/>\n<meta property=\"og:description\" content=\"El certamen se celebrar\u00e0 del 4 d\u2019octubre a l\u20191 de novembre a l\u2019esgl\u00e9sia de la Santa Creu i es completar\u00e0 amb una exposici\u00f3 retrospectiva\" \/>\n<meta property=\"og:url\" content=\"https:\/\/canfali.com\/ca-es\/festival-internacional-dorgue-a-pedreguer\/\" \/>\n<meta property=\"og:site_name\" content=\"Canfali\" \/>\n<meta property=\"article:publisher\" content=\"https:\/\/es-es.facebook.com\/CANFALIMarinaAlta\" \/>\n<meta property=\"article:published_time\" content=\"2026-09-02T16:36:52+00:00\" \/>\n<meta property=\"article:modified_time\" content=\"2026-09-02T16:36:53+00:00\" \/>\n<meta property=\"og:image\" content=\"https:\/\/canfali.com\/app\/uploads\/2026\/09\/concert-orgue.jpg\" \/>\n\t<meta property=\"og:image:width\" content=\"1020\" \/>\n\t<meta property=\"og:image:height\" content=\"574\" \/>\n\t<meta property=\"og:image:type\" content=\"image\/jpeg\" \/>\n<meta name=\"author\" content=\"Lluis\" \/>\n<meta name=\"twitter:card\" content=\"summary_large_image\" \/>\n<meta name=\"twitter:creator\" content=\"@canfalima\" \/>\n<meta name=\"twitter:site\" content=\"@canfalima\" \/>\n<meta name=\"twitter:label1\" content=\"Written by\" \/>\n\t<meta name=\"twitter:data1\" content=\"Lluis\" \/>\n\t<meta name=\"twitter:label2\" content=\"Est. reading time\" \/>\n\t<meta name=\"twitter:data2\" content=\"2 minutes\" \/>\n<script type=\"application\/ld+json\" class=\"yoast-schema-graph\">{\"@context\":\"https:\\\/\\\/schema.org\",\"@graph\":[{\"@type\":\"NewsArticle\",\"@id\":\"https:\\\/\\\/canfali.com\\\/ca-es\\\/festival-internacional-dorgue-a-pedreguer\\\/#article\",\"isPartOf\":{\"@id\":\"https:\\\/\\\/canfali.com\\\/ca-es\\\/festival-internacional-dorgue-a-pedreguer\\\/\"},\"author\":{\"name\":\"Lluis\",\"@id\":\"https:\\\/\\\/canfali.com\\\/ca-es\\\/#\\\/schema\\\/person\\\/f540a86fb33e10daaae53c59ceaa1194\"},\"headline\":\"El Festival d\u2019Orgue de Pedreguer presenta cinc concerts en el cartell de la seua trentena edici\u00f3\",\"datePublished\":\"2026-09-02T16:36:52+00:00\",\"dateModified\":\"2026-09-02T16:36:53+00:00\",\"mainEntityOfPage\":{\"@id\":\"https:\\\/\\\/canfali.com\\\/ca-es\\\/festival-internacional-dorgue-a-pedreguer\\\/\"},\"wordCount\":410,\"publisher\":{\"@id\":\"https:\\\/\\\/canfali.com\\\/ca-es\\\/#organization\"},\"image\":{\"@id\":\"https:\\\/\\\/canfali.com\\\/ca-es\\\/festival-internacional-dorgue-a-pedreguer\\\/#primaryimage\"},\"thumbnailUrl\":\"https:\\\/\\\/canfali.com\\\/app\\\/uploads\\\/2026\\\/09\\\/concert-orgue.jpg\",\"articleSection\":[\"Cultura\",\"Cultura\"],\"inLanguage\":\"va-ES\",\"copyrightYear\":\"2026\",\"copyrightHolder\":{\"@id\":\"https:\\\/\\\/canfali.com\\\/#organization\"}},{\"@type\":\"WebPage\",\"@id\":\"https:\\\/\\\/canfali.com\\\/ca-es\\\/festival-internacional-dorgue-a-pedreguer\\\/\",\"url\":\"https:\\\/\\\/canfali.com\\\/ca-es\\\/festival-internacional-dorgue-a-pedreguer\\\/\",\"name\":\"El Festival d\u2019Orgue de Pedreguer presenta cinc concerts en el cartell de la seua trentena edici\u00f3 - Canfali\",\"isPartOf\":{\"@id\":\"https:\\\/\\\/canfali.com\\\/ca-es\\\/#website\"},\"primaryImageOfPage\":{\"@id\":\"https:\\\/\\\/canfali.com\\\/ca-es\\\/festival-internacional-dorgue-a-pedreguer\\\/#primaryimage\"},\"image\":{\"@id\":\"https:\\\/\\\/canfali.com\\\/ca-es\\\/festival-internacional-dorgue-a-pedreguer\\\/#primaryimage\"},\"thumbnailUrl\":\"https:\\\/\\\/canfali.com\\\/app\\\/uploads\\\/2026\\\/09\\\/concert-orgue.jpg\",\"datePublished\":\"2026-09-02T16:36:52+00:00\",\"dateModified\":\"2026-09-02T16:36:53+00:00\",\"description\":\"El certamen se celebrar\u00e0 del 4 d\u2019octubre a l\u20191 de novembre a l\u2019esgl\u00e9sia de la Santa Creu i es completar\u00e0 amb una exposici\u00f3 retrospectiva\",\"breadcrumb\":{\"@id\":\"https:\\\/\\\/canfali.com\\\/ca-es\\\/festival-internacional-dorgue-a-pedreguer\\\/#breadcrumb\"},\"inLanguage\":\"va-ES\",\"potentialAction\":[{\"@type\":\"ReadAction\",\"target\":[\"https:\\\/\\\/canfali.com\\\/ca-es\\\/festival-internacional-dorgue-a-pedreguer\\\/\"]}]},{\"@type\":\"ImageObject\",\"inLanguage\":\"va-ES\",\"@id\":\"https:\\\/\\\/canfali.com\\\/ca-es\\\/festival-internacional-dorgue-a-pedreguer\\\/#primaryimage\",\"url\":\"https:\\\/\\\/canfali.com\\\/app\\\/uploads\\\/2026\\\/09\\\/concert-orgue.jpg\",\"contentUrl\":\"https:\\\/\\\/canfali.com\\\/app\\\/uploads\\\/2026\\\/09\\\/concert-orgue.jpg\",\"width\":1020,\"height\":574,\"caption\":\"Screenshot\"},{\"@type\":\"BreadcrumbList\",\"@id\":\"https:\\\/\\\/canfali.com\\\/ca-es\\\/festival-internacional-dorgue-a-pedreguer\\\/#breadcrumb\",\"itemListElement\":[{\"@type\":\"ListItem\",\"position\":1,\"name\":\"Portada\",\"item\":\"https:\\\/\\\/canfali.com\\\/ca-es\\\/\"},{\"@type\":\"ListItem\",\"position\":2,\"name\":\"El Festival d\u2019Orgue de Pedreguer presenta cinc concerts en el cartell de la seua trentena edici\u00f3\"}]},{\"@type\":\"WebSite\",\"@id\":\"https:\\\/\\\/canfali.com\\\/ca-es\\\/#website\",\"url\":\"https:\\\/\\\/canfali.com\\\/ca-es\\\/\",\"name\":\"Canfali\",\"description\":\"\",\"publisher\":{\"@id\":\"https:\\\/\\\/canfali.com\\\/ca-es\\\/#organization\"},\"potentialAction\":[{\"@type\":\"SearchAction\",\"target\":{\"@type\":\"EntryPoint\",\"urlTemplate\":\"https:\\\/\\\/canfali.com\\\/ca-es\\\/?s={search_term_string}\"},\"query-input\":{\"@type\":\"PropertyValueSpecification\",\"valueRequired\":true,\"valueName\":\"search_term_string\"}}],\"inLanguage\":\"va-ES\"},{\"@type\":\"Organization\",\"@id\":\"https:\\\/\\\/canfali.com\\\/ca-es\\\/#organization\",\"name\":\"Canfali\",\"url\":\"https:\\\/\\\/canfali.com\\\/ca-es\\\/\",\"logo\":{\"@type\":\"ImageObject\",\"inLanguage\":\"va-ES\",\"@id\":\"https:\\\/\\\/canfali.com\\\/ca-es\\\/#\\\/schema\\\/logo\\\/image\\\/\",\"url\":\"https:\\\/\\\/canfali.com\\\/app\\\/uploads\\\/2025\\\/12\\\/canfali_marina_alta_logo.png\",\"contentUrl\":\"https:\\\/\\\/canfali.com\\\/app\\\/uploads\\\/2025\\\/12\\\/canfali_marina_alta_logo.png\",\"width\":225,\"height\":225,\"caption\":\"Canfali\"},\"image\":{\"@id\":\"https:\\\/\\\/canfali.com\\\/ca-es\\\/#\\\/schema\\\/logo\\\/image\\\/\"},\"sameAs\":[\"https:\\\/\\\/es-es.facebook.com\\\/CANFALIMarinaAlta\",\"https:\\\/\\\/x.com\\\/canfalima\",\"https:\\\/\\\/www.instagram.com\\\/canfalimarinaalta\\\/\"]},{\"@type\":\"Person\",\"@id\":\"https:\\\/\\\/canfali.com\\\/ca-es\\\/#\\\/schema\\\/person\\\/f540a86fb33e10daaae53c59ceaa1194\",\"name\":\"Lluis\",\"image\":{\"@type\":\"ImageObject\",\"inLanguage\":\"va-ES\",\"@id\":\"https:\\\/\\\/secure.gravatar.com\\\/avatar\\\/a21ec8835290e4e02ed0886b8cb327d807d0eb6ec8ccf25d4c2a0a415f506c0d?s=96&d=mm&r=g\",\"url\":\"https:\\\/\\\/secure.gravatar.com\\\/avatar\\\/a21ec8835290e4e02ed0886b8cb327d807d0eb6ec8ccf25d4c2a0a415f506c0d?s=96&d=mm&r=g\",\"contentUrl\":\"https:\\\/\\\/secure.gravatar.com\\\/avatar\\\/a21ec8835290e4e02ed0886b8cb327d807d0eb6ec8ccf25d4c2a0a415f506c0d?s=96&d=mm&r=g\",\"caption\":\"Lluis\"},\"url\":\"https:\\\/\\\/canfali.com\\\/ca-es\\\/author\\\/lluis\\\/\"}]}<\/script>\n<!-- \/ Yoast SEO Premium plugin. -->","yoast_head_json":{"title":"El Festival d\u2019Orgue de Pedreguer presenta cinc concerts en el cartell de la seua trentena edici\u00f3 - Canfali","description":"El certamen se celebrar\u00e0 del 4 d\u2019octubre a l\u20191 de novembre a l\u2019esgl\u00e9sia de la Santa Creu i es completar\u00e0 amb una exposici\u00f3 retrospectiva","robots":{"index":"index","follow":"follow","max-snippet":"max-snippet:-1","max-image-preview":"max-image-preview:large","max-video-preview":"max-video-preview:-1"},"canonical":"https:\/\/canfali.com\/ca-es\/festival-internacional-dorgue-a-pedreguer\/","og_locale":"en_US","og_type":"article","og_title":"El Festival d\u2019Orgue de Pedreguer presenta cinc concerts en el cartell de la seua trentena edici\u00f3","og_description":"El certamen se celebrar\u00e0 del 4 d\u2019octubre a l\u20191 de novembre a l\u2019esgl\u00e9sia de la Santa Creu i es completar\u00e0 amb una exposici\u00f3 retrospectiva","og_url":"https:\/\/canfali.com\/ca-es\/festival-internacional-dorgue-a-pedreguer\/","og_site_name":"Canfali","article_publisher":"https:\/\/es-es.facebook.com\/CANFALIMarinaAlta","article_published_time":"2026-09-02T16:36:52+00:00","article_modified_time":"2026-09-02T16:36:53+00:00","og_image":[{"width":1020,"height":574,"url":"https:\/\/canfali.com\/app\/uploads\/2026\/09\/concert-orgue.jpg","type":"image\/jpeg"}],"author":"Lluis","twitter_card":"summary_large_image","twitter_creator":"@canfalima","twitter_site":"@canfalima","twitter_misc":{"Written by":"Lluis","Est. reading time":"2 minutes"},"schema":{"@context":"https:\/\/schema.org","@graph":[{"@type":"NewsArticle","@id":"https:\/\/canfali.com\/ca-es\/festival-internacional-dorgue-a-pedreguer\/#article","isPartOf":{"@id":"https:\/\/canfali.com\/ca-es\/festival-internacional-dorgue-a-pedreguer\/"},"author":{"name":"Lluis","@id":"https:\/\/canfali.com\/ca-es\/#\/schema\/person\/f540a86fb33e10daaae53c59ceaa1194"},"headline":"El Festival d\u2019Orgue de Pedreguer presenta cinc concerts en el cartell de la seua trentena edici\u00f3","datePublished":"2026-09-02T16:36:52+00:00","dateModified":"2026-09-02T16:36:53+00:00","mainEntityOfPage":{"@id":"https:\/\/canfali.com\/ca-es\/festival-internacional-dorgue-a-pedreguer\/"},"wordCount":410,"publisher":{"@id":"https:\/\/canfali.com\/ca-es\/#organization"},"image":{"@id":"https:\/\/canfali.com\/ca-es\/festival-internacional-dorgue-a-pedreguer\/#primaryimage"},"thumbnailUrl":"https:\/\/canfali.com\/app\/uploads\/2026\/09\/concert-orgue.jpg","articleSection":["Cultura","Cultura"],"inLanguage":"va-ES","copyrightYear":"2026","copyrightHolder":{"@id":"https:\/\/canfali.com\/#organization"}},{"@type":"WebPage","@id":"https:\/\/canfali.com\/ca-es\/festival-internacional-dorgue-a-pedreguer\/","url":"https:\/\/canfali.com\/ca-es\/festival-internacional-dorgue-a-pedreguer\/","name":"El Festival d\u2019Orgue de Pedreguer presenta cinc concerts en el cartell de la seua trentena edici\u00f3 - Canfali","isPartOf":{"@id":"https:\/\/canfali.com\/ca-es\/#website"},"primaryImageOfPage":{"@id":"https:\/\/canfali.com\/ca-es\/festival-internacional-dorgue-a-pedreguer\/#primaryimage"},"image":{"@id":"https:\/\/canfali.com\/ca-es\/festival-internacional-dorgue-a-pedreguer\/#primaryimage"},"thumbnailUrl":"https:\/\/canfali.com\/app\/uploads\/2026\/09\/concert-orgue.jpg","datePublished":"2026-09-02T16:36:52+00:00","dateModified":"2026-09-02T16:36:53+00:00","description":"El certamen se celebrar\u00e0 del 4 d\u2019octubre a l\u20191 de novembre a l\u2019esgl\u00e9sia de la Santa Creu i es completar\u00e0 amb una exposici\u00f3 retrospectiva","breadcrumb":{"@id":"https:\/\/canfali.com\/ca-es\/festival-internacional-dorgue-a-pedreguer\/#breadcrumb"},"inLanguage":"va-ES","potentialAction":[{"@type":"ReadAction","target":["https:\/\/canfali.com\/ca-es\/festival-internacional-dorgue-a-pedreguer\/"]}]},{"@type":"ImageObject","inLanguage":"va-ES","@id":"https:\/\/canfali.com\/ca-es\/festival-internacional-dorgue-a-pedreguer\/#primaryimage","url":"https:\/\/canfali.com\/app\/uploads\/2026\/09\/concert-orgue.jpg","contentUrl":"https:\/\/canfali.com\/app\/uploads\/2026\/09\/concert-orgue.jpg","width":1020,"height":574,"caption":"Screenshot"},{"@type":"BreadcrumbList","@id":"https:\/\/canfali.com\/ca-es\/festival-internacional-dorgue-a-pedreguer\/#breadcrumb","itemListElement":[{"@type":"ListItem","position":1,"name":"Portada","item":"https:\/\/canfali.com\/ca-es\/"},{"@type":"ListItem","position":2,"name":"El Festival d\u2019Orgue de Pedreguer presenta cinc concerts en el cartell de la seua trentena edici\u00f3"}]},{"@type":"WebSite","@id":"https:\/\/canfali.com\/ca-es\/#website","url":"https:\/\/canfali.com\/ca-es\/","name":"Canfali","description":"","publisher":{"@id":"https:\/\/canfali.com\/ca-es\/#organization"},"potentialAction":[{"@type":"SearchAction","target":{"@type":"EntryPoint","urlTemplate":"https:\/\/canfali.com\/ca-es\/?s={search_term_string}"},"query-input":{"@type":"PropertyValueSpecification","valueRequired":true,"valueName":"search_term_string"}}],"inLanguage":"va-ES"},{"@type":"Organization","@id":"https:\/\/canfali.com\/ca-es\/#organization","name":"Canfali","url":"https:\/\/canfali.com\/ca-es\/","logo":{"@type":"ImageObject","inLanguage":"va-ES","@id":"https:\/\/canfali.com\/ca-es\/#\/schema\/logo\/image\/","url":"https:\/\/canfali.com\/app\/uploads\/2025\/12\/canfali_marina_alta_logo.png","contentUrl":"https:\/\/canfali.com\/app\/uploads\/2025\/12\/canfali_marina_alta_logo.png","width":225,"height":225,"caption":"Canfali"},"image":{"@id":"https:\/\/canfali.com\/ca-es\/#\/schema\/logo\/image\/"},"sameAs":["https:\/\/es-es.facebook.com\/CANFALIMarinaAlta","https:\/\/x.com\/canfalima","https:\/\/www.instagram.com\/canfalimarinaalta\/"]},{"@type":"Person","@id":"https:\/\/canfali.com\/ca-es\/#\/schema\/person\/f540a86fb33e10daaae53c59ceaa1194","name":"Lluis","image":{"@type":"ImageObject","inLanguage":"va-ES","@id":"https:\/\/secure.gravatar.com\/avatar\/a21ec8835290e4e02ed0886b8cb327d807d0eb6ec8ccf25d4c2a0a415f506c0d?s=96&d=mm&r=g","url":"https:\/\/secure.gravatar.com\/avatar\/a21ec8835290e4e02ed0886b8cb327d807d0eb6ec8ccf25d4c2a0a415f506c0d?s=96&d=mm&r=g","contentUrl":"https:\/\/secure.gravatar.com\/avatar\/a21ec8835290e4e02ed0886b8cb327d807d0eb6ec8ccf25d4c2a0a415f506c0d?s=96&d=mm&r=g","caption":"Lluis"},"url":"https:\/\/canfali.com\/ca-es\/author\/lluis\/"}]}},"_links":{"self":[{"href":"https:\/\/canfali.com\/ca-es\/wp-json\/wp\/v2\/posts\/111192","targetHints":{"allow":["GET"]}}],"collection":[{"href":"https:\/\/canfali.com\/ca-es\/wp-json\/wp\/v2\/posts"}],"about":[{"href":"https:\/\/canfali.com\/ca-es\/wp-json\/wp\/v2\/types\/post"}],"author":[{"embeddable":true,"href":"https:\/\/canfali.com\/ca-es\/wp-json\/wp\/v2\/users\/8"}],"replies":[{"embeddable":true,"href":"https:\/\/canfali.com\/ca-es\/wp-json\/wp\/v2\/comments?post=111192"}],"version-history":[{"count":1,"href":"https:\/\/canfali.com\/ca-es\/wp-json\/wp\/v2\/posts\/111192\/revisions"}],"predecessor-version":[{"id":111195,"href":"https:\/\/canfali.com\/ca-es\/wp-json\/wp\/v2\/posts\/111192\/revisions\/111195"}],"wp:featuredmedia":[{"embeddable":true,"href":"https:\/\/canfali.com\/ca-es\/wp-json\/wp\/v2\/media\/111193"}],"wp:attachment":[{"href":"https:\/\/canfali.com\/ca-es\/wp-json\/wp\/v2\/media?parent=111192"}],"wp:term":[{"taxonomy":"category","embeddable":true,"href":"https:\/\/canfali.com\/ca-es\/wp-json\/wp\/v2\/categories?post=111192"},{"taxonomy":"post_tag","embeddable":true,"href":"https:\/\/canfali.com\/ca-es\/wp-json\/wp\/v2\/tags?post=111192"},{"taxonomy":"poblacion","embeddable":true,"href":"https:\/\/canfali.com\/ca-es\/wp-json\/wp\/v2\/poblacion?post=111192"}],"curies":[{"name":"wp","href":"https:\/\/api.w.org\/{rel}","templated":true}]}}