{"id":111129,"date":"2026-09-02T17:44:58","date_gmt":"2026-09-02T15:44:58","guid":{"rendered":"https:\/\/canfali.com\/altea-anuncia-els-actes-previs-de-les-seues-festes-patronals\/"},"modified":"2026-09-02T18:10:10","modified_gmt":"2026-09-02T16:10:10","slug":"altea-anuncia-els-actes-previs-de-les-seues-festes-patronals","status":"publish","type":"post","link":"https:\/\/canfali.com\/ca-es\/altea-anuncia-els-actes-previs-de-les-seues-festes-patronals\/","title":{"rendered":"Altea anuncia els actes previs de les seues Festes Patronals"},"content":{"rendered":"\n<p class=\"wp-block-paragraph\"><p class=\"p1\">Altea ja prepara l\u2019arribada de les seues <b>Festes Patronals<\/b> amb una programaci\u00f3 pr\u00e8via que reunir\u00e0 esport, m\u00fasica i tradici\u00f3 durant els primers dies de setembre.<\/p><\/p>\n\n<p class=\"wp-block-paragraph\"><p class=\"p1\">La Comissi\u00f3 de Festes del Sant\u00edssim Crist del Sagrari, la <b>Federaci\u00f3 de Moros i Cristians Sant Blai<\/b> i la Regidoria de Festes han donat a con\u00e9ixer els actes que serviran d\u2019introducci\u00f3 a les jornades centrals de la Festa Major.<\/p><\/p>\n\n<p class=\"wp-block-paragraph\"><p class=\"p1\">El regidor de Festes, <b>Joaquim Devesa<\/b>, ha destacat que setembre es converteix en el mes de la celebraci\u00f3 despr\u00e9s del final de la temporada alta, amb propostes que busquen reunir ve\u00efns i visitants al voltant de la m\u00fasica, la gastronomia i la tradici\u00f3 festera.<\/p><br\/><p class=\"p2\">En la presentaci\u00f3 han participat tamb\u00e9 la responsable de Comunicaci\u00f3 de la Federacio de Moros i Cristians Sant Blai, Maril\u00f3 Prada, aix\u00ed com la clav\u00e0ria, Vigela Lloret, i la clav\u00e0ria d\u2019honor \u00c1ngela Morat\u00f3.<\/p><\/p>\n\n<h2 id=\"h-el-deporte-abre-la-programacion-con-futbol-sala\" class=\"wp-block-heading\">L\u2019esport obri la programaci\u00f3 amb futbol sala<\/h2>\n\n<p class=\"wp-block-paragraph\"><p class=\"p1\">Els primers actes arribaran aquest cap de setmana amb una programaci\u00f3 esportiva organitzada per la <b>Federaci\u00f3 de Moros i Cristians Sant Blai<\/b>.<\/p><\/p>\n\n<p class=\"wp-block-paragraph\"><p class=\"p1\">El dissabte <b>5 de setembre<\/b>, a partir de les <b>12.00 hores<\/b>, comen\u00e7ar\u00e0 el <b>Torneig de Futbol Sala Infantil<\/b>. Posteriorment, des de les <b>16.00 hores<\/b>, prendr\u00e0 el relleu la competici\u00f3 de les <b>24 Hores de Futbol Sala<\/b>.<\/p><\/p>\n\n<p class=\"wp-block-paragraph\"><p class=\"p1\">La jornada esportiva es completar\u00e0 amb una revetla a la zona exterior del Pavell\u00f3 Municipal d\u2019Esports, amb l\u2019actuaci\u00f3 de <b>\u2018Bandeta\u2019 i DJ<\/b>, una proposta que combinar\u00e0 esport i ambient festiu.<\/p><\/p>\n\n<h2 id=\"h-la-musica-festera-toma-protagonismo-en-palau-altea\" class=\"wp-block-heading\">La m\u00fasica festera pren protagonisme al Palau Altea<\/h2>\n\n<p class=\"wp-block-paragraph\"><p class=\"p1\">La programaci\u00f3 continuar\u00e0 el divendres <b>11 de setembre<\/b> amb un dels actes m\u00e9s esperats pels amants de la m\u00fasica festera.<\/p><\/p>\n\n<p class=\"wp-block-paragraph\"><p class=\"p1\">A les <b>20.00 hores<\/b>, el <b>Palau Altea<\/b> acollir\u00e0 el <b>Concert de M\u00fasica Festera<\/b>, una cita protagonitzada per les dues bandes del municipi: la <b>Societat Recreativa Musical d\u2019Altea la Vella<\/b> i la <b>Societat Filharm\u00f2nica Alteanense<\/b>.<\/p><\/p>\n\n<p class=\"wp-block-paragraph\">L\u2019acc\u00e9s al concert ser\u00e0 lliure i gratu\u00eft per a totes les persones que vulguen gaudir d\u2019una vetlada dedicada a la m\u00fasica vinculada a les festes.&#13;\n<\/p>\n\n<h2 id=\"h-cena-de-cargos-y-nuevo-escenario-para-el-baile\" class=\"wp-block-heading\">Sopar de C\u00e0rrecs i nou escenari per al ball<\/h2>\n\n<p class=\"wp-block-paragraph\"><p class=\"p1\">El dissabte <b>12 de setembre<\/b> arribar\u00e0 una altra de les trobades destacades del calendari fester amb la celebraci\u00f3 del <b>Sopar de C\u00e0rrecs<\/b>.<\/p><\/p>\n\n<p class=\"wp-block-paragraph\"><p class=\"p1\">La cita reunir\u00e0 la totalitat dels festers i festeres del municipi i donar\u00e0 pas, a partir de les <b>00.00 hores<\/b>, al <b>Ball de C\u00e0rrecs<\/b>.<\/p><\/p>\n\n<p class=\"wp-block-paragraph\"><p class=\"p1\">Com a novetat enguany, el ball canviar\u00e0 d\u2019ubicaci\u00f3 i se celebrar\u00e0 a l\u2019<b>Aparcament Basseta-Centre<\/b>.<\/p><\/p>\n\n<p class=\"wp-block-paragraph\">Amb aquests primers actes, Altea inicia el compte enrere per a les seues Festes Patronals, una celebraci\u00f3 que tornar\u00e0 a unir tradici\u00f3, m\u00fasica i conviv\u00e8ncia als carrers del municipi durant el mes de setembre.&#13;\n<\/p>\n<div class=\"wp-block-post-author-name\">Carolina Mota<\/div>","protected":false},"excerpt":{"rendered":"Altea ja prepara l\u2019arribada de les seues Festes Patronals amb una programaci\u00f3 pr\u00e8via que reunir\u00e0 esport, m\u00fasica i&hellip;","protected":false},"author":18,"featured_media":111110,"comment_status":"closed","ping_status":"open","sticky":false,"template":"","format":"standard","meta":{"csco_display_header_overlay":false,"csco_singular_sidebar":"","csco_page_header_type":"","csco_page_load_nextpost":"","csco_post_video_location":[],"csco_post_video_location_hash":"","csco_post_video_url":"","csco_post_video_bg_start_time":0,"csco_post_video_bg_end_time":0,"footnotes":""},"categories":[597,587,7155],"tags":[8322,785,2664,3042,8173,3029,9810,6262,2224],"poblacion":[],"class_list":["post-111129","post","type-post","status-publish","format-standard","has-post-thumbnail","category-cultura-ca-es","category-festes","category-marina-baixa","tag-altea","tag-cultura","tag-festa-major","tag-festes-patronals-ca-es","tag-marina-baixa","tag-moros-i-cristians","tag-musica-festera","tag-sant-blai","tag-tradicion-ca-es","cs-entry","cs-video-wrap"],"yoast_head":"<!-- This site is optimized with the Yoast SEO Premium plugin v26.6 (Yoast SEO v27.3) - https:\/\/yoast.com\/product\/yoast-seo-premium-wordpress\/ -->\n<title>Altea anuncia els actes previs de les seues Festes Patronals - Canfali<\/title>\n<meta name=\"description\" content=\"Altea anuncia els actes previs de les seues festes patronals 2026, amb futbol sala, concert de m\u00fasica festera, sopar de c\u00e0rrecs i ball.\" \/>\n<meta name=\"robots\" content=\"index, follow, max-snippet:-1, max-image-preview:large, max-video-preview:-1\" \/>\n<link rel=\"canonical\" href=\"https:\/\/canfali.com\/ca-es\/altea-anuncia-els-actes-previs-de-les-seues-festes-patronals\/\" \/>\n<meta property=\"og:locale\" content=\"en_US\" \/>\n<meta property=\"og:type\" content=\"article\" \/>\n<meta property=\"og:title\" content=\"Altea anuncia els actes previs de les seues Festes Patronals\" \/>\n<meta property=\"og:description\" content=\"Altea anuncia els actes previs de les seues festes patronals 2026, amb futbol sala, concert de m\u00fasica festera, sopar de c\u00e0rrecs i ball.\" \/>\n<meta property=\"og:url\" content=\"https:\/\/canfali.com\/ca-es\/altea-anuncia-els-actes-previs-de-les-seues-festes-patronals\/\" \/>\n<meta property=\"og:site_name\" content=\"Canfali\" \/>\n<meta property=\"article:publisher\" content=\"https:\/\/es-es.facebook.com\/CANFALIMarinaAlta\" \/>\n<meta property=\"article:published_time\" content=\"2026-09-02T15:44:58+00:00\" \/>\n<meta property=\"article:modified_time\" content=\"2026-09-02T16:10:10+00:00\" \/>\n<meta property=\"og:image\" content=\"https:\/\/canfali.com\/app\/uploads\/2026\/09\/Fiestas-Patronales-de-Altea1.jpg\" \/>\n\t<meta property=\"og:image:width\" content=\"1020\" \/>\n\t<meta property=\"og:image:height\" content=\"574\" \/>\n\t<meta property=\"og:image:type\" content=\"image\/jpeg\" \/>\n<meta name=\"author\" content=\"Carolina Mota\" \/>\n<meta name=\"twitter:card\" content=\"summary_large_image\" \/>\n<meta name=\"twitter:creator\" content=\"@canfalima\" \/>\n<meta name=\"twitter:site\" content=\"@canfalima\" \/>\n<meta name=\"twitter:label1\" content=\"Written by\" \/>\n\t<meta name=\"twitter:data1\" content=\"Carolina Mota\" \/>\n\t<meta name=\"twitter:label2\" content=\"Est. reading time\" \/>\n\t<meta name=\"twitter:data2\" content=\"2 minutes\" \/>\n<script type=\"application\/ld+json\" class=\"yoast-schema-graph\">{\"@context\":\"https:\\\/\\\/schema.org\",\"@graph\":[{\"@type\":\"NewsArticle\",\"@id\":\"https:\\\/\\\/canfali.com\\\/ca-es\\\/altea-anuncia-els-actes-previs-de-les-seues-festes-patronals\\\/#article\",\"isPartOf\":{\"@id\":\"https:\\\/\\\/canfali.com\\\/ca-es\\\/altea-anuncia-els-actes-previs-de-les-seues-festes-patronals\\\/\"},\"author\":{\"name\":\"Carolina Mota\",\"@id\":\"https:\\\/\\\/canfali.com\\\/ca-es\\\/#\\\/schema\\\/person\\\/6769881c8113f5c26e8bcf61292908fc\"},\"headline\":\"Altea anuncia els actes previs de les seues Festes Patronals\",\"datePublished\":\"2026-09-02T15:44:58+00:00\",\"dateModified\":\"2026-09-02T16:10:10+00:00\",\"mainEntityOfPage\":{\"@id\":\"https:\\\/\\\/canfali.com\\\/ca-es\\\/altea-anuncia-els-actes-previs-de-les-seues-festes-patronals\\\/\"},\"wordCount\":462,\"publisher\":{\"@id\":\"https:\\\/\\\/canfali.com\\\/ca-es\\\/#organization\"},\"image\":{\"@id\":\"https:\\\/\\\/canfali.com\\\/ca-es\\\/altea-anuncia-els-actes-previs-de-les-seues-festes-patronals\\\/#primaryimage\"},\"thumbnailUrl\":\"https:\\\/\\\/canfali.com\\\/app\\\/uploads\\\/2026\\\/09\\\/Fiestas-Patronales-de-Altea1.jpg\",\"keywords\":[\"Altea\",\"cultura.\",\"festa major\",\"festes patronals\",\"Marina Baixa\",\"Moros i cristians\",\"m\u00fasica festera\",\"sant blai\",\"tradici\u00f3n\"],\"articleSection\":[\"Cultura\",\"Festes\",\"Marina Baixa\"],\"inLanguage\":\"va-ES\",\"copyrightYear\":\"2026\",\"copyrightHolder\":{\"@id\":\"https:\\\/\\\/canfali.com\\\/#organization\"}},{\"@type\":\"WebPage\",\"@id\":\"https:\\\/\\\/canfali.com\\\/ca-es\\\/altea-anuncia-els-actes-previs-de-les-seues-festes-patronals\\\/\",\"url\":\"https:\\\/\\\/canfali.com\\\/ca-es\\\/altea-anuncia-els-actes-previs-de-les-seues-festes-patronals\\\/\",\"name\":\"Altea anuncia els actes previs de les seues Festes Patronals - Canfali\",\"isPartOf\":{\"@id\":\"https:\\\/\\\/canfali.com\\\/ca-es\\\/#website\"},\"primaryImageOfPage\":{\"@id\":\"https:\\\/\\\/canfali.com\\\/ca-es\\\/altea-anuncia-els-actes-previs-de-les-seues-festes-patronals\\\/#primaryimage\"},\"image\":{\"@id\":\"https:\\\/\\\/canfali.com\\\/ca-es\\\/altea-anuncia-els-actes-previs-de-les-seues-festes-patronals\\\/#primaryimage\"},\"thumbnailUrl\":\"https:\\\/\\\/canfali.com\\\/app\\\/uploads\\\/2026\\\/09\\\/Fiestas-Patronales-de-Altea1.jpg\",\"datePublished\":\"2026-09-02T15:44:58+00:00\",\"dateModified\":\"2026-09-02T16:10:10+00:00\",\"description\":\"Altea anuncia els actes previs de les seues festes patronals 2026, amb futbol sala, concert de m\u00fasica festera, sopar de c\u00e0rrecs i ball.\",\"breadcrumb\":{\"@id\":\"https:\\\/\\\/canfali.com\\\/ca-es\\\/altea-anuncia-els-actes-previs-de-les-seues-festes-patronals\\\/#breadcrumb\"},\"inLanguage\":\"va-ES\",\"potentialAction\":[{\"@type\":\"ReadAction\",\"target\":[\"https:\\\/\\\/canfali.com\\\/ca-es\\\/altea-anuncia-els-actes-previs-de-les-seues-festes-patronals\\\/\"]}]},{\"@type\":\"ImageObject\",\"inLanguage\":\"va-ES\",\"@id\":\"https:\\\/\\\/canfali.com\\\/ca-es\\\/altea-anuncia-els-actes-previs-de-les-seues-festes-patronals\\\/#primaryimage\",\"url\":\"https:\\\/\\\/canfali.com\\\/app\\\/uploads\\\/2026\\\/09\\\/Fiestas-Patronales-de-Altea1.jpg\",\"contentUrl\":\"https:\\\/\\\/canfali.com\\\/app\\\/uploads\\\/2026\\\/09\\\/Fiestas-Patronales-de-Altea1.jpg\",\"width\":1020,\"height\":574,\"caption\":\"fiestas patronales Altea\"},{\"@type\":\"BreadcrumbList\",\"@id\":\"https:\\\/\\\/canfali.com\\\/ca-es\\\/altea-anuncia-els-actes-previs-de-les-seues-festes-patronals\\\/#breadcrumb\",\"itemListElement\":[{\"@type\":\"ListItem\",\"position\":1,\"name\":\"Portada\",\"item\":\"https:\\\/\\\/canfali.com\\\/ca-es\\\/\"},{\"@type\":\"ListItem\",\"position\":2,\"name\":\"Altea anuncia els actes previs de les seues Festes Patronals\"}]},{\"@type\":\"WebSite\",\"@id\":\"https:\\\/\\\/canfali.com\\\/ca-es\\\/#website\",\"url\":\"https:\\\/\\\/canfali.com\\\/ca-es\\\/\",\"name\":\"Canfali\",\"description\":\"\",\"publisher\":{\"@id\":\"https:\\\/\\\/canfali.com\\\/ca-es\\\/#organization\"},\"potentialAction\":[{\"@type\":\"SearchAction\",\"target\":{\"@type\":\"EntryPoint\",\"urlTemplate\":\"https:\\\/\\\/canfali.com\\\/ca-es\\\/?s={search_term_string}\"},\"query-input\":{\"@type\":\"PropertyValueSpecification\",\"valueRequired\":true,\"valueName\":\"search_term_string\"}}],\"inLanguage\":\"va-ES\"},{\"@type\":\"Organization\",\"@id\":\"https:\\\/\\\/canfali.com\\\/ca-es\\\/#organization\",\"name\":\"Canfali\",\"url\":\"https:\\\/\\\/canfali.com\\\/ca-es\\\/\",\"logo\":{\"@type\":\"ImageObject\",\"inLanguage\":\"va-ES\",\"@id\":\"https:\\\/\\\/canfali.com\\\/ca-es\\\/#\\\/schema\\\/logo\\\/image\\\/\",\"url\":\"https:\\\/\\\/canfali.com\\\/app\\\/uploads\\\/2025\\\/12\\\/canfali_marina_alta_logo.png\",\"contentUrl\":\"https:\\\/\\\/canfali.com\\\/app\\\/uploads\\\/2025\\\/12\\\/canfali_marina_alta_logo.png\",\"width\":225,\"height\":225,\"caption\":\"Canfali\"},\"image\":{\"@id\":\"https:\\\/\\\/canfali.com\\\/ca-es\\\/#\\\/schema\\\/logo\\\/image\\\/\"},\"sameAs\":[\"https:\\\/\\\/es-es.facebook.com\\\/CANFALIMarinaAlta\",\"https:\\\/\\\/x.com\\\/canfalima\",\"https:\\\/\\\/www.instagram.com\\\/canfalimarinaalta\\\/\"]},{\"@type\":\"Person\",\"@id\":\"https:\\\/\\\/canfali.com\\\/ca-es\\\/#\\\/schema\\\/person\\\/6769881c8113f5c26e8bcf61292908fc\",\"name\":\"Carolina Mota\",\"image\":{\"@type\":\"ImageObject\",\"inLanguage\":\"va-ES\",\"@id\":\"https:\\\/\\\/secure.gravatar.com\\\/avatar\\\/e81d86e4ab597755fbd9d599d59bfa33a6782c2145f947174ce7675a088f023a?s=96&d=mm&r=g\",\"url\":\"https:\\\/\\\/secure.gravatar.com\\\/avatar\\\/e81d86e4ab597755fbd9d599d59bfa33a6782c2145f947174ce7675a088f023a?s=96&d=mm&r=g\",\"contentUrl\":\"https:\\\/\\\/secure.gravatar.com\\\/avatar\\\/e81d86e4ab597755fbd9d599d59bfa33a6782c2145f947174ce7675a088f023a?s=96&d=mm&r=g\",\"caption\":\"Carolina Mota\"},\"url\":\"https:\\\/\\\/canfali.com\\\/ca-es\\\/author\\\/carolinamota\\\/\"}]}<\/script>\n<!-- \/ Yoast SEO Premium plugin. -->","yoast_head_json":{"title":"Altea anuncia els actes previs de les seues Festes Patronals - Canfali","description":"Altea anuncia els actes previs de les seues festes patronals 2026, amb futbol sala, concert de m\u00fasica festera, sopar de c\u00e0rrecs i ball.","robots":{"index":"index","follow":"follow","max-snippet":"max-snippet:-1","max-image-preview":"max-image-preview:large","max-video-preview":"max-video-preview:-1"},"canonical":"https:\/\/canfali.com\/ca-es\/altea-anuncia-els-actes-previs-de-les-seues-festes-patronals\/","og_locale":"en_US","og_type":"article","og_title":"Altea anuncia els actes previs de les seues Festes Patronals","og_description":"Altea anuncia els actes previs de les seues festes patronals 2026, amb futbol sala, concert de m\u00fasica festera, sopar de c\u00e0rrecs i ball.","og_url":"https:\/\/canfali.com\/ca-es\/altea-anuncia-els-actes-previs-de-les-seues-festes-patronals\/","og_site_name":"Canfali","article_publisher":"https:\/\/es-es.facebook.com\/CANFALIMarinaAlta","article_published_time":"2026-09-02T15:44:58+00:00","article_modified_time":"2026-09-02T16:10:10+00:00","og_image":[{"width":1020,"height":574,"url":"https:\/\/canfali.com\/app\/uploads\/2026\/09\/Fiestas-Patronales-de-Altea1.jpg","type":"image\/jpeg"}],"author":"Carolina Mota","twitter_card":"summary_large_image","twitter_creator":"@canfalima","twitter_site":"@canfalima","twitter_misc":{"Written by":"Carolina Mota","Est. reading time":"2 minutes"},"schema":{"@context":"https:\/\/schema.org","@graph":[{"@type":"NewsArticle","@id":"https:\/\/canfali.com\/ca-es\/altea-anuncia-els-actes-previs-de-les-seues-festes-patronals\/#article","isPartOf":{"@id":"https:\/\/canfali.com\/ca-es\/altea-anuncia-els-actes-previs-de-les-seues-festes-patronals\/"},"author":{"name":"Carolina Mota","@id":"https:\/\/canfali.com\/ca-es\/#\/schema\/person\/6769881c8113f5c26e8bcf61292908fc"},"headline":"Altea anuncia els actes previs de les seues Festes Patronals","datePublished":"2026-09-02T15:44:58+00:00","dateModified":"2026-09-02T16:10:10+00:00","mainEntityOfPage":{"@id":"https:\/\/canfali.com\/ca-es\/altea-anuncia-els-actes-previs-de-les-seues-festes-patronals\/"},"wordCount":462,"publisher":{"@id":"https:\/\/canfali.com\/ca-es\/#organization"},"image":{"@id":"https:\/\/canfali.com\/ca-es\/altea-anuncia-els-actes-previs-de-les-seues-festes-patronals\/#primaryimage"},"thumbnailUrl":"https:\/\/canfali.com\/app\/uploads\/2026\/09\/Fiestas-Patronales-de-Altea1.jpg","keywords":["Altea","cultura.","festa major","festes patronals","Marina Baixa","Moros i cristians","m\u00fasica festera","sant blai","tradici\u00f3n"],"articleSection":["Cultura","Festes","Marina Baixa"],"inLanguage":"va-ES","copyrightYear":"2026","copyrightHolder":{"@id":"https:\/\/canfali.com\/#organization"}},{"@type":"WebPage","@id":"https:\/\/canfali.com\/ca-es\/altea-anuncia-els-actes-previs-de-les-seues-festes-patronals\/","url":"https:\/\/canfali.com\/ca-es\/altea-anuncia-els-actes-previs-de-les-seues-festes-patronals\/","name":"Altea anuncia els actes previs de les seues Festes Patronals - Canfali","isPartOf":{"@id":"https:\/\/canfali.com\/ca-es\/#website"},"primaryImageOfPage":{"@id":"https:\/\/canfali.com\/ca-es\/altea-anuncia-els-actes-previs-de-les-seues-festes-patronals\/#primaryimage"},"image":{"@id":"https:\/\/canfali.com\/ca-es\/altea-anuncia-els-actes-previs-de-les-seues-festes-patronals\/#primaryimage"},"thumbnailUrl":"https:\/\/canfali.com\/app\/uploads\/2026\/09\/Fiestas-Patronales-de-Altea1.jpg","datePublished":"2026-09-02T15:44:58+00:00","dateModified":"2026-09-02T16:10:10+00:00","description":"Altea anuncia els actes previs de les seues festes patronals 2026, amb futbol sala, concert de m\u00fasica festera, sopar de c\u00e0rrecs i ball.","breadcrumb":{"@id":"https:\/\/canfali.com\/ca-es\/altea-anuncia-els-actes-previs-de-les-seues-festes-patronals\/#breadcrumb"},"inLanguage":"va-ES","potentialAction":[{"@type":"ReadAction","target":["https:\/\/canfali.com\/ca-es\/altea-anuncia-els-actes-previs-de-les-seues-festes-patronals\/"]}]},{"@type":"ImageObject","inLanguage":"va-ES","@id":"https:\/\/canfali.com\/ca-es\/altea-anuncia-els-actes-previs-de-les-seues-festes-patronals\/#primaryimage","url":"https:\/\/canfali.com\/app\/uploads\/2026\/09\/Fiestas-Patronales-de-Altea1.jpg","contentUrl":"https:\/\/canfali.com\/app\/uploads\/2026\/09\/Fiestas-Patronales-de-Altea1.jpg","width":1020,"height":574,"caption":"fiestas patronales Altea"},{"@type":"BreadcrumbList","@id":"https:\/\/canfali.com\/ca-es\/altea-anuncia-els-actes-previs-de-les-seues-festes-patronals\/#breadcrumb","itemListElement":[{"@type":"ListItem","position":1,"name":"Portada","item":"https:\/\/canfali.com\/ca-es\/"},{"@type":"ListItem","position":2,"name":"Altea anuncia els actes previs de les seues Festes Patronals"}]},{"@type":"WebSite","@id":"https:\/\/canfali.com\/ca-es\/#website","url":"https:\/\/canfali.com\/ca-es\/","name":"Canfali","description":"","publisher":{"@id":"https:\/\/canfali.com\/ca-es\/#organization"},"potentialAction":[{"@type":"SearchAction","target":{"@type":"EntryPoint","urlTemplate":"https:\/\/canfali.com\/ca-es\/?s={search_term_string}"},"query-input":{"@type":"PropertyValueSpecification","valueRequired":true,"valueName":"search_term_string"}}],"inLanguage":"va-ES"},{"@type":"Organization","@id":"https:\/\/canfali.com\/ca-es\/#organization","name":"Canfali","url":"https:\/\/canfali.com\/ca-es\/","logo":{"@type":"ImageObject","inLanguage":"va-ES","@id":"https:\/\/canfali.com\/ca-es\/#\/schema\/logo\/image\/","url":"https:\/\/canfali.com\/app\/uploads\/2025\/12\/canfali_marina_alta_logo.png","contentUrl":"https:\/\/canfali.com\/app\/uploads\/2025\/12\/canfali_marina_alta_logo.png","width":225,"height":225,"caption":"Canfali"},"image":{"@id":"https:\/\/canfali.com\/ca-es\/#\/schema\/logo\/image\/"},"sameAs":["https:\/\/es-es.facebook.com\/CANFALIMarinaAlta","https:\/\/x.com\/canfalima","https:\/\/www.instagram.com\/canfalimarinaalta\/"]},{"@type":"Person","@id":"https:\/\/canfali.com\/ca-es\/#\/schema\/person\/6769881c8113f5c26e8bcf61292908fc","name":"Carolina Mota","image":{"@type":"ImageObject","inLanguage":"va-ES","@id":"https:\/\/secure.gravatar.com\/avatar\/e81d86e4ab597755fbd9d599d59bfa33a6782c2145f947174ce7675a088f023a?s=96&d=mm&r=g","url":"https:\/\/secure.gravatar.com\/avatar\/e81d86e4ab597755fbd9d599d59bfa33a6782c2145f947174ce7675a088f023a?s=96&d=mm&r=g","contentUrl":"https:\/\/secure.gravatar.com\/avatar\/e81d86e4ab597755fbd9d599d59bfa33a6782c2145f947174ce7675a088f023a?s=96&d=mm&r=g","caption":"Carolina Mota"},"url":"https:\/\/canfali.com\/ca-es\/author\/carolinamota\/"}]}},"_links":{"self":[{"href":"https:\/\/canfali.com\/ca-es\/wp-json\/wp\/v2\/posts\/111129","targetHints":{"allow":["GET"]}}],"collection":[{"href":"https:\/\/canfali.com\/ca-es\/wp-json\/wp\/v2\/posts"}],"about":[{"href":"https:\/\/canfali.com\/ca-es\/wp-json\/wp\/v2\/types\/post"}],"author":[{"embeddable":true,"href":"https:\/\/canfali.com\/ca-es\/wp-json\/wp\/v2\/users\/18"}],"replies":[{"embeddable":true,"href":"https:\/\/canfali.com\/ca-es\/wp-json\/wp\/v2\/comments?post=111129"}],"version-history":[{"count":1,"href":"https:\/\/canfali.com\/ca-es\/wp-json\/wp\/v2\/posts\/111129\/revisions"}],"predecessor-version":[{"id":111130,"href":"https:\/\/canfali.com\/ca-es\/wp-json\/wp\/v2\/posts\/111129\/revisions\/111130"}],"wp:featuredmedia":[{"embeddable":true,"href":"https:\/\/canfali.com\/ca-es\/wp-json\/wp\/v2\/media\/111110"}],"wp:attachment":[{"href":"https:\/\/canfali.com\/ca-es\/wp-json\/wp\/v2\/media?parent=111129"}],"wp:term":[{"taxonomy":"category","embeddable":true,"href":"https:\/\/canfali.com\/ca-es\/wp-json\/wp\/v2\/categories?post=111129"},{"taxonomy":"post_tag","embeddable":true,"href":"https:\/\/canfali.com\/ca-es\/wp-json\/wp\/v2\/tags?post=111129"},{"taxonomy":"poblacion","embeddable":true,"href":"https:\/\/canfali.com\/ca-es\/wp-json\/wp\/v2\/poblacion?post=111129"}],"curies":[{"name":"wp","href":"https:\/\/api.w.org\/{rel}","templated":true}]}}