{"id":111113,"date":"2026-09-02T17:55:46","date_gmt":"2026-09-02T15:55:46","guid":{"rendered":"https:\/\/canfali.com\/?p=111113"},"modified":"2026-09-02T17:55:50","modified_gmt":"2026-09-02T15:55:50","slug":"cincuanta-anys-de-la-penya-la-bufa-de-xabia","status":"publish","type":"post","link":"https:\/\/canfali.com\/ca-es\/cincuanta-anys-de-la-penya-la-bufa-de-xabia\/","title":{"rendered":"Penya La Bufa de X\u00e0bia: cinquanta anys de riure i moltes ganes de passar-ho b\u00e9"},"content":{"rendered":"\n<h3 id=\"h-la-historia-d-una-penya-emblematica-i-pionera-de-xabia-lligada-a-la-festa-i-a-la-idiosincrasia-del-barri-de-duanes\" class=\"wp-block-heading\"><strong>La hist\u00f2ria d\u2019una penya emblem\u00e0tica i pionera de X\u00e0bia lligada a la festa i a la idiosincr\u00e0sia del barri de Duanes<\/strong><\/h3>\n\n\n\n<p class=\"wp-block-paragraph\">La Penya La Bufa celebra enguany mig segle d\u2019hist\u00f2ria vinculada a les festes de Duanes de X\u00e0bia. Una traject\u00f2ria que va comen\u00e7ar l\u2019any 1976 i que ha convertit aquesta agrupaci\u00f3 en la penya pionera i m\u00e9s veterana del municipi. Toni Sivera, conegut per tots com El Seba, \u00e9s l\u2019\u00fanic dels fundadors que continua formant part de la penya i qui millor coneix la seua hist\u00f2ria.<\/p>\n\n\n\n<p class=\"wp-block-paragraph\">La Bufa va n\u00e0ixer a partir d\u2019un grup d\u2019entre 15 i 20 persones que formaven part de la comissi\u00f3 i que van decidir crear la seua pr\u00f2pia agrupaci\u00f3 per mantindre viva la flama de la festa entre ells. \u00abEn aquells temps la festa era molt diferent, m\u00e9s espont\u00e0nia\u00bb, matisa El Seba. El nom tamb\u00e9 t\u00e9 un origen curi\u00f3s. Inicialment volien batejar una furgoneta com \u2018La Bufa de la Gamba\u2019, per\u00f2 les lletres van ocupar m\u00e9s espai del previst i finalment nom\u00e9s va quedar \u2018La Bufa\u2019.<\/p>\n\n\n\n<p class=\"wp-block-paragraph\">Durant cinc d\u00e8cades, la penya ha participat activament en les festes amb cavalcades i carrosses, i tamb\u00e9 en activitats esportives, com ara un marat\u00f3 i una carrera ciclista que porten el seu nom i que s\u2019organitzen amb la col\u00b7laboraci\u00f3 del Club Llebeig i del Club Ciclista, respectivament. <br>Ahi ha creat escola, perqu\u00e8 hui altres penyes tamb\u00e9 s\u2019impliquen en molts actes. Per\u00f2, sobretot, ha mantingut una pres\u00e8ncia destacada en el tradicional desfile de carrosses de Duanes, on ha fet gala de la seua gr\u00e0cia, enginy i ironia morda\u00e7 per retratar tant fets locals com esdeveniments de transcend\u00e8ncia mundial, sempre, com recorda El Seba, \u00abamb molt de respecte\u00bb.<\/p>\n\n\n\n<figure class=\"wp-block-image size-large\"><img fetchpriority=\"high\" decoding=\"async\" width=\"1024\" height=\"683\" src=\"https:\/\/canfali.com\/app\/uploads\/2026\/09\/8festes-labufa3-1024x683.jpg\" alt=\"\" class=\"wp-image-111120\" srcset=\"https:\/\/canfali.com\/app\/uploads\/2026\/09\/8festes-labufa3-1024x683.jpg 1024w, https:\/\/canfali.com\/app\/uploads\/2026\/09\/8festes-labufa3-300x200.jpg 300w, https:\/\/canfali.com\/app\/uploads\/2026\/09\/8festes-labufa3-768x512.jpg 768w, https:\/\/canfali.com\/app\/uploads\/2026\/09\/8festes-labufa3-1536x1024.jpg 1536w, https:\/\/canfali.com\/app\/uploads\/2026\/09\/8festes-labufa3-2048x1365.jpg 2048w, https:\/\/canfali.com\/app\/uploads\/2026\/09\/8festes-labufa3-332x221.jpg 332w, https:\/\/canfali.com\/app\/uploads\/2026\/09\/8festes-labufa3-663x442.jpg 663w, https:\/\/canfali.com\/app\/uploads\/2026\/09\/8festes-labufa3-687x458.jpg 687w, https:\/\/canfali.com\/app\/uploads\/2026\/09\/8festes-labufa3-1044x696.jpg 1044w, https:\/\/canfali.com\/app\/uploads\/2026\/09\/8festes-labufa3-1400x933.jpg 1400w, https:\/\/canfali.com\/app\/uploads\/2026\/09\/8festes-labufa3-1920x1280.jpg 1920w, https:\/\/canfali.com\/app\/uploads\/2026\/09\/8festes-labufa3-scaled.jpg 2560w\" sizes=\"(max-width: 1024px) 100vw, 1024px\" \/><\/figure>\n\n\n\n<figure class=\"wp-block-image size-large\"><img decoding=\"async\" width=\"1024\" height=\"683\" src=\"https:\/\/canfali.com\/app\/uploads\/2026\/09\/8festes-labufa2-1024x683.jpg\" alt=\"\" class=\"wp-image-111118\" srcset=\"https:\/\/canfali.com\/app\/uploads\/2026\/09\/8festes-labufa2-1024x683.jpg 1024w, https:\/\/canfali.com\/app\/uploads\/2026\/09\/8festes-labufa2-300x200.jpg 300w, https:\/\/canfali.com\/app\/uploads\/2026\/09\/8festes-labufa2-768x512.jpg 768w, https:\/\/canfali.com\/app\/uploads\/2026\/09\/8festes-labufa2-1536x1024.jpg 1536w, https:\/\/canfali.com\/app\/uploads\/2026\/09\/8festes-labufa2-2048x1365.jpg 2048w, https:\/\/canfali.com\/app\/uploads\/2026\/09\/8festes-labufa2-332x221.jpg 332w, https:\/\/canfali.com\/app\/uploads\/2026\/09\/8festes-labufa2-663x442.jpg 663w, https:\/\/canfali.com\/app\/uploads\/2026\/09\/8festes-labufa2-687x458.jpg 687w, https:\/\/canfali.com\/app\/uploads\/2026\/09\/8festes-labufa2-1044x696.jpg 1044w, https:\/\/canfali.com\/app\/uploads\/2026\/09\/8festes-labufa2-1400x933.jpg 1400w, https:\/\/canfali.com\/app\/uploads\/2026\/09\/8festes-labufa2-1920x1280.jpg 1920w, https:\/\/canfali.com\/app\/uploads\/2026\/09\/8festes-labufa2-scaled.jpg 2560w\" sizes=\"(max-width: 1024px) 100vw, 1024px\" \/><\/figure>\n\n\n\n<p class=\"wp-block-paragraph\">La Bufa \u00e9s tamb\u00e9 sin\u00f2nim de germanor i bona gastronomia marinera, amb els sabors m\u00e9s aut\u00e8ntics de la m\u00e0 de l\u2019hist\u00f2ric cuiner Pepe Tomaca. Compartir, superar les difer\u00e8ncies i gaudir junts s\u00f3n algunes de les claus d\u2019una traject\u00f2ria tan llarga. La seu de la penya \u2014la tercera des que es va fundar\u2014 \u00e9s un punt de trobada al voltant de la taula. La m\u00fasica de dol\u00e7aina i tabal tampoc no pot faltar i acompanya la penya en els seus m\u00edtics passacarrers, amb una colla que lidera la dol\u00e7ainera Cristina Mart\u00ed des de fa 24 anys.<\/p>\n\n\n\n<figure class=\"wp-block-image size-large\"><img decoding=\"async\" width=\"1024\" height=\"683\" src=\"https:\/\/canfali.com\/app\/uploads\/2026\/09\/8festes-labufa4-1024x683.jpg\" alt=\"\" class=\"wp-image-111122\" srcset=\"https:\/\/canfali.com\/app\/uploads\/2026\/09\/8festes-labufa4-1024x683.jpg 1024w, https:\/\/canfali.com\/app\/uploads\/2026\/09\/8festes-labufa4-300x200.jpg 300w, https:\/\/canfali.com\/app\/uploads\/2026\/09\/8festes-labufa4-768x512.jpg 768w, https:\/\/canfali.com\/app\/uploads\/2026\/09\/8festes-labufa4-1536x1024.jpg 1536w, https:\/\/canfali.com\/app\/uploads\/2026\/09\/8festes-labufa4-2048x1365.jpg 2048w, https:\/\/canfali.com\/app\/uploads\/2026\/09\/8festes-labufa4-332x221.jpg 332w, https:\/\/canfali.com\/app\/uploads\/2026\/09\/8festes-labufa4-663x442.jpg 663w, https:\/\/canfali.com\/app\/uploads\/2026\/09\/8festes-labufa4-687x458.jpg 687w, https:\/\/canfali.com\/app\/uploads\/2026\/09\/8festes-labufa4-1044x696.jpg 1044w, https:\/\/canfali.com\/app\/uploads\/2026\/09\/8festes-labufa4-1400x933.jpg 1400w, https:\/\/canfali.com\/app\/uploads\/2026\/09\/8festes-labufa4-1920x1280.jpg 1920w, https:\/\/canfali.com\/app\/uploads\/2026\/09\/8festes-labufa4-scaled.jpg 2560w\" sizes=\"(max-width: 1024px) 100vw, 1024px\" \/><\/figure>\n\n\n\n<figure class=\"wp-block-image size-large\"><img loading=\"lazy\" decoding=\"async\" width=\"1024\" height=\"683\" src=\"https:\/\/canfali.com\/app\/uploads\/2026\/09\/8festes-labufa6-1024x683.jpg\" alt=\"\" class=\"wp-image-111124\" srcset=\"https:\/\/canfali.com\/app\/uploads\/2026\/09\/8festes-labufa6-1024x683.jpg 1024w, https:\/\/canfali.com\/app\/uploads\/2026\/09\/8festes-labufa6-300x200.jpg 300w, https:\/\/canfali.com\/app\/uploads\/2026\/09\/8festes-labufa6-768x512.jpg 768w, https:\/\/canfali.com\/app\/uploads\/2026\/09\/8festes-labufa6-1536x1024.jpg 1536w, https:\/\/canfali.com\/app\/uploads\/2026\/09\/8festes-labufa6-2048x1365.jpg 2048w, https:\/\/canfali.com\/app\/uploads\/2026\/09\/8festes-labufa6-332x221.jpg 332w, https:\/\/canfali.com\/app\/uploads\/2026\/09\/8festes-labufa6-663x442.jpg 663w, https:\/\/canfali.com\/app\/uploads\/2026\/09\/8festes-labufa6-687x458.jpg 687w, https:\/\/canfali.com\/app\/uploads\/2026\/09\/8festes-labufa6-1044x696.jpg 1044w, https:\/\/canfali.com\/app\/uploads\/2026\/09\/8festes-labufa6-1400x933.jpg 1400w, https:\/\/canfali.com\/app\/uploads\/2026\/09\/8festes-labufa6-1920x1280.jpg 1920w, https:\/\/canfali.com\/app\/uploads\/2026\/09\/8festes-labufa6-scaled.jpg 2560w\" sizes=\"(max-width: 1024px) 100vw, 1024px\" \/><\/figure>\n\n\n\n<p class=\"wp-block-paragraph\">A la penya hi ha, a m\u00e9s, una peculiar norma: per formar part de La Bufa, no nom\u00e9s cal el vistiplau dels seus membres; tamb\u00e9 \u00e9s necessari que l\u2019esposa signe una autoritzaci\u00f3. Una mostra de l\u2019esperit familiar i humor\u00edstic d\u2019una penya que, 50 anys despr\u00e9s, continua treballant i disfrutant de la festa amb la mirada posada en poder arribar, algun dia, al centenari.<\/p>\n\n\n\n<p class=\"wp-block-paragraph\">La Bufa ha compartit en estos dies les commeoracions del cinquanta aniverasari amb altres penyes, institucions i convidats, sempre al voltant d\u2019una bona taula, m\u00fasica i, sobretot, molta festa.<\/p>\n\n\n\n<figure class=\"wp-block-image size-large\"><img loading=\"lazy\" decoding=\"async\" width=\"1024\" height=\"683\" src=\"https:\/\/canfali.com\/app\/uploads\/2026\/09\/8festes-labufa1-1024x683.jpg\" alt=\"\" class=\"wp-image-111116\" srcset=\"https:\/\/canfali.com\/app\/uploads\/2026\/09\/8festes-labufa1-1024x683.jpg 1024w, https:\/\/canfali.com\/app\/uploads\/2026\/09\/8festes-labufa1-300x200.jpg 300w, https:\/\/canfali.com\/app\/uploads\/2026\/09\/8festes-labufa1-768x512.jpg 768w, https:\/\/canfali.com\/app\/uploads\/2026\/09\/8festes-labufa1-1536x1024.jpg 1536w, https:\/\/canfali.com\/app\/uploads\/2026\/09\/8festes-labufa1-2048x1365.jpg 2048w, https:\/\/canfali.com\/app\/uploads\/2026\/09\/8festes-labufa1-332x221.jpg 332w, https:\/\/canfali.com\/app\/uploads\/2026\/09\/8festes-labufa1-663x442.jpg 663w, https:\/\/canfali.com\/app\/uploads\/2026\/09\/8festes-labufa1-687x458.jpg 687w, https:\/\/canfali.com\/app\/uploads\/2026\/09\/8festes-labufa1-1044x696.jpg 1044w, https:\/\/canfali.com\/app\/uploads\/2026\/09\/8festes-labufa1-1400x933.jpg 1400w, https:\/\/canfali.com\/app\/uploads\/2026\/09\/8festes-labufa1-1920x1280.jpg 1920w, https:\/\/canfali.com\/app\/uploads\/2026\/09\/8festes-labufa1-scaled.jpg 2560w\" sizes=\"(max-width: 1024px) 100vw, 1024px\" \/><\/figure>\n\n\n\n<figure class=\"wp-block-image size-large\"><img loading=\"lazy\" decoding=\"async\" width=\"1024\" height=\"683\" src=\"https:\/\/canfali.com\/app\/uploads\/2026\/09\/8festes-labufa5-1024x683.jpg\" alt=\"\" class=\"wp-image-111126\" srcset=\"https:\/\/canfali.com\/app\/uploads\/2026\/09\/8festes-labufa5-1024x683.jpg 1024w, https:\/\/canfali.com\/app\/uploads\/2026\/09\/8festes-labufa5-300x200.jpg 300w, https:\/\/canfali.com\/app\/uploads\/2026\/09\/8festes-labufa5-768x512.jpg 768w, https:\/\/canfali.com\/app\/uploads\/2026\/09\/8festes-labufa5-1536x1024.jpg 1536w, https:\/\/canfali.com\/app\/uploads\/2026\/09\/8festes-labufa5-2048x1365.jpg 2048w, https:\/\/canfali.com\/app\/uploads\/2026\/09\/8festes-labufa5-332x221.jpg 332w, https:\/\/canfali.com\/app\/uploads\/2026\/09\/8festes-labufa5-663x442.jpg 663w, https:\/\/canfali.com\/app\/uploads\/2026\/09\/8festes-labufa5-687x458.jpg 687w, https:\/\/canfali.com\/app\/uploads\/2026\/09\/8festes-labufa5-1044x696.jpg 1044w, https:\/\/canfali.com\/app\/uploads\/2026\/09\/8festes-labufa5-1400x933.jpg 1400w, https:\/\/canfali.com\/app\/uploads\/2026\/09\/8festes-labufa5-1920x1280.jpg 1920w, https:\/\/canfali.com\/app\/uploads\/2026\/09\/8festes-labufa5-scaled.jpg 2560w\" sizes=\"(max-width: 1024px) 100vw, 1024px\" \/><\/figure>\n","protected":false},"excerpt":{"rendered":"La hist\u00f2ria d\u2019una penya emblem\u00e0tica i pionera de X\u00e0bia lligada a la festa i a la idiosincr\u00e0sia del&hellip;","protected":false},"author":8,"featured_media":111114,"comment_status":"closed","ping_status":"open","sticky":false,"template":"","format":"standard","meta":{"csco_display_header_overlay":false,"csco_singular_sidebar":"","csco_page_header_type":"","csco_page_load_nextpost":"","csco_post_video_location":[],"csco_post_video_location_hash":"","csco_post_video_url":"","csco_post_video_bg_start_time":0,"csco_post_video_bg_end_time":0,"footnotes":""},"categories":[587],"tags":[],"poblacion":[],"class_list":["post-111113","post","type-post","status-publish","format-standard","has-post-thumbnail","category-festes","cs-entry","cs-video-wrap"],"yoast_head":"<!-- This site is optimized with the Yoast SEO Premium plugin v26.6 (Yoast SEO v27.3) - https:\/\/yoast.com\/product\/yoast-seo-premium-wordpress\/ -->\n<title>Penya La Bufa de X\u00e0bia: cinquanta anys de riure i moltes ganes de passar-ho b\u00e9 - Canfali<\/title>\n<meta name=\"description\" content=\"rant cinc d\u00e8cades, la penya ha participat activament en les festes amb cavalcades i carrosses, i tamb\u00e9 en activitats esportives\" \/>\n<meta name=\"robots\" content=\"index, follow, max-snippet:-1, max-image-preview:large, max-video-preview:-1\" \/>\n<link rel=\"canonical\" href=\"https:\/\/canfali.com\/ca-es\/cincuanta-anys-de-la-penya-la-bufa-de-xabia\/\" \/>\n<meta property=\"og:locale\" content=\"en_US\" \/>\n<meta property=\"og:type\" content=\"article\" \/>\n<meta property=\"og:title\" content=\"Penya La Bufa de X\u00e0bia: cinquanta anys de riure i moltes ganes de passar-ho b\u00e9\" \/>\n<meta property=\"og:description\" content=\"rant cinc d\u00e8cades, la penya ha participat activament en les festes amb cavalcades i carrosses, i tamb\u00e9 en activitats esportives\" \/>\n<meta property=\"og:url\" content=\"https:\/\/canfali.com\/ca-es\/cincuanta-anys-de-la-penya-la-bufa-de-xabia\/\" \/>\n<meta property=\"og:site_name\" content=\"Canfali\" \/>\n<meta property=\"article:publisher\" content=\"https:\/\/es-es.facebook.com\/CANFALIMarinaAlta\" \/>\n<meta property=\"article:published_time\" content=\"2026-09-02T15:55:46+00:00\" \/>\n<meta property=\"article:modified_time\" content=\"2026-09-02T15:55:50+00:00\" \/>\n<meta property=\"og:image\" content=\"https:\/\/canfali.com\/app\/uploads\/2026\/09\/portada-digital-copia.jpg\" \/>\n\t<meta property=\"og:image:width\" content=\"1020\" \/>\n\t<meta property=\"og:image:height\" content=\"574\" \/>\n\t<meta property=\"og:image:type\" content=\"image\/jpeg\" \/>\n<meta name=\"author\" content=\"Lluis\" \/>\n<meta name=\"twitter:card\" content=\"summary_large_image\" \/>\n<meta name=\"twitter:creator\" content=\"@canfalima\" \/>\n<meta name=\"twitter:site\" content=\"@canfalima\" \/>\n<meta name=\"twitter:label1\" content=\"Written by\" \/>\n\t<meta name=\"twitter:data1\" content=\"Lluis\" \/>\n\t<meta name=\"twitter:label2\" content=\"Est. reading time\" \/>\n\t<meta name=\"twitter:data2\" content=\"4 minutes\" \/>\n<script type=\"application\/ld+json\" class=\"yoast-schema-graph\">{\"@context\":\"https:\\\/\\\/schema.org\",\"@graph\":[{\"@type\":\"NewsArticle\",\"@id\":\"https:\\\/\\\/canfali.com\\\/ca-es\\\/cincuanta-anys-de-la-penya-la-bufa-de-xabia\\\/#article\",\"isPartOf\":{\"@id\":\"https:\\\/\\\/canfali.com\\\/ca-es\\\/cincuanta-anys-de-la-penya-la-bufa-de-xabia\\\/\"},\"author\":{\"name\":\"Lluis\",\"@id\":\"https:\\\/\\\/canfali.com\\\/ca-es\\\/#\\\/schema\\\/person\\\/f540a86fb33e10daaae53c59ceaa1194\"},\"headline\":\"Penya La Bufa de X\u00e0bia: cinquanta anys de riure i moltes ganes de passar-ho b\u00e9\",\"datePublished\":\"2026-09-02T15:55:46+00:00\",\"dateModified\":\"2026-09-02T15:55:50+00:00\",\"mainEntityOfPage\":{\"@id\":\"https:\\\/\\\/canfali.com\\\/ca-es\\\/cincuanta-anys-de-la-penya-la-bufa-de-xabia\\\/\"},\"wordCount\":527,\"publisher\":{\"@id\":\"https:\\\/\\\/canfali.com\\\/ca-es\\\/#organization\"},\"image\":{\"@id\":\"https:\\\/\\\/canfali.com\\\/ca-es\\\/cincuanta-anys-de-la-penya-la-bufa-de-xabia\\\/#primaryimage\"},\"thumbnailUrl\":\"https:\\\/\\\/canfali.com\\\/app\\\/uploads\\\/2026\\\/09\\\/portada-digital-copia.jpg\",\"articleSection\":[\"Festes\"],\"inLanguage\":\"va-ES\",\"copyrightYear\":\"2026\",\"copyrightHolder\":{\"@id\":\"https:\\\/\\\/canfali.com\\\/#organization\"}},{\"@type\":\"WebPage\",\"@id\":\"https:\\\/\\\/canfali.com\\\/ca-es\\\/cincuanta-anys-de-la-penya-la-bufa-de-xabia\\\/\",\"url\":\"https:\\\/\\\/canfali.com\\\/ca-es\\\/cincuanta-anys-de-la-penya-la-bufa-de-xabia\\\/\",\"name\":\"Penya La Bufa de X\u00e0bia: cinquanta anys de riure i moltes ganes de passar-ho b\u00e9 - Canfali\",\"isPartOf\":{\"@id\":\"https:\\\/\\\/canfali.com\\\/ca-es\\\/#website\"},\"primaryImageOfPage\":{\"@id\":\"https:\\\/\\\/canfali.com\\\/ca-es\\\/cincuanta-anys-de-la-penya-la-bufa-de-xabia\\\/#primaryimage\"},\"image\":{\"@id\":\"https:\\\/\\\/canfali.com\\\/ca-es\\\/cincuanta-anys-de-la-penya-la-bufa-de-xabia\\\/#primaryimage\"},\"thumbnailUrl\":\"https:\\\/\\\/canfali.com\\\/app\\\/uploads\\\/2026\\\/09\\\/portada-digital-copia.jpg\",\"datePublished\":\"2026-09-02T15:55:46+00:00\",\"dateModified\":\"2026-09-02T15:55:50+00:00\",\"description\":\"rant cinc d\u00e8cades, la penya ha participat activament en les festes amb cavalcades i carrosses, i tamb\u00e9 en activitats esportives\",\"breadcrumb\":{\"@id\":\"https:\\\/\\\/canfali.com\\\/ca-es\\\/cincuanta-anys-de-la-penya-la-bufa-de-xabia\\\/#breadcrumb\"},\"inLanguage\":\"va-ES\",\"potentialAction\":[{\"@type\":\"ReadAction\",\"target\":[\"https:\\\/\\\/canfali.com\\\/ca-es\\\/cincuanta-anys-de-la-penya-la-bufa-de-xabia\\\/\"]}]},{\"@type\":\"ImageObject\",\"inLanguage\":\"va-ES\",\"@id\":\"https:\\\/\\\/canfali.com\\\/ca-es\\\/cincuanta-anys-de-la-penya-la-bufa-de-xabia\\\/#primaryimage\",\"url\":\"https:\\\/\\\/canfali.com\\\/app\\\/uploads\\\/2026\\\/09\\\/portada-digital-copia.jpg\",\"contentUrl\":\"https:\\\/\\\/canfali.com\\\/app\\\/uploads\\\/2026\\\/09\\\/portada-digital-copia.jpg\",\"width\":1020,\"height\":574,\"caption\":\"Screenshot\"},{\"@type\":\"BreadcrumbList\",\"@id\":\"https:\\\/\\\/canfali.com\\\/ca-es\\\/cincuanta-anys-de-la-penya-la-bufa-de-xabia\\\/#breadcrumb\",\"itemListElement\":[{\"@type\":\"ListItem\",\"position\":1,\"name\":\"Portada\",\"item\":\"https:\\\/\\\/canfali.com\\\/ca-es\\\/\"},{\"@type\":\"ListItem\",\"position\":2,\"name\":\"Penya La Bufa de X\u00e0bia: cinquanta anys de riure i moltes ganes de passar-ho b\u00e9\"}]},{\"@type\":\"WebSite\",\"@id\":\"https:\\\/\\\/canfali.com\\\/ca-es\\\/#website\",\"url\":\"https:\\\/\\\/canfali.com\\\/ca-es\\\/\",\"name\":\"Canfali\",\"description\":\"\",\"publisher\":{\"@id\":\"https:\\\/\\\/canfali.com\\\/ca-es\\\/#organization\"},\"potentialAction\":[{\"@type\":\"SearchAction\",\"target\":{\"@type\":\"EntryPoint\",\"urlTemplate\":\"https:\\\/\\\/canfali.com\\\/ca-es\\\/?s={search_term_string}\"},\"query-input\":{\"@type\":\"PropertyValueSpecification\",\"valueRequired\":true,\"valueName\":\"search_term_string\"}}],\"inLanguage\":\"va-ES\"},{\"@type\":\"Organization\",\"@id\":\"https:\\\/\\\/canfali.com\\\/ca-es\\\/#organization\",\"name\":\"Canfali\",\"url\":\"https:\\\/\\\/canfali.com\\\/ca-es\\\/\",\"logo\":{\"@type\":\"ImageObject\",\"inLanguage\":\"va-ES\",\"@id\":\"https:\\\/\\\/canfali.com\\\/ca-es\\\/#\\\/schema\\\/logo\\\/image\\\/\",\"url\":\"https:\\\/\\\/canfali.com\\\/app\\\/uploads\\\/2025\\\/12\\\/canfali_marina_alta_logo.png\",\"contentUrl\":\"https:\\\/\\\/canfali.com\\\/app\\\/uploads\\\/2025\\\/12\\\/canfali_marina_alta_logo.png\",\"width\":225,\"height\":225,\"caption\":\"Canfali\"},\"image\":{\"@id\":\"https:\\\/\\\/canfali.com\\\/ca-es\\\/#\\\/schema\\\/logo\\\/image\\\/\"},\"sameAs\":[\"https:\\\/\\\/es-es.facebook.com\\\/CANFALIMarinaAlta\",\"https:\\\/\\\/x.com\\\/canfalima\",\"https:\\\/\\\/www.instagram.com\\\/canfalimarinaalta\\\/\"]},{\"@type\":\"Person\",\"@id\":\"https:\\\/\\\/canfali.com\\\/ca-es\\\/#\\\/schema\\\/person\\\/f540a86fb33e10daaae53c59ceaa1194\",\"name\":\"Lluis\",\"image\":{\"@type\":\"ImageObject\",\"inLanguage\":\"va-ES\",\"@id\":\"https:\\\/\\\/secure.gravatar.com\\\/avatar\\\/a21ec8835290e4e02ed0886b8cb327d807d0eb6ec8ccf25d4c2a0a415f506c0d?s=96&d=mm&r=g\",\"url\":\"https:\\\/\\\/secure.gravatar.com\\\/avatar\\\/a21ec8835290e4e02ed0886b8cb327d807d0eb6ec8ccf25d4c2a0a415f506c0d?s=96&d=mm&r=g\",\"contentUrl\":\"https:\\\/\\\/secure.gravatar.com\\\/avatar\\\/a21ec8835290e4e02ed0886b8cb327d807d0eb6ec8ccf25d4c2a0a415f506c0d?s=96&d=mm&r=g\",\"caption\":\"Lluis\"},\"url\":\"https:\\\/\\\/canfali.com\\\/ca-es\\\/author\\\/lluis\\\/\"}]}<\/script>\n<!-- \/ Yoast SEO Premium plugin. -->","yoast_head_json":{"title":"Penya La Bufa de X\u00e0bia: cinquanta anys de riure i moltes ganes de passar-ho b\u00e9 - Canfali","description":"rant cinc d\u00e8cades, la penya ha participat activament en les festes amb cavalcades i carrosses, i tamb\u00e9 en activitats esportives","robots":{"index":"index","follow":"follow","max-snippet":"max-snippet:-1","max-image-preview":"max-image-preview:large","max-video-preview":"max-video-preview:-1"},"canonical":"https:\/\/canfali.com\/ca-es\/cincuanta-anys-de-la-penya-la-bufa-de-xabia\/","og_locale":"en_US","og_type":"article","og_title":"Penya La Bufa de X\u00e0bia: cinquanta anys de riure i moltes ganes de passar-ho b\u00e9","og_description":"rant cinc d\u00e8cades, la penya ha participat activament en les festes amb cavalcades i carrosses, i tamb\u00e9 en activitats esportives","og_url":"https:\/\/canfali.com\/ca-es\/cincuanta-anys-de-la-penya-la-bufa-de-xabia\/","og_site_name":"Canfali","article_publisher":"https:\/\/es-es.facebook.com\/CANFALIMarinaAlta","article_published_time":"2026-09-02T15:55:46+00:00","article_modified_time":"2026-09-02T15:55:50+00:00","og_image":[{"width":1020,"height":574,"url":"https:\/\/canfali.com\/app\/uploads\/2026\/09\/portada-digital-copia.jpg","type":"image\/jpeg"}],"author":"Lluis","twitter_card":"summary_large_image","twitter_creator":"@canfalima","twitter_site":"@canfalima","twitter_misc":{"Written by":"Lluis","Est. reading time":"4 minutes"},"schema":{"@context":"https:\/\/schema.org","@graph":[{"@type":"NewsArticle","@id":"https:\/\/canfali.com\/ca-es\/cincuanta-anys-de-la-penya-la-bufa-de-xabia\/#article","isPartOf":{"@id":"https:\/\/canfali.com\/ca-es\/cincuanta-anys-de-la-penya-la-bufa-de-xabia\/"},"author":{"name":"Lluis","@id":"https:\/\/canfali.com\/ca-es\/#\/schema\/person\/f540a86fb33e10daaae53c59ceaa1194"},"headline":"Penya La Bufa de X\u00e0bia: cinquanta anys de riure i moltes ganes de passar-ho b\u00e9","datePublished":"2026-09-02T15:55:46+00:00","dateModified":"2026-09-02T15:55:50+00:00","mainEntityOfPage":{"@id":"https:\/\/canfali.com\/ca-es\/cincuanta-anys-de-la-penya-la-bufa-de-xabia\/"},"wordCount":527,"publisher":{"@id":"https:\/\/canfali.com\/ca-es\/#organization"},"image":{"@id":"https:\/\/canfali.com\/ca-es\/cincuanta-anys-de-la-penya-la-bufa-de-xabia\/#primaryimage"},"thumbnailUrl":"https:\/\/canfali.com\/app\/uploads\/2026\/09\/portada-digital-copia.jpg","articleSection":["Festes"],"inLanguage":"va-ES","copyrightYear":"2026","copyrightHolder":{"@id":"https:\/\/canfali.com\/#organization"}},{"@type":"WebPage","@id":"https:\/\/canfali.com\/ca-es\/cincuanta-anys-de-la-penya-la-bufa-de-xabia\/","url":"https:\/\/canfali.com\/ca-es\/cincuanta-anys-de-la-penya-la-bufa-de-xabia\/","name":"Penya La Bufa de X\u00e0bia: cinquanta anys de riure i moltes ganes de passar-ho b\u00e9 - Canfali","isPartOf":{"@id":"https:\/\/canfali.com\/ca-es\/#website"},"primaryImageOfPage":{"@id":"https:\/\/canfali.com\/ca-es\/cincuanta-anys-de-la-penya-la-bufa-de-xabia\/#primaryimage"},"image":{"@id":"https:\/\/canfali.com\/ca-es\/cincuanta-anys-de-la-penya-la-bufa-de-xabia\/#primaryimage"},"thumbnailUrl":"https:\/\/canfali.com\/app\/uploads\/2026\/09\/portada-digital-copia.jpg","datePublished":"2026-09-02T15:55:46+00:00","dateModified":"2026-09-02T15:55:50+00:00","description":"rant cinc d\u00e8cades, la penya ha participat activament en les festes amb cavalcades i carrosses, i tamb\u00e9 en activitats esportives","breadcrumb":{"@id":"https:\/\/canfali.com\/ca-es\/cincuanta-anys-de-la-penya-la-bufa-de-xabia\/#breadcrumb"},"inLanguage":"va-ES","potentialAction":[{"@type":"ReadAction","target":["https:\/\/canfali.com\/ca-es\/cincuanta-anys-de-la-penya-la-bufa-de-xabia\/"]}]},{"@type":"ImageObject","inLanguage":"va-ES","@id":"https:\/\/canfali.com\/ca-es\/cincuanta-anys-de-la-penya-la-bufa-de-xabia\/#primaryimage","url":"https:\/\/canfali.com\/app\/uploads\/2026\/09\/portada-digital-copia.jpg","contentUrl":"https:\/\/canfali.com\/app\/uploads\/2026\/09\/portada-digital-copia.jpg","width":1020,"height":574,"caption":"Screenshot"},{"@type":"BreadcrumbList","@id":"https:\/\/canfali.com\/ca-es\/cincuanta-anys-de-la-penya-la-bufa-de-xabia\/#breadcrumb","itemListElement":[{"@type":"ListItem","position":1,"name":"Portada","item":"https:\/\/canfali.com\/ca-es\/"},{"@type":"ListItem","position":2,"name":"Penya La Bufa de X\u00e0bia: cinquanta anys de riure i moltes ganes de passar-ho b\u00e9"}]},{"@type":"WebSite","@id":"https:\/\/canfali.com\/ca-es\/#website","url":"https:\/\/canfali.com\/ca-es\/","name":"Canfali","description":"","publisher":{"@id":"https:\/\/canfali.com\/ca-es\/#organization"},"potentialAction":[{"@type":"SearchAction","target":{"@type":"EntryPoint","urlTemplate":"https:\/\/canfali.com\/ca-es\/?s={search_term_string}"},"query-input":{"@type":"PropertyValueSpecification","valueRequired":true,"valueName":"search_term_string"}}],"inLanguage":"va-ES"},{"@type":"Organization","@id":"https:\/\/canfali.com\/ca-es\/#organization","name":"Canfali","url":"https:\/\/canfali.com\/ca-es\/","logo":{"@type":"ImageObject","inLanguage":"va-ES","@id":"https:\/\/canfali.com\/ca-es\/#\/schema\/logo\/image\/","url":"https:\/\/canfali.com\/app\/uploads\/2025\/12\/canfali_marina_alta_logo.png","contentUrl":"https:\/\/canfali.com\/app\/uploads\/2025\/12\/canfali_marina_alta_logo.png","width":225,"height":225,"caption":"Canfali"},"image":{"@id":"https:\/\/canfali.com\/ca-es\/#\/schema\/logo\/image\/"},"sameAs":["https:\/\/es-es.facebook.com\/CANFALIMarinaAlta","https:\/\/x.com\/canfalima","https:\/\/www.instagram.com\/canfalimarinaalta\/"]},{"@type":"Person","@id":"https:\/\/canfali.com\/ca-es\/#\/schema\/person\/f540a86fb33e10daaae53c59ceaa1194","name":"Lluis","image":{"@type":"ImageObject","inLanguage":"va-ES","@id":"https:\/\/secure.gravatar.com\/avatar\/a21ec8835290e4e02ed0886b8cb327d807d0eb6ec8ccf25d4c2a0a415f506c0d?s=96&d=mm&r=g","url":"https:\/\/secure.gravatar.com\/avatar\/a21ec8835290e4e02ed0886b8cb327d807d0eb6ec8ccf25d4c2a0a415f506c0d?s=96&d=mm&r=g","contentUrl":"https:\/\/secure.gravatar.com\/avatar\/a21ec8835290e4e02ed0886b8cb327d807d0eb6ec8ccf25d4c2a0a415f506c0d?s=96&d=mm&r=g","caption":"Lluis"},"url":"https:\/\/canfali.com\/ca-es\/author\/lluis\/"}]}},"_links":{"self":[{"href":"https:\/\/canfali.com\/ca-es\/wp-json\/wp\/v2\/posts\/111113","targetHints":{"allow":["GET"]}}],"collection":[{"href":"https:\/\/canfali.com\/ca-es\/wp-json\/wp\/v2\/posts"}],"about":[{"href":"https:\/\/canfali.com\/ca-es\/wp-json\/wp\/v2\/types\/post"}],"author":[{"embeddable":true,"href":"https:\/\/canfali.com\/ca-es\/wp-json\/wp\/v2\/users\/8"}],"replies":[{"embeddable":true,"href":"https:\/\/canfali.com\/ca-es\/wp-json\/wp\/v2\/comments?post=111113"}],"version-history":[{"count":1,"href":"https:\/\/canfali.com\/ca-es\/wp-json\/wp\/v2\/posts\/111113\/revisions"}],"predecessor-version":[{"id":111128,"href":"https:\/\/canfali.com\/ca-es\/wp-json\/wp\/v2\/posts\/111113\/revisions\/111128"}],"wp:featuredmedia":[{"embeddable":true,"href":"https:\/\/canfali.com\/ca-es\/wp-json\/wp\/v2\/media\/111114"}],"wp:attachment":[{"href":"https:\/\/canfali.com\/ca-es\/wp-json\/wp\/v2\/media?parent=111113"}],"wp:term":[{"taxonomy":"category","embeddable":true,"href":"https:\/\/canfali.com\/ca-es\/wp-json\/wp\/v2\/categories?post=111113"},{"taxonomy":"post_tag","embeddable":true,"href":"https:\/\/canfali.com\/ca-es\/wp-json\/wp\/v2\/tags?post=111113"},{"taxonomy":"poblacion","embeddable":true,"href":"https:\/\/canfali.com\/ca-es\/wp-json\/wp\/v2\/poblacion?post=111113"}],"curies":[{"name":"wp","href":"https:\/\/api.w.org\/{rel}","templated":true}]}}