{"id":111047,"date":"2026-09-02T08:58:41","date_gmt":"2026-09-02T06:58:41","guid":{"rendered":"https:\/\/canfali.com\/vox-convoca-per-a-hui-una-concentracio-a-favor-de-ceuta\/"},"modified":"2026-09-02T09:03:17","modified_gmt":"2026-09-02T07:03:17","slug":"vox-convoca-per-a-hui-una-concentracio-a-favor-de-ceuta","status":"publish","type":"post","link":"https:\/\/canfali.com\/ca-es\/vox-convoca-per-a-hui-una-concentracio-a-favor-de-ceuta\/","title":{"rendered":"VOX convoca per a hui una concentraci\u00f3 a favor de Ceuta"},"content":{"rendered":"\n<p class=\"wp-block-paragraph\">Si que hi haur\u00e0 concentraci\u00f3 a D\u00e9nia per a fer costat als habitants de Ceuta. Ser\u00e0 este dimecres, a les 20 hores, en la pla\u00e7a de la Constituci\u00f3 i l&#8217;acte l&#8217;ha convocat VOX i no l&#8217;Ajuntament. L&#8217;acte es desenrotllar\u00e0 sota el lema \u00abNo a la invasi\u00f3. Def\u00e9n Ceuta. Def\u00e9n Espanya\u00bb. Esta mobilitzaci\u00f3 t\u00e9 com a objectiu mostrar el suport a la ciutat aut\u00f2noma davant la greu crisi migrat\u00f2ria i l&#8217;arribada massiva de migrants. L&#8217;equip de govern (PSPV-Comprom\u00eds) no adherir-se ni secundar oficialment la proposta institucional de la FEMP en considerar que este tipus d&#8217;iniciatives buscaven la confrontaci\u00f3 pol\u00edtica. L&#8217;executiu dianense va defendre la seua postura assenyalant que es pot estar al costat de les persones afectades sense participar en convocat\u00f2ries que, al seu ju\u00ed, tensionan el clima pol\u00edtic, al mateix temps que van reclamar recursos i solucions estables perqu\u00e8 la ciutat aut\u00f2noma recupere la normalitat.&#13;\n&#13;\nEnfront de la negativa de l&#8217;Ajuntament, partits de l&#8217;oposici\u00f3 i col\u00b7lectius afins a les mobilitzacions han criticat la decisi\u00f3 i han animat pel seu compte a la ciutadania a acudir a la concentraci\u00f3 convocada per a esta vesprada davant l&#8217;ajuntament.<\/p>\n\n<p class=\"wp-block-paragraph\">Enfront de la negativa de l&#8217;Ajuntament, partits de l&#8217;oposici\u00f3 i col\u00b7lectius afins a les mobilitzacions han criticat la decisi\u00f3 i han animat pel seu compte a la ciutadania a acudir a la concentraci\u00f3 convocada per a esta vesprada davant l&#8217;ajuntament.<\/p>\n","protected":false},"excerpt":{"rendered":"Si que hi haur\u00e0 concentraci\u00f3 a D\u00e9nia per a fer costat als habitants de Ceuta. Ser\u00e0 este dimecres,&hellip;","protected":false},"author":7,"featured_media":111045,"comment_status":"closed","ping_status":"open","sticky":false,"template":"","format":"standard","meta":{"csco_display_header_overlay":false,"csco_singular_sidebar":"","csco_page_header_type":"","csco_page_load_nextpost":"","csco_post_video_location":[],"csco_post_video_location_hash":"","csco_post_video_url":"","csco_post_video_bg_start_time":0,"csco_post_video_bg_end_time":0,"footnotes":""},"categories":[611],"tags":[9785,2530,4135,2075,2149],"poblacion":[9784],"class_list":["post-111047","post","type-post","status-publish","format-standard","has-post-thumbnail","category-politica-ca-es","tag-ceuta","tag-compromis-ca-es","tag-concentracio","tag-pspv-ca-es","tag-vox-ca-es","poblacion-denia","cs-entry","cs-video-wrap"],"yoast_head":"<!-- This site is optimized with the Yoast SEO Premium plugin v26.6 (Yoast SEO v27.3) - https:\/\/yoast.com\/product\/yoast-seo-premium-wordpress\/ -->\n<title>VOX convoca per a hui una concentraci\u00f3 a favor de Ceuta - Canfali<\/title>\n<meta name=\"robots\" content=\"index, follow, max-snippet:-1, max-image-preview:large, max-video-preview:-1\" \/>\n<link rel=\"canonical\" href=\"https:\/\/canfali.com\/ca-es\/vox-convoca-per-a-hui-una-concentracio-a-favor-de-ceuta\/\" \/>\n<meta property=\"og:locale\" content=\"en_US\" \/>\n<meta property=\"og:type\" content=\"article\" \/>\n<meta property=\"og:title\" content=\"VOX convoca per a hui una concentraci\u00f3 a favor de Ceuta\" \/>\n<meta property=\"og:description\" content=\"Si que hi haur\u00e0 concentraci\u00f3 a D\u00e9nia per a fer costat als habitants de Ceuta. Ser\u00e0 este dimecres,&hellip;\" \/>\n<meta property=\"og:url\" content=\"https:\/\/canfali.com\/ca-es\/vox-convoca-per-a-hui-una-concentracio-a-favor-de-ceuta\/\" \/>\n<meta property=\"og:site_name\" content=\"Canfali\" \/>\n<meta property=\"article:publisher\" content=\"https:\/\/es-es.facebook.com\/CANFALIMarinaAlta\" \/>\n<meta property=\"article:published_time\" content=\"2026-09-02T06:58:41+00:00\" \/>\n<meta property=\"article:modified_time\" content=\"2026-09-02T07:03:17+00:00\" \/>\n<meta property=\"og:image\" content=\"https:\/\/canfali.com\/app\/uploads\/2026\/09\/ca54dd33-8e66-47ea-a751-384dee84f9bb.jpg\" \/>\n\t<meta property=\"og:image:width\" content=\"1080\" \/>\n\t<meta property=\"og:image:height\" content=\"1370\" \/>\n\t<meta property=\"og:image:type\" content=\"image\/jpeg\" \/>\n<meta name=\"author\" content=\"Bolta\" \/>\n<meta name=\"twitter:card\" content=\"summary_large_image\" \/>\n<meta name=\"twitter:creator\" content=\"@canfalima\" \/>\n<meta name=\"twitter:site\" content=\"@canfalima\" \/>\n<meta name=\"twitter:label1\" content=\"Written by\" \/>\n\t<meta name=\"twitter:data1\" content=\"Bolta\" \/>\n\t<meta name=\"twitter:label2\" content=\"Est. reading time\" \/>\n\t<meta name=\"twitter:data2\" content=\"1 minute\" \/>\n<script type=\"application\/ld+json\" class=\"yoast-schema-graph\">{\"@context\":\"https:\\\/\\\/schema.org\",\"@graph\":[{\"@type\":\"NewsArticle\",\"@id\":\"https:\\\/\\\/canfali.com\\\/ca-es\\\/vox-convoca-per-a-hui-una-concentracio-a-favor-de-ceuta\\\/#article\",\"isPartOf\":{\"@id\":\"https:\\\/\\\/canfali.com\\\/ca-es\\\/vox-convoca-per-a-hui-una-concentracio-a-favor-de-ceuta\\\/\"},\"author\":{\"name\":\"Bolta\",\"@id\":\"https:\\\/\\\/canfali.com\\\/ca-es\\\/#\\\/schema\\\/person\\\/9c651adc904f3c4e0243f54407751557\"},\"headline\":\"VOX convoca per a hui una concentraci\u00f3 a favor de Ceuta\",\"datePublished\":\"2026-09-02T06:58:41+00:00\",\"dateModified\":\"2026-09-02T07:03:17+00:00\",\"mainEntityOfPage\":{\"@id\":\"https:\\\/\\\/canfali.com\\\/ca-es\\\/vox-convoca-per-a-hui-una-concentracio-a-favor-de-ceuta\\\/\"},\"wordCount\":262,\"publisher\":{\"@id\":\"https:\\\/\\\/canfali.com\\\/ca-es\\\/#organization\"},\"image\":{\"@id\":\"https:\\\/\\\/canfali.com\\\/ca-es\\\/vox-convoca-per-a-hui-una-concentracio-a-favor-de-ceuta\\\/#primaryimage\"},\"thumbnailUrl\":\"https:\\\/\\\/canfali.com\\\/app\\\/uploads\\\/2026\\\/09\\\/ca54dd33-8e66-47ea-a751-384dee84f9bb.jpg\",\"keywords\":[\"Ceuta\",\"Comprom\u00eds\",\"concentraci\u00f3\",\"PSPV\",\"Vox\"],\"articleSection\":[\"Pol\u00edtica\"],\"inLanguage\":\"va-ES\",\"copyrightYear\":\"2026\",\"copyrightHolder\":{\"@id\":\"https:\\\/\\\/canfali.com\\\/#organization\"}},{\"@type\":\"WebPage\",\"@id\":\"https:\\\/\\\/canfali.com\\\/ca-es\\\/vox-convoca-per-a-hui-una-concentracio-a-favor-de-ceuta\\\/\",\"url\":\"https:\\\/\\\/canfali.com\\\/ca-es\\\/vox-convoca-per-a-hui-una-concentracio-a-favor-de-ceuta\\\/\",\"name\":\"VOX convoca per a hui una concentraci\u00f3 a favor de Ceuta - Canfali\",\"isPartOf\":{\"@id\":\"https:\\\/\\\/canfali.com\\\/ca-es\\\/#website\"},\"primaryImageOfPage\":{\"@id\":\"https:\\\/\\\/canfali.com\\\/ca-es\\\/vox-convoca-per-a-hui-una-concentracio-a-favor-de-ceuta\\\/#primaryimage\"},\"image\":{\"@id\":\"https:\\\/\\\/canfali.com\\\/ca-es\\\/vox-convoca-per-a-hui-una-concentracio-a-favor-de-ceuta\\\/#primaryimage\"},\"thumbnailUrl\":\"https:\\\/\\\/canfali.com\\\/app\\\/uploads\\\/2026\\\/09\\\/ca54dd33-8e66-47ea-a751-384dee84f9bb.jpg\",\"datePublished\":\"2026-09-02T06:58:41+00:00\",\"dateModified\":\"2026-09-02T07:03:17+00:00\",\"breadcrumb\":{\"@id\":\"https:\\\/\\\/canfali.com\\\/ca-es\\\/vox-convoca-per-a-hui-una-concentracio-a-favor-de-ceuta\\\/#breadcrumb\"},\"inLanguage\":\"va-ES\",\"potentialAction\":[{\"@type\":\"ReadAction\",\"target\":[\"https:\\\/\\\/canfali.com\\\/ca-es\\\/vox-convoca-per-a-hui-una-concentracio-a-favor-de-ceuta\\\/\"]}]},{\"@type\":\"ImageObject\",\"inLanguage\":\"va-ES\",\"@id\":\"https:\\\/\\\/canfali.com\\\/ca-es\\\/vox-convoca-per-a-hui-una-concentracio-a-favor-de-ceuta\\\/#primaryimage\",\"url\":\"https:\\\/\\\/canfali.com\\\/app\\\/uploads\\\/2026\\\/09\\\/ca54dd33-8e66-47ea-a751-384dee84f9bb.jpg\",\"contentUrl\":\"https:\\\/\\\/canfali.com\\\/app\\\/uploads\\\/2026\\\/09\\\/ca54dd33-8e66-47ea-a751-384dee84f9bb.jpg\",\"width\":1080,\"height\":1370},{\"@type\":\"BreadcrumbList\",\"@id\":\"https:\\\/\\\/canfali.com\\\/ca-es\\\/vox-convoca-per-a-hui-una-concentracio-a-favor-de-ceuta\\\/#breadcrumb\",\"itemListElement\":[{\"@type\":\"ListItem\",\"position\":1,\"name\":\"Portada\",\"item\":\"https:\\\/\\\/canfali.com\\\/ca-es\\\/\"},{\"@type\":\"ListItem\",\"position\":2,\"name\":\"VOX convoca per a hui una concentraci\u00f3 a favor de Ceuta\"}]},{\"@type\":\"WebSite\",\"@id\":\"https:\\\/\\\/canfali.com\\\/ca-es\\\/#website\",\"url\":\"https:\\\/\\\/canfali.com\\\/ca-es\\\/\",\"name\":\"Canfali\",\"description\":\"\",\"publisher\":{\"@id\":\"https:\\\/\\\/canfali.com\\\/ca-es\\\/#organization\"},\"potentialAction\":[{\"@type\":\"SearchAction\",\"target\":{\"@type\":\"EntryPoint\",\"urlTemplate\":\"https:\\\/\\\/canfali.com\\\/ca-es\\\/?s={search_term_string}\"},\"query-input\":{\"@type\":\"PropertyValueSpecification\",\"valueRequired\":true,\"valueName\":\"search_term_string\"}}],\"inLanguage\":\"va-ES\"},{\"@type\":\"Organization\",\"@id\":\"https:\\\/\\\/canfali.com\\\/ca-es\\\/#organization\",\"name\":\"Canfali\",\"url\":\"https:\\\/\\\/canfali.com\\\/ca-es\\\/\",\"logo\":{\"@type\":\"ImageObject\",\"inLanguage\":\"va-ES\",\"@id\":\"https:\\\/\\\/canfali.com\\\/ca-es\\\/#\\\/schema\\\/logo\\\/image\\\/\",\"url\":\"https:\\\/\\\/canfali.com\\\/app\\\/uploads\\\/2025\\\/12\\\/canfali_marina_alta_logo.png\",\"contentUrl\":\"https:\\\/\\\/canfali.com\\\/app\\\/uploads\\\/2025\\\/12\\\/canfali_marina_alta_logo.png\",\"width\":225,\"height\":225,\"caption\":\"Canfali\"},\"image\":{\"@id\":\"https:\\\/\\\/canfali.com\\\/ca-es\\\/#\\\/schema\\\/logo\\\/image\\\/\"},\"sameAs\":[\"https:\\\/\\\/es-es.facebook.com\\\/CANFALIMarinaAlta\",\"https:\\\/\\\/x.com\\\/canfalima\",\"https:\\\/\\\/www.instagram.com\\\/canfalimarinaalta\\\/\"]},{\"@type\":\"Person\",\"@id\":\"https:\\\/\\\/canfali.com\\\/ca-es\\\/#\\\/schema\\\/person\\\/9c651adc904f3c4e0243f54407751557\",\"name\":\"Bolta\",\"image\":{\"@type\":\"ImageObject\",\"inLanguage\":\"va-ES\",\"@id\":\"https:\\\/\\\/secure.gravatar.com\\\/avatar\\\/550a5d97fe3cfba5caf077b9600e46529e1977e9d14396836e775d6d9d895a81?s=96&d=mm&r=g\",\"url\":\"https:\\\/\\\/secure.gravatar.com\\\/avatar\\\/550a5d97fe3cfba5caf077b9600e46529e1977e9d14396836e775d6d9d895a81?s=96&d=mm&r=g\",\"contentUrl\":\"https:\\\/\\\/secure.gravatar.com\\\/avatar\\\/550a5d97fe3cfba5caf077b9600e46529e1977e9d14396836e775d6d9d895a81?s=96&d=mm&r=g\",\"caption\":\"Bolta\"},\"url\":\"https:\\\/\\\/canfali.com\\\/ca-es\\\/author\\\/bolta\\\/\"}]}<\/script>\n<!-- \/ Yoast SEO Premium plugin. -->","yoast_head_json":{"title":"VOX convoca per a hui una concentraci\u00f3 a favor de Ceuta - Canfali","robots":{"index":"index","follow":"follow","max-snippet":"max-snippet:-1","max-image-preview":"max-image-preview:large","max-video-preview":"max-video-preview:-1"},"canonical":"https:\/\/canfali.com\/ca-es\/vox-convoca-per-a-hui-una-concentracio-a-favor-de-ceuta\/","og_locale":"en_US","og_type":"article","og_title":"VOX convoca per a hui una concentraci\u00f3 a favor de Ceuta","og_description":"Si que hi haur\u00e0 concentraci\u00f3 a D\u00e9nia per a fer costat als habitants de Ceuta. Ser\u00e0 este dimecres,&hellip;","og_url":"https:\/\/canfali.com\/ca-es\/vox-convoca-per-a-hui-una-concentracio-a-favor-de-ceuta\/","og_site_name":"Canfali","article_publisher":"https:\/\/es-es.facebook.com\/CANFALIMarinaAlta","article_published_time":"2026-09-02T06:58:41+00:00","article_modified_time":"2026-09-02T07:03:17+00:00","og_image":[{"width":1080,"height":1370,"url":"https:\/\/canfali.com\/app\/uploads\/2026\/09\/ca54dd33-8e66-47ea-a751-384dee84f9bb.jpg","type":"image\/jpeg"}],"author":"Bolta","twitter_card":"summary_large_image","twitter_creator":"@canfalima","twitter_site":"@canfalima","twitter_misc":{"Written by":"Bolta","Est. reading time":"1 minute"},"schema":{"@context":"https:\/\/schema.org","@graph":[{"@type":"NewsArticle","@id":"https:\/\/canfali.com\/ca-es\/vox-convoca-per-a-hui-una-concentracio-a-favor-de-ceuta\/#article","isPartOf":{"@id":"https:\/\/canfali.com\/ca-es\/vox-convoca-per-a-hui-una-concentracio-a-favor-de-ceuta\/"},"author":{"name":"Bolta","@id":"https:\/\/canfali.com\/ca-es\/#\/schema\/person\/9c651adc904f3c4e0243f54407751557"},"headline":"VOX convoca per a hui una concentraci\u00f3 a favor de Ceuta","datePublished":"2026-09-02T06:58:41+00:00","dateModified":"2026-09-02T07:03:17+00:00","mainEntityOfPage":{"@id":"https:\/\/canfali.com\/ca-es\/vox-convoca-per-a-hui-una-concentracio-a-favor-de-ceuta\/"},"wordCount":262,"publisher":{"@id":"https:\/\/canfali.com\/ca-es\/#organization"},"image":{"@id":"https:\/\/canfali.com\/ca-es\/vox-convoca-per-a-hui-una-concentracio-a-favor-de-ceuta\/#primaryimage"},"thumbnailUrl":"https:\/\/canfali.com\/app\/uploads\/2026\/09\/ca54dd33-8e66-47ea-a751-384dee84f9bb.jpg","keywords":["Ceuta","Comprom\u00eds","concentraci\u00f3","PSPV","Vox"],"articleSection":["Pol\u00edtica"],"inLanguage":"va-ES","copyrightYear":"2026","copyrightHolder":{"@id":"https:\/\/canfali.com\/#organization"}},{"@type":"WebPage","@id":"https:\/\/canfali.com\/ca-es\/vox-convoca-per-a-hui-una-concentracio-a-favor-de-ceuta\/","url":"https:\/\/canfali.com\/ca-es\/vox-convoca-per-a-hui-una-concentracio-a-favor-de-ceuta\/","name":"VOX convoca per a hui una concentraci\u00f3 a favor de Ceuta - Canfali","isPartOf":{"@id":"https:\/\/canfali.com\/ca-es\/#website"},"primaryImageOfPage":{"@id":"https:\/\/canfali.com\/ca-es\/vox-convoca-per-a-hui-una-concentracio-a-favor-de-ceuta\/#primaryimage"},"image":{"@id":"https:\/\/canfali.com\/ca-es\/vox-convoca-per-a-hui-una-concentracio-a-favor-de-ceuta\/#primaryimage"},"thumbnailUrl":"https:\/\/canfali.com\/app\/uploads\/2026\/09\/ca54dd33-8e66-47ea-a751-384dee84f9bb.jpg","datePublished":"2026-09-02T06:58:41+00:00","dateModified":"2026-09-02T07:03:17+00:00","breadcrumb":{"@id":"https:\/\/canfali.com\/ca-es\/vox-convoca-per-a-hui-una-concentracio-a-favor-de-ceuta\/#breadcrumb"},"inLanguage":"va-ES","potentialAction":[{"@type":"ReadAction","target":["https:\/\/canfali.com\/ca-es\/vox-convoca-per-a-hui-una-concentracio-a-favor-de-ceuta\/"]}]},{"@type":"ImageObject","inLanguage":"va-ES","@id":"https:\/\/canfali.com\/ca-es\/vox-convoca-per-a-hui-una-concentracio-a-favor-de-ceuta\/#primaryimage","url":"https:\/\/canfali.com\/app\/uploads\/2026\/09\/ca54dd33-8e66-47ea-a751-384dee84f9bb.jpg","contentUrl":"https:\/\/canfali.com\/app\/uploads\/2026\/09\/ca54dd33-8e66-47ea-a751-384dee84f9bb.jpg","width":1080,"height":1370},{"@type":"BreadcrumbList","@id":"https:\/\/canfali.com\/ca-es\/vox-convoca-per-a-hui-una-concentracio-a-favor-de-ceuta\/#breadcrumb","itemListElement":[{"@type":"ListItem","position":1,"name":"Portada","item":"https:\/\/canfali.com\/ca-es\/"},{"@type":"ListItem","position":2,"name":"VOX convoca per a hui una concentraci\u00f3 a favor de Ceuta"}]},{"@type":"WebSite","@id":"https:\/\/canfali.com\/ca-es\/#website","url":"https:\/\/canfali.com\/ca-es\/","name":"Canfali","description":"","publisher":{"@id":"https:\/\/canfali.com\/ca-es\/#organization"},"potentialAction":[{"@type":"SearchAction","target":{"@type":"EntryPoint","urlTemplate":"https:\/\/canfali.com\/ca-es\/?s={search_term_string}"},"query-input":{"@type":"PropertyValueSpecification","valueRequired":true,"valueName":"search_term_string"}}],"inLanguage":"va-ES"},{"@type":"Organization","@id":"https:\/\/canfali.com\/ca-es\/#organization","name":"Canfali","url":"https:\/\/canfali.com\/ca-es\/","logo":{"@type":"ImageObject","inLanguage":"va-ES","@id":"https:\/\/canfali.com\/ca-es\/#\/schema\/logo\/image\/","url":"https:\/\/canfali.com\/app\/uploads\/2025\/12\/canfali_marina_alta_logo.png","contentUrl":"https:\/\/canfali.com\/app\/uploads\/2025\/12\/canfali_marina_alta_logo.png","width":225,"height":225,"caption":"Canfali"},"image":{"@id":"https:\/\/canfali.com\/ca-es\/#\/schema\/logo\/image\/"},"sameAs":["https:\/\/es-es.facebook.com\/CANFALIMarinaAlta","https:\/\/x.com\/canfalima","https:\/\/www.instagram.com\/canfalimarinaalta\/"]},{"@type":"Person","@id":"https:\/\/canfali.com\/ca-es\/#\/schema\/person\/9c651adc904f3c4e0243f54407751557","name":"Bolta","image":{"@type":"ImageObject","inLanguage":"va-ES","@id":"https:\/\/secure.gravatar.com\/avatar\/550a5d97fe3cfba5caf077b9600e46529e1977e9d14396836e775d6d9d895a81?s=96&d=mm&r=g","url":"https:\/\/secure.gravatar.com\/avatar\/550a5d97fe3cfba5caf077b9600e46529e1977e9d14396836e775d6d9d895a81?s=96&d=mm&r=g","contentUrl":"https:\/\/secure.gravatar.com\/avatar\/550a5d97fe3cfba5caf077b9600e46529e1977e9d14396836e775d6d9d895a81?s=96&d=mm&r=g","caption":"Bolta"},"url":"https:\/\/canfali.com\/ca-es\/author\/bolta\/"}]}},"_links":{"self":[{"href":"https:\/\/canfali.com\/ca-es\/wp-json\/wp\/v2\/posts\/111047","targetHints":{"allow":["GET"]}}],"collection":[{"href":"https:\/\/canfali.com\/ca-es\/wp-json\/wp\/v2\/posts"}],"about":[{"href":"https:\/\/canfali.com\/ca-es\/wp-json\/wp\/v2\/types\/post"}],"author":[{"embeddable":true,"href":"https:\/\/canfali.com\/ca-es\/wp-json\/wp\/v2\/users\/7"}],"replies":[{"embeddable":true,"href":"https:\/\/canfali.com\/ca-es\/wp-json\/wp\/v2\/comments?post=111047"}],"version-history":[{"count":1,"href":"https:\/\/canfali.com\/ca-es\/wp-json\/wp\/v2\/posts\/111047\/revisions"}],"predecessor-version":[{"id":111048,"href":"https:\/\/canfali.com\/ca-es\/wp-json\/wp\/v2\/posts\/111047\/revisions\/111048"}],"wp:featuredmedia":[{"embeddable":true,"href":"https:\/\/canfali.com\/ca-es\/wp-json\/wp\/v2\/media\/111045"}],"wp:attachment":[{"href":"https:\/\/canfali.com\/ca-es\/wp-json\/wp\/v2\/media?parent=111047"}],"wp:term":[{"taxonomy":"category","embeddable":true,"href":"https:\/\/canfali.com\/ca-es\/wp-json\/wp\/v2\/categories?post=111047"},{"taxonomy":"post_tag","embeddable":true,"href":"https:\/\/canfali.com\/ca-es\/wp-json\/wp\/v2\/tags?post=111047"},{"taxonomy":"poblacion","embeddable":true,"href":"https:\/\/canfali.com\/ca-es\/wp-json\/wp\/v2\/poblacion?post=111047"}],"curies":[{"name":"wp","href":"https:\/\/api.w.org\/{rel}","templated":true}]}}