{"id":110943,"date":"2026-08-31T19:18:50","date_gmt":"2026-08-31T17:18:50","guid":{"rendered":"https:\/\/canfali.com\/?p=110943"},"modified":"2026-08-31T19:35:43","modified_gmt":"2026-08-31T17:35:43","slug":"una-vistosa-gala-dispara-la-pirotecnia-de-les-festes-patronals-de-sanet-i-els-negrals","status":"publish","type":"post","link":"https:\/\/canfali.com\/ca-es\/una-vistosa-gala-dispara-la-pirotecnia-de-les-festes-patronals-de-sanet-i-els-negrals\/","title":{"rendered":"Una vistosa gala dispara la pirot\u00e8cnia de les festes del Crist de la Salut a Sanet i Els Negrals"},"content":{"rendered":"\n<p class=\"wp-block-paragraph\">La vessant protocol\u00b7l\u00e0ria de les festes del Crist 2026 ha emergit a la multitudin\u00e0ria gala que ha investit a Pau Urb\u00e0 Serrano Mi\u00f1ana, Rosa Segu\u00ed Far, Gen\u00eds Arbona Moreno, Iris Vegara Gavil\u00e0, \u00c0frica Torrens Pastor i Andreu Mullor Rosell\u00f3 com a festers i festeres 2026.<\/p>\n\n\n\n<figure class=\"wp-block-image size-large\"><img fetchpriority=\"high\" decoding=\"async\" width=\"1024\" height=\"681\" src=\"https:\/\/canfali.com\/app\/uploads\/2026\/08\/presentdig2-1024x681.jpg\" alt=\"\" class=\"wp-image-110952\" srcset=\"https:\/\/canfali.com\/app\/uploads\/2026\/08\/presentdig2-1024x681.jpg 1024w, https:\/\/canfali.com\/app\/uploads\/2026\/08\/presentdig2-300x200.jpg 300w, https:\/\/canfali.com\/app\/uploads\/2026\/08\/presentdig2-767x510.jpg 767w, https:\/\/canfali.com\/app\/uploads\/2026\/08\/presentdig2-1536x1021.jpg 1536w, https:\/\/canfali.com\/app\/uploads\/2026\/08\/presentdig2-331x220.jpg 331w, https:\/\/canfali.com\/app\/uploads\/2026\/08\/presentdig2-663x441.jpg 663w, https:\/\/canfali.com\/app\/uploads\/2026\/08\/presentdig2-687x457.jpg 687w, https:\/\/canfali.com\/app\/uploads\/2026\/08\/presentdig2-1044x694.jpg 1044w, https:\/\/canfali.com\/app\/uploads\/2026\/08\/presentdig2-1400x931.jpg 1400w, https:\/\/canfali.com\/app\/uploads\/2026\/08\/presentdig2.jpg 1600w\" sizes=\"(max-width: 1024px) 100vw, 1024px\" \/><\/figure>\n\n\n\n<figure class=\"wp-block-image size-large\"><img decoding=\"async\" width=\"682\" height=\"1024\" src=\"https:\/\/canfali.com\/app\/uploads\/2026\/08\/presentpenultim-682x1024.jpg\" alt=\"\" class=\"wp-image-110960\" srcset=\"https:\/\/canfali.com\/app\/uploads\/2026\/08\/presentpenultim-682x1024.jpg 682w, https:\/\/canfali.com\/app\/uploads\/2026\/08\/presentpenultim-200x300.jpg 200w, https:\/\/canfali.com\/app\/uploads\/2026\/08\/presentpenultim-768x1152.jpg 768w, https:\/\/canfali.com\/app\/uploads\/2026\/08\/presentpenultim-1023x1536.jpg 1023w, https:\/\/canfali.com\/app\/uploads\/2026\/08\/presentpenultim-332x498.jpg 332w, https:\/\/canfali.com\/app\/uploads\/2026\/08\/presentpenultim-664x996.jpg 664w, https:\/\/canfali.com\/app\/uploads\/2026\/08\/presentpenultim-688x1032.jpg 688w, https:\/\/canfali.com\/app\/uploads\/2026\/08\/presentpenultim-1043x1566.jpg 1043w, https:\/\/canfali.com\/app\/uploads\/2026\/08\/presentpenultim.jpg 1066w\" sizes=\"(max-width: 682px) 100vw, 682px\" \/><\/figure>\n\n\n\n<figure class=\"wp-block-image size-large\"><img decoding=\"async\" width=\"1024\" height=\"682\" src=\"https:\/\/canfali.com\/app\/uploads\/2026\/08\/present-digi3-1-1024x682.jpg\" alt=\"\" class=\"wp-image-110962\" srcset=\"https:\/\/canfali.com\/app\/uploads\/2026\/08\/present-digi3-1-1024x682.jpg 1024w, https:\/\/canfali.com\/app\/uploads\/2026\/08\/present-digi3-1-300x200.jpg 300w, https:\/\/canfali.com\/app\/uploads\/2026\/08\/present-digi3-1-767x511.jpg 767w, https:\/\/canfali.com\/app\/uploads\/2026\/08\/present-digi3-1-1536x1023.jpg 1536w, https:\/\/canfali.com\/app\/uploads\/2026\/08\/present-digi3-1-332x221.jpg 332w, https:\/\/canfali.com\/app\/uploads\/2026\/08\/present-digi3-1-663x442.jpg 663w, https:\/\/canfali.com\/app\/uploads\/2026\/08\/present-digi3-1-687x458.jpg 687w, https:\/\/canfali.com\/app\/uploads\/2026\/08\/present-digi3-1-1043x695.jpg 1043w, https:\/\/canfali.com\/app\/uploads\/2026\/08\/present-digi3-1-1399x932.jpg 1399w, https:\/\/canfali.com\/app\/uploads\/2026\/08\/present-digi3-1.jpg 1600w\" sizes=\"(max-width: 1024px) 100vw, 1024px\" \/><\/figure>\n\n\n\n<figure class=\"wp-block-image size-large\"><img loading=\"lazy\" decoding=\"async\" width=\"1024\" height=\"682\" src=\"https:\/\/canfali.com\/app\/uploads\/2026\/08\/present-antepen-1024x682.jpg\" alt=\"\" class=\"wp-image-110964\" srcset=\"https:\/\/canfali.com\/app\/uploads\/2026\/08\/present-antepen-1024x682.jpg 1024w, https:\/\/canfali.com\/app\/uploads\/2026\/08\/present-antepen-300x200.jpg 300w, https:\/\/canfali.com\/app\/uploads\/2026\/08\/present-antepen-767x511.jpg 767w, https:\/\/canfali.com\/app\/uploads\/2026\/08\/present-antepen-1536x1023.jpg 1536w, https:\/\/canfali.com\/app\/uploads\/2026\/08\/present-antepen-332x221.jpg 332w, https:\/\/canfali.com\/app\/uploads\/2026\/08\/present-antepen-663x442.jpg 663w, https:\/\/canfali.com\/app\/uploads\/2026\/08\/present-antepen-687x458.jpg 687w, https:\/\/canfali.com\/app\/uploads\/2026\/08\/present-antepen-1043x695.jpg 1043w, https:\/\/canfali.com\/app\/uploads\/2026\/08\/present-antepen-1399x932.jpg 1399w, https:\/\/canfali.com\/app\/uploads\/2026\/08\/present-antepen.jpg 1600w\" sizes=\"(max-width: 1024px) 100vw, 1024px\" \/><\/figure>\n\n\n\n<figure class=\"wp-block-image size-large\"><img loading=\"lazy\" decoding=\"async\" width=\"1024\" height=\"682\" src=\"https:\/\/canfali.com\/app\/uploads\/2026\/08\/present-dig5-2-1024x682.jpg\" alt=\"\" class=\"wp-image-110966\" srcset=\"https:\/\/canfali.com\/app\/uploads\/2026\/08\/present-dig5-2-1024x682.jpg 1024w, https:\/\/canfali.com\/app\/uploads\/2026\/08\/present-dig5-2-300x200.jpg 300w, https:\/\/canfali.com\/app\/uploads\/2026\/08\/present-dig5-2-767x511.jpg 767w, https:\/\/canfali.com\/app\/uploads\/2026\/08\/present-dig5-2-1536x1023.jpg 1536w, https:\/\/canfali.com\/app\/uploads\/2026\/08\/present-dig5-2-332x221.jpg 332w, https:\/\/canfali.com\/app\/uploads\/2026\/08\/present-dig5-2-663x442.jpg 663w, https:\/\/canfali.com\/app\/uploads\/2026\/08\/present-dig5-2-687x458.jpg 687w, https:\/\/canfali.com\/app\/uploads\/2026\/08\/present-dig5-2-1043x695.jpg 1043w, https:\/\/canfali.com\/app\/uploads\/2026\/08\/present-dig5-2-1399x932.jpg 1399w, https:\/\/canfali.com\/app\/uploads\/2026\/08\/present-dig5-2.jpg 1600w\" sizes=\"(max-width: 1024px) 100vw, 1024px\" \/><\/figure>\n\n\n\n<figure class=\"wp-block-image size-large\"><img loading=\"lazy\" decoding=\"async\" width=\"1024\" height=\"682\" src=\"https:\/\/canfali.com\/app\/uploads\/2026\/08\/faltava-1024x682.jpg\" alt=\"\" class=\"wp-image-110970\" srcset=\"https:\/\/canfali.com\/app\/uploads\/2026\/08\/faltava-1024x682.jpg 1024w, https:\/\/canfali.com\/app\/uploads\/2026\/08\/faltava-300x200.jpg 300w, https:\/\/canfali.com\/app\/uploads\/2026\/08\/faltava-767x511.jpg 767w, https:\/\/canfali.com\/app\/uploads\/2026\/08\/faltava-1536x1023.jpg 1536w, https:\/\/canfali.com\/app\/uploads\/2026\/08\/faltava-332x221.jpg 332w, https:\/\/canfali.com\/app\/uploads\/2026\/08\/faltava-663x442.jpg 663w, https:\/\/canfali.com\/app\/uploads\/2026\/08\/faltava-687x458.jpg 687w, https:\/\/canfali.com\/app\/uploads\/2026\/08\/faltava-1043x695.jpg 1043w, https:\/\/canfali.com\/app\/uploads\/2026\/08\/faltava-1399x932.jpg 1399w, https:\/\/canfali.com\/app\/uploads\/2026\/08\/faltava.jpg 1600w\" sizes=\"(max-width: 1024px) 100vw, 1024px\" \/><\/figure>\n\n\n\n<p class=\"wp-block-paragraph\">\u00a0\u00a0\u00a0\u00a0\u00a0\u00a0 Tots ells, acompanyats dels seus hom\u00f2nims infantils i dels pares i mares que han completat la comissi\u00f3, han comparegut dalt de l\u2019escenari on l\u2019alcalde Ximo Gavil\u00e0, ha qualificat la cerim\u00f2nia com \u201cun acte molt especial per que\u00a0 presentem als que durant uns dies seran el reflex de la bellesa i l\u2019alegria al nostre poble\u201d. En eixe sentit, ha apuntat que el programa configurat comptava amb activitats per a tots els p\u00fablics, sense oblidar les tradicions locals, pel fet que, al seu entendre, \u201c les festes es fan al carrer pera disfrutar amb la fam\u00edlia, amics i visitants que acudeixen any rere any a passar uns dies sense preocupacions i desconnectar de la vida quotidiana, per\u00f2 tamb\u00e9 deuen ser jornades de comprensi\u00f3 i respecte, a banda d\u2019aprofitar per a recordar a la \u00a0gent que per diversos motius ja no es troben entre nosaltres\u201d.<\/p>\n\n\n\n<p class=\"wp-block-paragraph\">&nbsp;&nbsp;&nbsp;&nbsp;&nbsp;&nbsp; Aix\u00ed mateix, ha aprofitat la compareixen\u00e7a per a elogiar &nbsp;l\u2019esfor\u00e7 que requereix posar-se al front de l\u2019organitzaci\u00f3 de l\u2019esdeveniment m\u00e9s important de l\u2019any a un municipi de les caracter\u00edstiques de Sanet i Els Negrals. \u201cJo s\u00e9, de primera m\u00e0, l\u2019esfor\u00e7&nbsp; que requereix&nbsp; el&nbsp; dur unes festes endavant, en els quinze anys que porte com a regidor de l\u2019\u00e0rea pel fet de tindre l\u2019obligaci\u00f3 d\u2019organitzar-les durant deu i integrar m\u00e9s de sis vegades alguna Comissi\u00f3 del Crist\u201d, ha apuntat per a incidir en que \u201cla feina que porta la festa no es nom\u00e9s el que es veu, ja que per cada cinc minuts a la vista s\u00f3n deu abans de preparaci\u00f3 i uns altres tants, o m\u00e9s per a netejar, liquidar i tornar les coses a la normalitat pr\u00e8via\u201d.<\/p>\n\n\n\n<figure class=\"wp-block-image size-large\"><img loading=\"lazy\" decoding=\"async\" width=\"1024\" height=\"682\" src=\"https:\/\/canfali.com\/app\/uploads\/2026\/08\/present-dig-alcalde-1-1024x682.jpg\" alt=\"\" class=\"wp-image-110972\" srcset=\"https:\/\/canfali.com\/app\/uploads\/2026\/08\/present-dig-alcalde-1-1024x682.jpg 1024w, https:\/\/canfali.com\/app\/uploads\/2026\/08\/present-dig-alcalde-1-300x200.jpg 300w, https:\/\/canfali.com\/app\/uploads\/2026\/08\/present-dig-alcalde-1-767x511.jpg 767w, https:\/\/canfali.com\/app\/uploads\/2026\/08\/present-dig-alcalde-1-1536x1023.jpg 1536w, https:\/\/canfali.com\/app\/uploads\/2026\/08\/present-dig-alcalde-1-332x221.jpg 332w, https:\/\/canfali.com\/app\/uploads\/2026\/08\/present-dig-alcalde-1-663x442.jpg 663w, https:\/\/canfali.com\/app\/uploads\/2026\/08\/present-dig-alcalde-1-687x458.jpg 687w, https:\/\/canfali.com\/app\/uploads\/2026\/08\/present-dig-alcalde-1-1043x695.jpg 1043w, https:\/\/canfali.com\/app\/uploads\/2026\/08\/present-dig-alcalde-1-1399x932.jpg 1399w, https:\/\/canfali.com\/app\/uploads\/2026\/08\/present-dig-alcalde-1.jpg 1600w\" sizes=\"(max-width: 1024px) 100vw, 1024px\" \/><\/figure>\n\n\n\n<p class=\"wp-block-paragraph\">&nbsp;&nbsp;&nbsp;&nbsp;&nbsp;&nbsp; Aquesta afirmaci\u00f3 l\u2019ha portat a congratular-se de poder comptar amb un altra comissi\u00f3 per a organitzar les festes patronals del proper any, malgrat, segons ha incidit, que alguns dels seus integrants tan sols feia deu dies tenien al seu c\u00e0rrec les d\u2019un poble ve\u00ed. No obstant aix\u00f2, que al final ha pogut quallar, ha fet menci\u00f3 a un grup de voluntaris que, amb les seues parelles, s\u2019havien brindat a assumir amb il\u00b7lusi\u00f3 eixe paper organitzador si finalment no eixia una comissi\u00f3.<\/p>\n\n\n\n<p class=\"wp-block-paragraph\">&nbsp;&nbsp;&nbsp;&nbsp;&nbsp;&nbsp; Gavil\u00e0 ha concl\u00f2s el parlament davant de la multitud que s\u2019ha congregat a la pla\u00e7a del Crist per a remarcar que \u201cla festa no es igual, perqu\u00e8 amb els anys vas madurant, per\u00f2 queden moments per a tota la vida i an\u00e8cdotes per a recordar&nbsp; igualment\u201d.<\/p>\n\n\n\n<figure class=\"wp-block-image size-large\"><img loading=\"lazy\" decoding=\"async\" width=\"1024\" height=\"682\" src=\"https:\/\/canfali.com\/app\/uploads\/2026\/08\/present-digi-final-1024x682.jpg\" alt=\"\" class=\"wp-image-110968\" srcset=\"https:\/\/canfali.com\/app\/uploads\/2026\/08\/present-digi-final-1024x682.jpg 1024w, https:\/\/canfali.com\/app\/uploads\/2026\/08\/present-digi-final-300x200.jpg 300w, https:\/\/canfali.com\/app\/uploads\/2026\/08\/present-digi-final-767x511.jpg 767w, https:\/\/canfali.com\/app\/uploads\/2026\/08\/present-digi-final-1536x1023.jpg 1536w, https:\/\/canfali.com\/app\/uploads\/2026\/08\/present-digi-final-332x221.jpg 332w, https:\/\/canfali.com\/app\/uploads\/2026\/08\/present-digi-final-663x442.jpg 663w, https:\/\/canfali.com\/app\/uploads\/2026\/08\/present-digi-final-687x458.jpg 687w, https:\/\/canfali.com\/app\/uploads\/2026\/08\/present-digi-final-1043x695.jpg 1043w, https:\/\/canfali.com\/app\/uploads\/2026\/08\/present-digi-final-1399x932.jpg 1399w, https:\/\/canfali.com\/app\/uploads\/2026\/08\/present-digi-final.jpg 1600w\" sizes=\"(max-width: 1024px) 100vw, 1024px\" \/><\/figure>\n\n\n\n<p class=\"wp-block-paragraph\">FOTOS PHOTOPLUS FOTOGRAFIA<\/p>\n\n\n\n<p class=\"wp-block-paragraph\"><\/p>\n","protected":false},"excerpt":{"rendered":"La vessant protocol\u00b7l\u00e0ria de les festes del Crist 2026 ha emergit a la multitudin\u00e0ria gala que ha investit&hellip;","protected":false},"author":4,"featured_media":110958,"comment_status":"closed","ping_status":"open","sticky":false,"template":"","format":"standard","meta":{"csco_display_header_overlay":false,"csco_singular_sidebar":"","csco_page_header_type":"","csco_page_load_nextpost":"","csco_post_video_location":[],"csco_post_video_location_hash":"","csco_post_video_url":"","csco_post_video_bg_start_time":0,"csco_post_video_bg_end_time":0,"footnotes":""},"categories":[587],"tags":[9753,1216],"poblacion":[],"class_list":["post-110943","post","type-post","status-publish","format-standard","has-post-thumbnail","category-festes","tag-festers","tag-presentacio","cs-entry","cs-video-wrap"],"yoast_head":"<!-- This site is optimized with the Yoast SEO Premium plugin v26.6 (Yoast SEO v27.3) - https:\/\/yoast.com\/product\/yoast-seo-premium-wordpress\/ -->\n<title>Una vistosa gala dispara la pirot\u00e8cnia de les festes del Crist de la Salut a Sanet i Els Negrals - Canfali<\/title>\n<meta name=\"robots\" content=\"index, follow, max-snippet:-1, max-image-preview:large, max-video-preview:-1\" \/>\n<link rel=\"canonical\" href=\"https:\/\/canfali.com\/ca-es\/una-vistosa-gala-dispara-la-pirotecnia-de-les-festes-patronals-de-sanet-i-els-negrals\/\" \/>\n<meta property=\"og:locale\" content=\"en_US\" \/>\n<meta property=\"og:type\" content=\"article\" \/>\n<meta property=\"og:title\" content=\"Una vistosa gala dispara la pirot\u00e8cnia de les festes del Crist de la Salut a Sanet i Els Negrals\" \/>\n<meta property=\"og:description\" content=\"La vessant protocol\u00b7l\u00e0ria de les festes del Crist 2026 ha emergit a la multitudin\u00e0ria gala que ha investit&hellip;\" \/>\n<meta property=\"og:url\" content=\"https:\/\/canfali.com\/ca-es\/una-vistosa-gala-dispara-la-pirotecnia-de-les-festes-patronals-de-sanet-i-els-negrals\/\" \/>\n<meta property=\"og:site_name\" content=\"Canfali\" \/>\n<meta property=\"article:publisher\" content=\"https:\/\/es-es.facebook.com\/CANFALIMarinaAlta\" \/>\n<meta property=\"article:published_time\" content=\"2026-08-31T17:18:50+00:00\" \/>\n<meta property=\"article:modified_time\" content=\"2026-08-31T17:35:43+00:00\" \/>\n<meta property=\"og:image\" content=\"https:\/\/canfali.com\/app\/uploads\/2026\/08\/presentdig7.jpg\" \/>\n\t<meta property=\"og:image:width\" content=\"1600\" \/>\n\t<meta property=\"og:image:height\" content=\"1066\" \/>\n\t<meta property=\"og:image:type\" content=\"image\/jpeg\" \/>\n<meta name=\"author\" content=\"JJ Mas\" \/>\n<meta name=\"twitter:card\" content=\"summary_large_image\" \/>\n<meta name=\"twitter:creator\" content=\"@canfalima\" \/>\n<meta name=\"twitter:site\" content=\"@canfalima\" \/>\n<meta name=\"twitter:label1\" content=\"Written by\" \/>\n\t<meta name=\"twitter:data1\" content=\"JJ Mas\" \/>\n\t<meta name=\"twitter:label2\" content=\"Est. reading time\" \/>\n\t<meta name=\"twitter:data2\" content=\"4 minutes\" \/>\n<script type=\"application\/ld+json\" class=\"yoast-schema-graph\">{\"@context\":\"https:\\\/\\\/schema.org\",\"@graph\":[{\"@type\":\"NewsArticle\",\"@id\":\"https:\\\/\\\/canfali.com\\\/ca-es\\\/una-vistosa-gala-dispara-la-pirotecnia-de-les-festes-patronals-de-sanet-i-els-negrals\\\/#article\",\"isPartOf\":{\"@id\":\"https:\\\/\\\/canfali.com\\\/ca-es\\\/una-vistosa-gala-dispara-la-pirotecnia-de-les-festes-patronals-de-sanet-i-els-negrals\\\/\"},\"author\":{\"name\":\"JJ Mas\",\"@id\":\"https:\\\/\\\/canfali.com\\\/ca-es\\\/#\\\/schema\\\/person\\\/d834d2d4df17cac754d3c314d4c404ef\"},\"headline\":\"Una vistosa gala dispara la pirot\u00e8cnia de les festes del Crist de la Salut a Sanet i Els Negrals\",\"datePublished\":\"2026-08-31T17:18:50+00:00\",\"dateModified\":\"2026-08-31T17:35:43+00:00\",\"mainEntityOfPage\":{\"@id\":\"https:\\\/\\\/canfali.com\\\/ca-es\\\/una-vistosa-gala-dispara-la-pirotecnia-de-les-festes-patronals-de-sanet-i-els-negrals\\\/\"},\"wordCount\":523,\"publisher\":{\"@id\":\"https:\\\/\\\/canfali.com\\\/ca-es\\\/#organization\"},\"image\":{\"@id\":\"https:\\\/\\\/canfali.com\\\/ca-es\\\/una-vistosa-gala-dispara-la-pirotecnia-de-les-festes-patronals-de-sanet-i-els-negrals\\\/#primaryimage\"},\"thumbnailUrl\":\"https:\\\/\\\/canfali.com\\\/app\\\/uploads\\\/2026\\\/08\\\/presentdig7.jpg\",\"keywords\":[\"festers\",\"presentaci\u00f3\"],\"articleSection\":[\"Festes\"],\"inLanguage\":\"va-ES\",\"copyrightYear\":\"2026\",\"copyrightHolder\":{\"@id\":\"https:\\\/\\\/canfali.com\\\/#organization\"}},{\"@type\":\"WebPage\",\"@id\":\"https:\\\/\\\/canfali.com\\\/ca-es\\\/una-vistosa-gala-dispara-la-pirotecnia-de-les-festes-patronals-de-sanet-i-els-negrals\\\/\",\"url\":\"https:\\\/\\\/canfali.com\\\/ca-es\\\/una-vistosa-gala-dispara-la-pirotecnia-de-les-festes-patronals-de-sanet-i-els-negrals\\\/\",\"name\":\"Una vistosa gala dispara la pirot\u00e8cnia de les festes del Crist de la Salut a Sanet i Els Negrals - Canfali\",\"isPartOf\":{\"@id\":\"https:\\\/\\\/canfali.com\\\/ca-es\\\/#website\"},\"primaryImageOfPage\":{\"@id\":\"https:\\\/\\\/canfali.com\\\/ca-es\\\/una-vistosa-gala-dispara-la-pirotecnia-de-les-festes-patronals-de-sanet-i-els-negrals\\\/#primaryimage\"},\"image\":{\"@id\":\"https:\\\/\\\/canfali.com\\\/ca-es\\\/una-vistosa-gala-dispara-la-pirotecnia-de-les-festes-patronals-de-sanet-i-els-negrals\\\/#primaryimage\"},\"thumbnailUrl\":\"https:\\\/\\\/canfali.com\\\/app\\\/uploads\\\/2026\\\/08\\\/presentdig7.jpg\",\"datePublished\":\"2026-08-31T17:18:50+00:00\",\"dateModified\":\"2026-08-31T17:35:43+00:00\",\"breadcrumb\":{\"@id\":\"https:\\\/\\\/canfali.com\\\/ca-es\\\/una-vistosa-gala-dispara-la-pirotecnia-de-les-festes-patronals-de-sanet-i-els-negrals\\\/#breadcrumb\"},\"inLanguage\":\"va-ES\",\"potentialAction\":[{\"@type\":\"ReadAction\",\"target\":[\"https:\\\/\\\/canfali.com\\\/ca-es\\\/una-vistosa-gala-dispara-la-pirotecnia-de-les-festes-patronals-de-sanet-i-els-negrals\\\/\"]}]},{\"@type\":\"ImageObject\",\"inLanguage\":\"va-ES\",\"@id\":\"https:\\\/\\\/canfali.com\\\/ca-es\\\/una-vistosa-gala-dispara-la-pirotecnia-de-les-festes-patronals-de-sanet-i-els-negrals\\\/#primaryimage\",\"url\":\"https:\\\/\\\/canfali.com\\\/app\\\/uploads\\\/2026\\\/08\\\/presentdig7.jpg\",\"contentUrl\":\"https:\\\/\\\/canfali.com\\\/app\\\/uploads\\\/2026\\\/08\\\/presentdig7.jpg\",\"width\":1600,\"height\":1066},{\"@type\":\"BreadcrumbList\",\"@id\":\"https:\\\/\\\/canfali.com\\\/ca-es\\\/una-vistosa-gala-dispara-la-pirotecnia-de-les-festes-patronals-de-sanet-i-els-negrals\\\/#breadcrumb\",\"itemListElement\":[{\"@type\":\"ListItem\",\"position\":1,\"name\":\"Portada\",\"item\":\"https:\\\/\\\/canfali.com\\\/ca-es\\\/\"},{\"@type\":\"ListItem\",\"position\":2,\"name\":\"Una vistosa gala dispara la pirot\u00e8cnia de les festes del Crist de la Salut a Sanet i Els Negrals\"}]},{\"@type\":\"WebSite\",\"@id\":\"https:\\\/\\\/canfali.com\\\/ca-es\\\/#website\",\"url\":\"https:\\\/\\\/canfali.com\\\/ca-es\\\/\",\"name\":\"Canfali\",\"description\":\"\",\"publisher\":{\"@id\":\"https:\\\/\\\/canfali.com\\\/ca-es\\\/#organization\"},\"potentialAction\":[{\"@type\":\"SearchAction\",\"target\":{\"@type\":\"EntryPoint\",\"urlTemplate\":\"https:\\\/\\\/canfali.com\\\/ca-es\\\/?s={search_term_string}\"},\"query-input\":{\"@type\":\"PropertyValueSpecification\",\"valueRequired\":true,\"valueName\":\"search_term_string\"}}],\"inLanguage\":\"va-ES\"},{\"@type\":\"Organization\",\"@id\":\"https:\\\/\\\/canfali.com\\\/ca-es\\\/#organization\",\"name\":\"Canfali\",\"url\":\"https:\\\/\\\/canfali.com\\\/ca-es\\\/\",\"logo\":{\"@type\":\"ImageObject\",\"inLanguage\":\"va-ES\",\"@id\":\"https:\\\/\\\/canfali.com\\\/ca-es\\\/#\\\/schema\\\/logo\\\/image\\\/\",\"url\":\"https:\\\/\\\/canfali.com\\\/app\\\/uploads\\\/2025\\\/12\\\/canfali_marina_alta_logo.png\",\"contentUrl\":\"https:\\\/\\\/canfali.com\\\/app\\\/uploads\\\/2025\\\/12\\\/canfali_marina_alta_logo.png\",\"width\":225,\"height\":225,\"caption\":\"Canfali\"},\"image\":{\"@id\":\"https:\\\/\\\/canfali.com\\\/ca-es\\\/#\\\/schema\\\/logo\\\/image\\\/\"},\"sameAs\":[\"https:\\\/\\\/es-es.facebook.com\\\/CANFALIMarinaAlta\",\"https:\\\/\\\/x.com\\\/canfalima\",\"https:\\\/\\\/www.instagram.com\\\/canfalimarinaalta\\\/\"]},{\"@type\":\"Person\",\"@id\":\"https:\\\/\\\/canfali.com\\\/ca-es\\\/#\\\/schema\\\/person\\\/d834d2d4df17cac754d3c314d4c404ef\",\"name\":\"JJ Mas\",\"image\":{\"@type\":\"ImageObject\",\"inLanguage\":\"va-ES\",\"@id\":\"https:\\\/\\\/secure.gravatar.com\\\/avatar\\\/65a5191f5438bf88c2394f6d1a625a6ff903c8785268e603c623a83bc15ba1ee?s=96&d=mm&r=g\",\"url\":\"https:\\\/\\\/secure.gravatar.com\\\/avatar\\\/65a5191f5438bf88c2394f6d1a625a6ff903c8785268e603c623a83bc15ba1ee?s=96&d=mm&r=g\",\"contentUrl\":\"https:\\\/\\\/secure.gravatar.com\\\/avatar\\\/65a5191f5438bf88c2394f6d1a625a6ff903c8785268e603c623a83bc15ba1ee?s=96&d=mm&r=g\",\"caption\":\"JJ Mas\"},\"url\":\"https:\\\/\\\/canfali.com\\\/ca-es\\\/author\\\/jj\\\/\"}]}<\/script>\n<!-- \/ Yoast SEO Premium plugin. -->","yoast_head_json":{"title":"Una vistosa gala dispara la pirot\u00e8cnia de les festes del Crist de la Salut a Sanet i Els Negrals - Canfali","robots":{"index":"index","follow":"follow","max-snippet":"max-snippet:-1","max-image-preview":"max-image-preview:large","max-video-preview":"max-video-preview:-1"},"canonical":"https:\/\/canfali.com\/ca-es\/una-vistosa-gala-dispara-la-pirotecnia-de-les-festes-patronals-de-sanet-i-els-negrals\/","og_locale":"en_US","og_type":"article","og_title":"Una vistosa gala dispara la pirot\u00e8cnia de les festes del Crist de la Salut a Sanet i Els Negrals","og_description":"La vessant protocol\u00b7l\u00e0ria de les festes del Crist 2026 ha emergit a la multitudin\u00e0ria gala que ha investit&hellip;","og_url":"https:\/\/canfali.com\/ca-es\/una-vistosa-gala-dispara-la-pirotecnia-de-les-festes-patronals-de-sanet-i-els-negrals\/","og_site_name":"Canfali","article_publisher":"https:\/\/es-es.facebook.com\/CANFALIMarinaAlta","article_published_time":"2026-08-31T17:18:50+00:00","article_modified_time":"2026-08-31T17:35:43+00:00","og_image":[{"width":1600,"height":1066,"url":"https:\/\/canfali.com\/app\/uploads\/2026\/08\/presentdig7.jpg","type":"image\/jpeg"}],"author":"JJ Mas","twitter_card":"summary_large_image","twitter_creator":"@canfalima","twitter_site":"@canfalima","twitter_misc":{"Written by":"JJ Mas","Est. reading time":"4 minutes"},"schema":{"@context":"https:\/\/schema.org","@graph":[{"@type":"NewsArticle","@id":"https:\/\/canfali.com\/ca-es\/una-vistosa-gala-dispara-la-pirotecnia-de-les-festes-patronals-de-sanet-i-els-negrals\/#article","isPartOf":{"@id":"https:\/\/canfali.com\/ca-es\/una-vistosa-gala-dispara-la-pirotecnia-de-les-festes-patronals-de-sanet-i-els-negrals\/"},"author":{"name":"JJ Mas","@id":"https:\/\/canfali.com\/ca-es\/#\/schema\/person\/d834d2d4df17cac754d3c314d4c404ef"},"headline":"Una vistosa gala dispara la pirot\u00e8cnia de les festes del Crist de la Salut a Sanet i Els Negrals","datePublished":"2026-08-31T17:18:50+00:00","dateModified":"2026-08-31T17:35:43+00:00","mainEntityOfPage":{"@id":"https:\/\/canfali.com\/ca-es\/una-vistosa-gala-dispara-la-pirotecnia-de-les-festes-patronals-de-sanet-i-els-negrals\/"},"wordCount":523,"publisher":{"@id":"https:\/\/canfali.com\/ca-es\/#organization"},"image":{"@id":"https:\/\/canfali.com\/ca-es\/una-vistosa-gala-dispara-la-pirotecnia-de-les-festes-patronals-de-sanet-i-els-negrals\/#primaryimage"},"thumbnailUrl":"https:\/\/canfali.com\/app\/uploads\/2026\/08\/presentdig7.jpg","keywords":["festers","presentaci\u00f3"],"articleSection":["Festes"],"inLanguage":"va-ES","copyrightYear":"2026","copyrightHolder":{"@id":"https:\/\/canfali.com\/#organization"}},{"@type":"WebPage","@id":"https:\/\/canfali.com\/ca-es\/una-vistosa-gala-dispara-la-pirotecnia-de-les-festes-patronals-de-sanet-i-els-negrals\/","url":"https:\/\/canfali.com\/ca-es\/una-vistosa-gala-dispara-la-pirotecnia-de-les-festes-patronals-de-sanet-i-els-negrals\/","name":"Una vistosa gala dispara la pirot\u00e8cnia de les festes del Crist de la Salut a Sanet i Els Negrals - Canfali","isPartOf":{"@id":"https:\/\/canfali.com\/ca-es\/#website"},"primaryImageOfPage":{"@id":"https:\/\/canfali.com\/ca-es\/una-vistosa-gala-dispara-la-pirotecnia-de-les-festes-patronals-de-sanet-i-els-negrals\/#primaryimage"},"image":{"@id":"https:\/\/canfali.com\/ca-es\/una-vistosa-gala-dispara-la-pirotecnia-de-les-festes-patronals-de-sanet-i-els-negrals\/#primaryimage"},"thumbnailUrl":"https:\/\/canfali.com\/app\/uploads\/2026\/08\/presentdig7.jpg","datePublished":"2026-08-31T17:18:50+00:00","dateModified":"2026-08-31T17:35:43+00:00","breadcrumb":{"@id":"https:\/\/canfali.com\/ca-es\/una-vistosa-gala-dispara-la-pirotecnia-de-les-festes-patronals-de-sanet-i-els-negrals\/#breadcrumb"},"inLanguage":"va-ES","potentialAction":[{"@type":"ReadAction","target":["https:\/\/canfali.com\/ca-es\/una-vistosa-gala-dispara-la-pirotecnia-de-les-festes-patronals-de-sanet-i-els-negrals\/"]}]},{"@type":"ImageObject","inLanguage":"va-ES","@id":"https:\/\/canfali.com\/ca-es\/una-vistosa-gala-dispara-la-pirotecnia-de-les-festes-patronals-de-sanet-i-els-negrals\/#primaryimage","url":"https:\/\/canfali.com\/app\/uploads\/2026\/08\/presentdig7.jpg","contentUrl":"https:\/\/canfali.com\/app\/uploads\/2026\/08\/presentdig7.jpg","width":1600,"height":1066},{"@type":"BreadcrumbList","@id":"https:\/\/canfali.com\/ca-es\/una-vistosa-gala-dispara-la-pirotecnia-de-les-festes-patronals-de-sanet-i-els-negrals\/#breadcrumb","itemListElement":[{"@type":"ListItem","position":1,"name":"Portada","item":"https:\/\/canfali.com\/ca-es\/"},{"@type":"ListItem","position":2,"name":"Una vistosa gala dispara la pirot\u00e8cnia de les festes del Crist de la Salut a Sanet i Els Negrals"}]},{"@type":"WebSite","@id":"https:\/\/canfali.com\/ca-es\/#website","url":"https:\/\/canfali.com\/ca-es\/","name":"Canfali","description":"","publisher":{"@id":"https:\/\/canfali.com\/ca-es\/#organization"},"potentialAction":[{"@type":"SearchAction","target":{"@type":"EntryPoint","urlTemplate":"https:\/\/canfali.com\/ca-es\/?s={search_term_string}"},"query-input":{"@type":"PropertyValueSpecification","valueRequired":true,"valueName":"search_term_string"}}],"inLanguage":"va-ES"},{"@type":"Organization","@id":"https:\/\/canfali.com\/ca-es\/#organization","name":"Canfali","url":"https:\/\/canfali.com\/ca-es\/","logo":{"@type":"ImageObject","inLanguage":"va-ES","@id":"https:\/\/canfali.com\/ca-es\/#\/schema\/logo\/image\/","url":"https:\/\/canfali.com\/app\/uploads\/2025\/12\/canfali_marina_alta_logo.png","contentUrl":"https:\/\/canfali.com\/app\/uploads\/2025\/12\/canfali_marina_alta_logo.png","width":225,"height":225,"caption":"Canfali"},"image":{"@id":"https:\/\/canfali.com\/ca-es\/#\/schema\/logo\/image\/"},"sameAs":["https:\/\/es-es.facebook.com\/CANFALIMarinaAlta","https:\/\/x.com\/canfalima","https:\/\/www.instagram.com\/canfalimarinaalta\/"]},{"@type":"Person","@id":"https:\/\/canfali.com\/ca-es\/#\/schema\/person\/d834d2d4df17cac754d3c314d4c404ef","name":"JJ Mas","image":{"@type":"ImageObject","inLanguage":"va-ES","@id":"https:\/\/secure.gravatar.com\/avatar\/65a5191f5438bf88c2394f6d1a625a6ff903c8785268e603c623a83bc15ba1ee?s=96&d=mm&r=g","url":"https:\/\/secure.gravatar.com\/avatar\/65a5191f5438bf88c2394f6d1a625a6ff903c8785268e603c623a83bc15ba1ee?s=96&d=mm&r=g","contentUrl":"https:\/\/secure.gravatar.com\/avatar\/65a5191f5438bf88c2394f6d1a625a6ff903c8785268e603c623a83bc15ba1ee?s=96&d=mm&r=g","caption":"JJ Mas"},"url":"https:\/\/canfali.com\/ca-es\/author\/jj\/"}]}},"_links":{"self":[{"href":"https:\/\/canfali.com\/ca-es\/wp-json\/wp\/v2\/posts\/110943","targetHints":{"allow":["GET"]}}],"collection":[{"href":"https:\/\/canfali.com\/ca-es\/wp-json\/wp\/v2\/posts"}],"about":[{"href":"https:\/\/canfali.com\/ca-es\/wp-json\/wp\/v2\/types\/post"}],"author":[{"embeddable":true,"href":"https:\/\/canfali.com\/ca-es\/wp-json\/wp\/v2\/users\/4"}],"replies":[{"embeddable":true,"href":"https:\/\/canfali.com\/ca-es\/wp-json\/wp\/v2\/comments?post=110943"}],"version-history":[{"count":2,"href":"https:\/\/canfali.com\/ca-es\/wp-json\/wp\/v2\/posts\/110943\/revisions"}],"predecessor-version":[{"id":110975,"href":"https:\/\/canfali.com\/ca-es\/wp-json\/wp\/v2\/posts\/110943\/revisions\/110975"}],"wp:featuredmedia":[{"embeddable":true,"href":"https:\/\/canfali.com\/ca-es\/wp-json\/wp\/v2\/media\/110958"}],"wp:attachment":[{"href":"https:\/\/canfali.com\/ca-es\/wp-json\/wp\/v2\/media?parent=110943"}],"wp:term":[{"taxonomy":"category","embeddable":true,"href":"https:\/\/canfali.com\/ca-es\/wp-json\/wp\/v2\/categories?post=110943"},{"taxonomy":"post_tag","embeddable":true,"href":"https:\/\/canfali.com\/ca-es\/wp-json\/wp\/v2\/tags?post=110943"},{"taxonomy":"poblacion","embeddable":true,"href":"https:\/\/canfali.com\/ca-es\/wp-json\/wp\/v2\/poblacion?post=110943"}],"curies":[{"name":"wp","href":"https:\/\/api.w.org\/{rel}","templated":true}]}}