{"id":110885,"date":"2026-08-31T12:03:36","date_gmt":"2026-08-31T10:03:36","guid":{"rendered":"https:\/\/canfali.com\/?p=110885"},"modified":"2026-08-31T12:03:38","modified_gmt":"2026-08-31T10:03:38","slug":"programa-de-festes-daltea","status":"publish","type":"post","link":"https:\/\/canfali.com\/ca-es\/programa-de-festes-daltea\/","title":{"rendered":"Programa de Festes Majors i de Moros i Cristians d&#8217;Altea 2026"},"content":{"rendered":"\n<p class=\"wp-block-paragraph\"><strong>DISSABTE, 5 DE SETEMBRE<\/strong><\/p>\n\n\n\n<p class=\"wp-block-paragraph\">&#8211; A les 12:00 h.: Inici del Torneig de Futbol Sala Infantil.&nbsp;<\/p>\n\n\n\n<p class=\"wp-block-paragraph\">&#8211; A les 14:00 h.: Concurs de paelles de les filades.&nbsp;<\/p>\n\n\n\n<p class=\"wp-block-paragraph\">&#8211; A les 16:00 h.: Inici del Torneig 24 Hores de Futbol Sala de la Federaci\u00f3 de Moros i Cristians Sant Blai, al Pavell\u00f3 Municipal d&#8217;Esports.&nbsp;<\/p>\n\n\n\n<p class=\"wp-block-paragraph\">&#8211; A les 00:00 h.: (matinada del diumenge) Revetla amb bandeta i DJ a la zona exterior del Pavell\u00f3 Municipal d&#8217;Esports.&nbsp;<\/p>\n\n\n\n<p class=\"wp-block-paragraph\"><strong>DIUMENGE, 6 DE SETEMBRE<\/strong><\/p>\n\n\n\n<p class=\"wp-block-paragraph\">&#8211; A les 10:00 h.: Semifinals del Torneig 24 Hores de Futbol Sala al Pavell\u00f3 Municipal d&#8217;Esports.&nbsp;<\/p>\n\n\n\n<p class=\"wp-block-paragraph\">A les 18:00 h.: Final del Torneig 24 Hores de Futbol Sala al Pavell\u00f3 Municipal d&#8217;Esports.&nbsp;<\/p>\n\n\n\n<p class=\"wp-block-paragraph\"><strong>DIVENDRES, 11 DE SETEMBRE<\/strong><\/p>\n\n\n\n<p class=\"wp-block-paragraph\">&#8211; A les 20:00 h.: Concert de M\u00fasica Festera a c\u00e0rrec de la banda de la Societat Recreativa Musical d&#8217;Altea la Vella i de la banda simf\u00f2nica de la Societat Filharm\u00f2nica Alteanense, al Palau Altea Centre d&#8217;Arts (acc\u00e9s lliure i gratu\u00eft, limitat a l&#8217;aforament del recinte).&nbsp;<\/p>\n\n\n\n<p class=\"wp-block-paragraph\"><strong>DISSABTE, 12 DE SETEMBRE<\/strong><\/p>\n\n\n\n<p class=\"wp-block-paragraph\">&#8211; A les 20:00 h.: Sopar de C\u00e0rrecs, a l&#8217;aparcament Basseta-Centre.&nbsp;<\/p>\n\n\n\n<p class=\"wp-block-paragraph\">&#8211; A les 00:00 h.: (matinada de diumenge) Ball de C\u00e0rrecs, a l&#8217;aparcament Basseta-Centre.<\/p>\n\n\n\n<p class=\"wp-block-paragraph\"><strong>DIUMENGE, 13 DE SETEMBRE<\/strong><\/p>\n\n\n\n<p class=\"wp-block-paragraph\">&#8211; A les 19:00 h.: Escenificaci\u00f3 de l&#8217;arribada de la imatge del Sant\u00edssim Crist del Sagrari a la badia d&#8217;Altea, a c\u00e0rrec del grup de teatre Pla i Rev\u00e9s, a la platja del Bol. A continuaci\u00f3, romeria del Sant\u00edssim Crist del Sagrari fins a l&#8217;esgl\u00e9sia parroquial de la Mare de D\u00e9u del Consol.&nbsp;<\/p>\n\n\n\n<p class=\"wp-block-paragraph\">&#8211; A partir de les 20:00 h.: (en acabar la romeria) Missa del Rescat, cantada per la Camerata Ars Cantica de Benidorm.&nbsp;<\/p>\n\n\n\n<p class=\"wp-block-paragraph\"><strong>DIMECRES, 16 DE SETEMBRE<\/strong><\/p>\n\n\n\n<p class=\"wp-block-paragraph\">&#8211; A les 20:00 h.: Encesa de l&#8217;enllumenat extraordinari de festes.&nbsp;<\/p>\n\n\n\n<p class=\"wp-block-paragraph\"><strong>DES DEL DIMECRES 16 FINS AL DIJOUS 24 DE SETEMBRE<\/strong><\/p>\n\n\n\n<p class=\"wp-block-paragraph\">&#8211; A les 20:00 h.: Solemne novena en honor al Sant\u00edssim Crist del Sagrari, cantada pel Cor Parroquial a l&#8217;esgl\u00e9sia de la Mare de D\u00e9u del Consol (excepte el dissabte dia 19, que ser\u00e0 a les 18:00 h).&nbsp;<\/p>\n\n\n\n<p class=\"wp-block-paragraph\"><strong>DISSABTE, 19 DE SETEMBRE<\/strong><\/p>\n\n\n\n<p class=\"wp-block-paragraph\">&#8211; A les 20:00 h.: Presentaci\u00f3 de Trages i Coronaci\u00f3 de Reines, lliurament de ceptres, banderes i armes als c\u00e0rrecs festers, presentaci\u00f3 de les corts d&#8217;honor, imposici\u00f3 de corones i lliurament del ceptre de les reines de les Festes al Palau d&#8217;Esports Vila d&#8217;Altea (obertura de portes a les 19:30 h).&nbsp;<\/p>\n\n\n\n<p class=\"wp-block-paragraph\">&#8211; A les 00:00 h.: (matinada de diumenge) Ball de C\u00e0rrecs Festers a l&#8217;aparcament Basseta-Centre.&nbsp;<\/p>\n\n\n\n<p class=\"wp-block-paragraph\"><strong>DIUMENGE, 20 DE SETEMBRE<\/strong><\/p>\n\n\n\n<p class=\"wp-block-paragraph\">&#8211; A les 11:00 h.: Ofrena de Flors. Desfilada des de la pla\u00e7a de Jos\u00e9 Mar\u00eda Planelles fins al temple parroquial de la Mare de D\u00e9u del Consol. Disparada de 21 salves d&#8217;honor.&nbsp;<\/p>\n\n\n\n<p class=\"wp-block-paragraph\">&#8211; A les 12:00 h.: Missa solemne en honor a la Mare de D\u00e9u del Consol, cantada per la coral de la Societat Filharm\u00f2nica Alteanense.&nbsp;<\/p>\n\n\n\n<p class=\"wp-block-paragraph\"><strong>DIJOUS, 24 DE SETEMBRE<\/strong><\/p>\n\n\n\n<p class=\"wp-block-paragraph\">&#8211; A les 21:00 h.: Assaig general de les ambaixades de moros i cristians, a la pla\u00e7a de l&#8217;Esgl\u00e9sia.&nbsp;<\/p>\n\n\n\n<p class=\"wp-block-paragraph\">&#8211; A les 22:00 h.: Nit de Saludes.&nbsp;<\/p>\n\n\n\n<p class=\"wp-block-paragraph\"><strong>DIVENDRES, 25 DE SETEMBRE<\/strong><\/p>\n\n\n\n<p class=\"wp-block-paragraph\">&#8211; A les 13:00 h.: Anunci oficial de festes amb volteig de campanes i disparada de morters.&nbsp;<\/p>\n\n\n\n<p class=\"wp-block-paragraph\">&#8211; A les 18:30 h.: Tradicional Entrada de la Murta, organitzada per la Comissi\u00f3 del Sant\u00edssim Crist del Sagrari.&nbsp;<\/p>\n\n\n\n<p class=\"wp-block-paragraph\">-A les 20:00 h.: Entrada de Bandes de M\u00fasica, Imposici\u00f3 de Banderoles i Preg\u00f3 de Festes a c\u00e0rrec de Jovi Ivars L\u00f3pez. En finalitzar, interpretaci\u00f3 del pasdoble <em>Ida y vuelta<\/em> i passacarrer a les seus festeres.&nbsp;<\/p>\n\n\n\n<p class=\"wp-block-paragraph\">&#8211; A les 23:30 h.: Obertura de la Barraca Popular amb DJ Xinxeta, a l&#8217;aparcament Basseta-Centre.&nbsp;<\/p>\n\n\n\n<p class=\"wp-block-paragraph\">&#8211; A les 00:00 h.: (matinada de dissabte) Entradetes de les filades de moros i cristians.&nbsp;<\/p>\n\n\n\n<p class=\"wp-block-paragraph\">&#8211; A les 00:30 h.: (matinada de dissabte) Tribut a Amaral i La Oreja de Van Gogh per Rosas Kamikazes, a la Barraca Popular.&nbsp;<\/p>\n\n\n\n<p class=\"wp-block-paragraph\">&#8211; A les 2:30 h.: (matinada de dissabte) Gran correfocs \u00abNit m\u00e0gica\u00bb, a c\u00e0rrec de Xarxa Teatre.&nbsp;<\/p>\n\n\n\n<p class=\"wp-block-paragraph\">&#8211; A les 3:30 h.: (matinada de dissabte) Actuaci\u00f3 de DJ Ivi S\u00e1nchez a la Barraca Popular.&nbsp;<\/p>\n\n\n\n<p class=\"wp-block-paragraph\"><strong>DISSABTE, 26 DE SETEMBRE<\/strong><\/p>\n\n\n\n<p class=\"wp-block-paragraph\">&#8211; A les 8:30 h.: Diana Cristiana.&nbsp;<\/p>\n\n\n\n<p class=\"wp-block-paragraph\">&#8211; A les 11:30 h.: Alardo i tiroteig des de la pla\u00e7a de la Creu fins a la pla\u00e7a de l&#8217;Esgl\u00e9sia.&nbsp;<\/p>\n\n\n\n<p class=\"wp-block-paragraph\">&#8211; A les 13:00 h.: Ambaixada Mora i Rendici\u00f3 Cristiana, a la pla\u00e7a de l&#8217;Esgl\u00e9sia.&nbsp;<\/p>\n\n\n\n<p class=\"wp-block-paragraph\">&#8211; A les 19:00 h.: Espectacular Entrada Mora.&nbsp;<\/p>\n\n\n\n<p class=\"wp-block-paragraph\">&#8211; A les 00:00 h.: (matinada de diumenge) Gran nit \u00abTallarina on Tour\u00bb, amb Santi Bertomeu i DJ Taron, a la Barraca Popular.&nbsp;<\/p>\n\n\n\n<p class=\"wp-block-paragraph\"><strong>DIUMENGE, 27 DE SETEMBRE<\/strong><\/p>\n\n\n\n<p class=\"wp-block-paragraph\">&#8211; A les 8:30 h.: Despertada a c\u00e0rrec de la Comissi\u00f3 de Festes del Sant\u00edssim Crist del Sagrari.&nbsp;<\/p>\n\n\n\n<p class=\"wp-block-paragraph\">&#8211; A les 11:15 h.: Passacarrer des de la pla\u00e7a de Jos\u00e9 Mar\u00eda Planelles cap al temple parroquial.&nbsp;<\/p>\n\n\n\n<p class=\"wp-block-paragraph\">&#8211; A les 12:00 h.: Missa solemne en honor del Sant\u00edssim Crist del Sagrari. En finalitzar, actuaci\u00f3 de la Muixeranga del Campello i passacarrer fins al passeig del Mediterrani.&nbsp;<\/p>\n\n\n\n<p class=\"wp-block-paragraph\">&#8211; A les 14:00 h.: Espectacular mascletada al passeig del Mediterrani (platja del Bol), a c\u00e0rrec de Pirotecnia del Mediterr\u00e1neo.&nbsp;<\/p>\n\n\n\n<p class=\"wp-block-paragraph\">&#8211; A les 19:00 h.: Passacarrer des de la pla\u00e7a de Jos\u00e9 Mar\u00eda Planelles cap al temple parroquial.&nbsp;<\/p>\n\n\n\n<p class=\"wp-block-paragraph\">&#8211; A les 20:00 h.: Solemne process\u00f3 en honor al Sant\u00edssim Crist del Sagrari, Sant Blai i la Mare de D\u00e9u del Consol.&nbsp;<\/p>\n\n\n\n<p class=\"wp-block-paragraph\">&#8211; A les 00:30 h.: (matinada de dilluns) Castell de focs artificials al passeig del Mediterrani i, en finalitzar, actuaci\u00f3 de l&#8217;orquestra La Pato a la Barraca Popular.&nbsp;<\/p>\n\n\n\n<p class=\"wp-block-paragraph\"><strong>DILLUNS, 28 DE SETEMBRE<\/strong><\/p>\n\n\n\n<p class=\"wp-block-paragraph\">&#8211; A les 8:30 h.: Diana Mora.&nbsp;<\/p>\n\n\n\n<p class=\"wp-block-paragraph\">&#8211; A les 10:45 h.: Passacarrer des de la pla\u00e7a de Jos\u00e9 Mar\u00eda Planelles cap al temple parroquial.&nbsp;<\/p>\n\n\n\n<p class=\"wp-block-paragraph\">&#8211; A les 11:30 h.: Missa solemne en honor a sant Blai i lectura de la nova Comissi\u00f3 del Crist 2027.&nbsp;<\/p>\n\n\n\n<p class=\"wp-block-paragraph\">&#8211; A les 11:30 h.: Alardo i tiroteig, seguit de l&#8217;Ambaixada Cristiana i Rendici\u00f3 Mora a la pla\u00e7a de l&#8217;Esgl\u00e9sia, i posterior passacarrer fins a la pla\u00e7a de l&#8217;Ajuntament.&nbsp;<\/p>\n\n\n\n<p class=\"wp-block-paragraph\">&#8211; A les 19:00 h.: Espectacular Entrada Cristiana.&nbsp;<\/p>\n\n\n\n<p class=\"wp-block-paragraph\">&#8211; A les 00:00 h.: a 3:00 h. (matinada de dimarts) Festa DJ Sound-Max a la Barraca Popular.&nbsp;<\/p>\n\n\n\n<p class=\"wp-block-paragraph\"><strong>DIMARTS, 29 DE SETEMBRE<\/strong><\/p>\n\n\n\n<p class=\"wp-block-paragraph\">&#8211; A les 11:30 h.: Passacarrer des de la pla\u00e7a de Jos\u00e9 Mar\u00eda Planelles cap a l&#8217;esgl\u00e9sia del Convent de Sant Pere i Sant Francesc.&nbsp;<\/p>\n\n\n\n<p class=\"wp-block-paragraph\">&#8211; A les 12:00 h.: Missa de difunts i acci\u00f3 de gr\u00e0cies. En finalitzar, imposici\u00f3 de medalles a la nova Comissi\u00f3 2027, passacarrer i bombardig pirot\u00e8cnic.&nbsp;<\/p>\n\n\n\n<p class=\"wp-block-paragraph\">&#8211; A les 17:00 h.: Tornada de les Banderes des del carrer Llavador fins a la pla\u00e7a de Jos\u00e9 Mar\u00eda Planelles.&nbsp;<\/p>\n\n\n\n<p class=\"wp-block-paragraph\">&#8211; A les 19:00 h.: Musical familiar <em>Aladdin<\/em> i berenar infantil a l&#8217;aparcament Basseta-Centre.&nbsp;<\/p>\n\n\n\n<p class=\"wp-block-paragraph\"><strong>DIMECRES, 30 DE SETEMBRE<\/strong><\/p>\n\n\n\n<p class=\"wp-block-paragraph\">&#8211; A les 18:00 h.: Actuaci\u00f3 del duo musical Bruno y Kuki i berenar al Centre Integral de Majors (CEAM-CIM).&nbsp;<\/p>\n\n\n\n<p class=\"wp-block-paragraph\"><strong>DISSABTE, 3 D&#8217;OCTUBRE<\/strong><\/p>\n\n\n\n<p class=\"wp-block-paragraph\">&#8211; A les 18:00 h.: Correbars amb la Bandeta B\u00e8rnia des de l&#8217;aparcament Basseta-Centre.&nbsp;<\/p>\n\n\n\n<p class=\"wp-block-paragraph\">A les 23:00 h.: Festival musical Fesporrat a l&#8217;aparcament Basseta-Centre (amb Consu DJ, Tito Pontet, La Ludwig Band i Auxili).&nbsp;<\/p>\n\n\n\n<p class=\"wp-block-paragraph\"><strong>DIUMENGE, 4 D&#8217;OCTUBRE<\/strong><\/p>\n\n\n\n<p class=\"wp-block-paragraph\">&#8211; A les 17:30 h.: Partida de pilota valenciana al carrer de la Filharm\u00f2nica.<\/p>\n","protected":false},"excerpt":{"rendered":"DISSABTE, 5 DE SETEMBRE &#8211; A les 12:00 h.: Inici del Torneig de Futbol Sala Infantil.&nbsp; &#8211; A&hellip;","protected":false},"author":8,"featured_media":110886,"comment_status":"closed","ping_status":"open","sticky":false,"template":"","format":"standard","meta":{"csco_display_header_overlay":false,"csco_singular_sidebar":"","csco_page_header_type":"","csco_page_load_nextpost":"","csco_post_video_location":[],"csco_post_video_location_hash":"","csco_post_video_url":"","csco_post_video_bg_start_time":0,"csco_post_video_bg_end_time":0,"footnotes":""},"categories":[587,7155],"tags":[],"poblacion":[],"class_list":["post-110885","post","type-post","status-publish","format-standard","has-post-thumbnail","category-festes","category-marina-baixa","cs-entry","cs-video-wrap"],"yoast_head":"<!-- This site is optimized with the Yoast SEO Premium plugin v26.6 (Yoast SEO v27.3) - https:\/\/yoast.com\/product\/yoast-seo-premium-wordpress\/ -->\n<title>Programa de Festes Majors i de Moros i Cristians d&#039;Altea 2026 - Canfali<\/title>\n<meta name=\"description\" content=\"Les Festes Majors i de Moros i Cristians d&#039;Altea, dedicades al Sant\u00edssim Crist del Sagrari i a Sant Blai, omplien el mes de setembre d&#039;actes\" \/>\n<meta name=\"robots\" content=\"index, follow, max-snippet:-1, max-image-preview:large, max-video-preview:-1\" \/>\n<link rel=\"canonical\" href=\"https:\/\/canfali.com\/ca-es\/programa-de-festes-daltea\/\" \/>\n<meta property=\"og:locale\" content=\"en_US\" \/>\n<meta property=\"og:type\" content=\"article\" \/>\n<meta property=\"og:title\" content=\"Programa de Festes Majors i de Moros i Cristians d&#039;Altea 2026\" \/>\n<meta property=\"og:description\" content=\"Les Festes Majors i de Moros i Cristians d&#039;Altea, dedicades al Sant\u00edssim Crist del Sagrari i a Sant Blai, omplien el mes de setembre d&#039;actes\" \/>\n<meta property=\"og:url\" content=\"https:\/\/canfali.com\/ca-es\/programa-de-festes-daltea\/\" \/>\n<meta property=\"og:site_name\" content=\"Canfali\" \/>\n<meta property=\"article:publisher\" content=\"https:\/\/es-es.facebook.com\/CANFALIMarinaAlta\" \/>\n<meta property=\"article:published_time\" content=\"2026-08-31T10:03:36+00:00\" \/>\n<meta property=\"article:modified_time\" content=\"2026-08-31T10:03:38+00:00\" \/>\n<meta property=\"og:image\" content=\"https:\/\/canfali.com\/app\/uploads\/2026\/08\/Grup-web.jpg\" \/>\n\t<meta property=\"og:image:width\" content=\"1028\" \/>\n\t<meta property=\"og:image:height\" content=\"452\" \/>\n\t<meta property=\"og:image:type\" content=\"image\/jpeg\" \/>\n<meta name=\"author\" content=\"Lluis\" \/>\n<meta name=\"twitter:card\" content=\"summary_large_image\" \/>\n<meta name=\"twitter:creator\" content=\"@canfalima\" \/>\n<meta name=\"twitter:site\" content=\"@canfalima\" \/>\n<meta name=\"twitter:label1\" content=\"Written by\" \/>\n\t<meta name=\"twitter:data1\" content=\"Lluis\" \/>\n\t<meta name=\"twitter:label2\" content=\"Est. reading time\" \/>\n\t<meta name=\"twitter:data2\" content=\"6 minutes\" \/>\n<script type=\"application\/ld+json\" class=\"yoast-schema-graph\">{\"@context\":\"https:\\\/\\\/schema.org\",\"@graph\":[{\"@type\":\"NewsArticle\",\"@id\":\"https:\\\/\\\/canfali.com\\\/ca-es\\\/programa-de-festes-daltea\\\/#article\",\"isPartOf\":{\"@id\":\"https:\\\/\\\/canfali.com\\\/ca-es\\\/programa-de-festes-daltea\\\/\"},\"author\":{\"name\":\"Lluis\",\"@id\":\"https:\\\/\\\/canfali.com\\\/ca-es\\\/#\\\/schema\\\/person\\\/f540a86fb33e10daaae53c59ceaa1194\"},\"headline\":\"Programa de Festes Majors i de Moros i Cristians d&#8217;Altea 2026\",\"datePublished\":\"2026-08-31T10:03:36+00:00\",\"dateModified\":\"2026-08-31T10:03:38+00:00\",\"mainEntityOfPage\":{\"@id\":\"https:\\\/\\\/canfali.com\\\/ca-es\\\/programa-de-festes-daltea\\\/\"},\"wordCount\":1246,\"publisher\":{\"@id\":\"https:\\\/\\\/canfali.com\\\/ca-es\\\/#organization\"},\"image\":{\"@id\":\"https:\\\/\\\/canfali.com\\\/ca-es\\\/programa-de-festes-daltea\\\/#primaryimage\"},\"thumbnailUrl\":\"https:\\\/\\\/canfali.com\\\/app\\\/uploads\\\/2026\\\/08\\\/Grup-web.jpg\",\"articleSection\":[\"Festes\",\"Marina Baixa\"],\"inLanguage\":\"va-ES\",\"copyrightYear\":\"2026\",\"copyrightHolder\":{\"@id\":\"https:\\\/\\\/canfali.com\\\/#organization\"}},{\"@type\":\"WebPage\",\"@id\":\"https:\\\/\\\/canfali.com\\\/ca-es\\\/programa-de-festes-daltea\\\/\",\"url\":\"https:\\\/\\\/canfali.com\\\/ca-es\\\/programa-de-festes-daltea\\\/\",\"name\":\"Programa de Festes Majors i de Moros i Cristians d'Altea 2026 - Canfali\",\"isPartOf\":{\"@id\":\"https:\\\/\\\/canfali.com\\\/ca-es\\\/#website\"},\"primaryImageOfPage\":{\"@id\":\"https:\\\/\\\/canfali.com\\\/ca-es\\\/programa-de-festes-daltea\\\/#primaryimage\"},\"image\":{\"@id\":\"https:\\\/\\\/canfali.com\\\/ca-es\\\/programa-de-festes-daltea\\\/#primaryimage\"},\"thumbnailUrl\":\"https:\\\/\\\/canfali.com\\\/app\\\/uploads\\\/2026\\\/08\\\/Grup-web.jpg\",\"datePublished\":\"2026-08-31T10:03:36+00:00\",\"dateModified\":\"2026-08-31T10:03:38+00:00\",\"description\":\"Les Festes Majors i de Moros i Cristians d'Altea, dedicades al Sant\u00edssim Crist del Sagrari i a Sant Blai, omplien el mes de setembre d'actes\",\"breadcrumb\":{\"@id\":\"https:\\\/\\\/canfali.com\\\/ca-es\\\/programa-de-festes-daltea\\\/#breadcrumb\"},\"inLanguage\":\"va-ES\",\"potentialAction\":[{\"@type\":\"ReadAction\",\"target\":[\"https:\\\/\\\/canfali.com\\\/ca-es\\\/programa-de-festes-daltea\\\/\"]}]},{\"@type\":\"ImageObject\",\"inLanguage\":\"va-ES\",\"@id\":\"https:\\\/\\\/canfali.com\\\/ca-es\\\/programa-de-festes-daltea\\\/#primaryimage\",\"url\":\"https:\\\/\\\/canfali.com\\\/app\\\/uploads\\\/2026\\\/08\\\/Grup-web.jpg\",\"contentUrl\":\"https:\\\/\\\/canfali.com\\\/app\\\/uploads\\\/2026\\\/08\\\/Grup-web.jpg\",\"width\":1028,\"height\":452},{\"@type\":\"BreadcrumbList\",\"@id\":\"https:\\\/\\\/canfali.com\\\/ca-es\\\/programa-de-festes-daltea\\\/#breadcrumb\",\"itemListElement\":[{\"@type\":\"ListItem\",\"position\":1,\"name\":\"Portada\",\"item\":\"https:\\\/\\\/canfali.com\\\/ca-es\\\/\"},{\"@type\":\"ListItem\",\"position\":2,\"name\":\"Programa de Festes Majors i de Moros i Cristians d&#8217;Altea 2026\"}]},{\"@type\":\"WebSite\",\"@id\":\"https:\\\/\\\/canfali.com\\\/ca-es\\\/#website\",\"url\":\"https:\\\/\\\/canfali.com\\\/ca-es\\\/\",\"name\":\"Canfali\",\"description\":\"\",\"publisher\":{\"@id\":\"https:\\\/\\\/canfali.com\\\/ca-es\\\/#organization\"},\"potentialAction\":[{\"@type\":\"SearchAction\",\"target\":{\"@type\":\"EntryPoint\",\"urlTemplate\":\"https:\\\/\\\/canfali.com\\\/ca-es\\\/?s={search_term_string}\"},\"query-input\":{\"@type\":\"PropertyValueSpecification\",\"valueRequired\":true,\"valueName\":\"search_term_string\"}}],\"inLanguage\":\"va-ES\"},{\"@type\":\"Organization\",\"@id\":\"https:\\\/\\\/canfali.com\\\/ca-es\\\/#organization\",\"name\":\"Canfali\",\"url\":\"https:\\\/\\\/canfali.com\\\/ca-es\\\/\",\"logo\":{\"@type\":\"ImageObject\",\"inLanguage\":\"va-ES\",\"@id\":\"https:\\\/\\\/canfali.com\\\/ca-es\\\/#\\\/schema\\\/logo\\\/image\\\/\",\"url\":\"https:\\\/\\\/canfali.com\\\/app\\\/uploads\\\/2025\\\/12\\\/canfali_marina_alta_logo.png\",\"contentUrl\":\"https:\\\/\\\/canfali.com\\\/app\\\/uploads\\\/2025\\\/12\\\/canfali_marina_alta_logo.png\",\"width\":225,\"height\":225,\"caption\":\"Canfali\"},\"image\":{\"@id\":\"https:\\\/\\\/canfali.com\\\/ca-es\\\/#\\\/schema\\\/logo\\\/image\\\/\"},\"sameAs\":[\"https:\\\/\\\/es-es.facebook.com\\\/CANFALIMarinaAlta\",\"https:\\\/\\\/x.com\\\/canfalima\",\"https:\\\/\\\/www.instagram.com\\\/canfalimarinaalta\\\/\"]},{\"@type\":\"Person\",\"@id\":\"https:\\\/\\\/canfali.com\\\/ca-es\\\/#\\\/schema\\\/person\\\/f540a86fb33e10daaae53c59ceaa1194\",\"name\":\"Lluis\",\"image\":{\"@type\":\"ImageObject\",\"inLanguage\":\"va-ES\",\"@id\":\"https:\\\/\\\/secure.gravatar.com\\\/avatar\\\/a21ec8835290e4e02ed0886b8cb327d807d0eb6ec8ccf25d4c2a0a415f506c0d?s=96&d=mm&r=g\",\"url\":\"https:\\\/\\\/secure.gravatar.com\\\/avatar\\\/a21ec8835290e4e02ed0886b8cb327d807d0eb6ec8ccf25d4c2a0a415f506c0d?s=96&d=mm&r=g\",\"contentUrl\":\"https:\\\/\\\/secure.gravatar.com\\\/avatar\\\/a21ec8835290e4e02ed0886b8cb327d807d0eb6ec8ccf25d4c2a0a415f506c0d?s=96&d=mm&r=g\",\"caption\":\"Lluis\"},\"url\":\"https:\\\/\\\/canfali.com\\\/ca-es\\\/author\\\/lluis\\\/\"}]}<\/script>\n<!-- \/ Yoast SEO Premium plugin. -->","yoast_head_json":{"title":"Programa de Festes Majors i de Moros i Cristians d'Altea 2026 - Canfali","description":"Les Festes Majors i de Moros i Cristians d'Altea, dedicades al Sant\u00edssim Crist del Sagrari i a Sant Blai, omplien el mes de setembre d'actes","robots":{"index":"index","follow":"follow","max-snippet":"max-snippet:-1","max-image-preview":"max-image-preview:large","max-video-preview":"max-video-preview:-1"},"canonical":"https:\/\/canfali.com\/ca-es\/programa-de-festes-daltea\/","og_locale":"en_US","og_type":"article","og_title":"Programa de Festes Majors i de Moros i Cristians d'Altea 2026","og_description":"Les Festes Majors i de Moros i Cristians d'Altea, dedicades al Sant\u00edssim Crist del Sagrari i a Sant Blai, omplien el mes de setembre d'actes","og_url":"https:\/\/canfali.com\/ca-es\/programa-de-festes-daltea\/","og_site_name":"Canfali","article_publisher":"https:\/\/es-es.facebook.com\/CANFALIMarinaAlta","article_published_time":"2026-08-31T10:03:36+00:00","article_modified_time":"2026-08-31T10:03:38+00:00","og_image":[{"width":1028,"height":452,"url":"https:\/\/canfali.com\/app\/uploads\/2026\/08\/Grup-web.jpg","type":"image\/jpeg"}],"author":"Lluis","twitter_card":"summary_large_image","twitter_creator":"@canfalima","twitter_site":"@canfalima","twitter_misc":{"Written by":"Lluis","Est. reading time":"6 minutes"},"schema":{"@context":"https:\/\/schema.org","@graph":[{"@type":"NewsArticle","@id":"https:\/\/canfali.com\/ca-es\/programa-de-festes-daltea\/#article","isPartOf":{"@id":"https:\/\/canfali.com\/ca-es\/programa-de-festes-daltea\/"},"author":{"name":"Lluis","@id":"https:\/\/canfali.com\/ca-es\/#\/schema\/person\/f540a86fb33e10daaae53c59ceaa1194"},"headline":"Programa de Festes Majors i de Moros i Cristians d&#8217;Altea 2026","datePublished":"2026-08-31T10:03:36+00:00","dateModified":"2026-08-31T10:03:38+00:00","mainEntityOfPage":{"@id":"https:\/\/canfali.com\/ca-es\/programa-de-festes-daltea\/"},"wordCount":1246,"publisher":{"@id":"https:\/\/canfali.com\/ca-es\/#organization"},"image":{"@id":"https:\/\/canfali.com\/ca-es\/programa-de-festes-daltea\/#primaryimage"},"thumbnailUrl":"https:\/\/canfali.com\/app\/uploads\/2026\/08\/Grup-web.jpg","articleSection":["Festes","Marina Baixa"],"inLanguage":"va-ES","copyrightYear":"2026","copyrightHolder":{"@id":"https:\/\/canfali.com\/#organization"}},{"@type":"WebPage","@id":"https:\/\/canfali.com\/ca-es\/programa-de-festes-daltea\/","url":"https:\/\/canfali.com\/ca-es\/programa-de-festes-daltea\/","name":"Programa de Festes Majors i de Moros i Cristians d'Altea 2026 - Canfali","isPartOf":{"@id":"https:\/\/canfali.com\/ca-es\/#website"},"primaryImageOfPage":{"@id":"https:\/\/canfali.com\/ca-es\/programa-de-festes-daltea\/#primaryimage"},"image":{"@id":"https:\/\/canfali.com\/ca-es\/programa-de-festes-daltea\/#primaryimage"},"thumbnailUrl":"https:\/\/canfali.com\/app\/uploads\/2026\/08\/Grup-web.jpg","datePublished":"2026-08-31T10:03:36+00:00","dateModified":"2026-08-31T10:03:38+00:00","description":"Les Festes Majors i de Moros i Cristians d'Altea, dedicades al Sant\u00edssim Crist del Sagrari i a Sant Blai, omplien el mes de setembre d'actes","breadcrumb":{"@id":"https:\/\/canfali.com\/ca-es\/programa-de-festes-daltea\/#breadcrumb"},"inLanguage":"va-ES","potentialAction":[{"@type":"ReadAction","target":["https:\/\/canfali.com\/ca-es\/programa-de-festes-daltea\/"]}]},{"@type":"ImageObject","inLanguage":"va-ES","@id":"https:\/\/canfali.com\/ca-es\/programa-de-festes-daltea\/#primaryimage","url":"https:\/\/canfali.com\/app\/uploads\/2026\/08\/Grup-web.jpg","contentUrl":"https:\/\/canfali.com\/app\/uploads\/2026\/08\/Grup-web.jpg","width":1028,"height":452},{"@type":"BreadcrumbList","@id":"https:\/\/canfali.com\/ca-es\/programa-de-festes-daltea\/#breadcrumb","itemListElement":[{"@type":"ListItem","position":1,"name":"Portada","item":"https:\/\/canfali.com\/ca-es\/"},{"@type":"ListItem","position":2,"name":"Programa de Festes Majors i de Moros i Cristians d&#8217;Altea 2026"}]},{"@type":"WebSite","@id":"https:\/\/canfali.com\/ca-es\/#website","url":"https:\/\/canfali.com\/ca-es\/","name":"Canfali","description":"","publisher":{"@id":"https:\/\/canfali.com\/ca-es\/#organization"},"potentialAction":[{"@type":"SearchAction","target":{"@type":"EntryPoint","urlTemplate":"https:\/\/canfali.com\/ca-es\/?s={search_term_string}"},"query-input":{"@type":"PropertyValueSpecification","valueRequired":true,"valueName":"search_term_string"}}],"inLanguage":"va-ES"},{"@type":"Organization","@id":"https:\/\/canfali.com\/ca-es\/#organization","name":"Canfali","url":"https:\/\/canfali.com\/ca-es\/","logo":{"@type":"ImageObject","inLanguage":"va-ES","@id":"https:\/\/canfali.com\/ca-es\/#\/schema\/logo\/image\/","url":"https:\/\/canfali.com\/app\/uploads\/2025\/12\/canfali_marina_alta_logo.png","contentUrl":"https:\/\/canfali.com\/app\/uploads\/2025\/12\/canfali_marina_alta_logo.png","width":225,"height":225,"caption":"Canfali"},"image":{"@id":"https:\/\/canfali.com\/ca-es\/#\/schema\/logo\/image\/"},"sameAs":["https:\/\/es-es.facebook.com\/CANFALIMarinaAlta","https:\/\/x.com\/canfalima","https:\/\/www.instagram.com\/canfalimarinaalta\/"]},{"@type":"Person","@id":"https:\/\/canfali.com\/ca-es\/#\/schema\/person\/f540a86fb33e10daaae53c59ceaa1194","name":"Lluis","image":{"@type":"ImageObject","inLanguage":"va-ES","@id":"https:\/\/secure.gravatar.com\/avatar\/a21ec8835290e4e02ed0886b8cb327d807d0eb6ec8ccf25d4c2a0a415f506c0d?s=96&d=mm&r=g","url":"https:\/\/secure.gravatar.com\/avatar\/a21ec8835290e4e02ed0886b8cb327d807d0eb6ec8ccf25d4c2a0a415f506c0d?s=96&d=mm&r=g","contentUrl":"https:\/\/secure.gravatar.com\/avatar\/a21ec8835290e4e02ed0886b8cb327d807d0eb6ec8ccf25d4c2a0a415f506c0d?s=96&d=mm&r=g","caption":"Lluis"},"url":"https:\/\/canfali.com\/ca-es\/author\/lluis\/"}]}},"_links":{"self":[{"href":"https:\/\/canfali.com\/ca-es\/wp-json\/wp\/v2\/posts\/110885","targetHints":{"allow":["GET"]}}],"collection":[{"href":"https:\/\/canfali.com\/ca-es\/wp-json\/wp\/v2\/posts"}],"about":[{"href":"https:\/\/canfali.com\/ca-es\/wp-json\/wp\/v2\/types\/post"}],"author":[{"embeddable":true,"href":"https:\/\/canfali.com\/ca-es\/wp-json\/wp\/v2\/users\/8"}],"replies":[{"embeddable":true,"href":"https:\/\/canfali.com\/ca-es\/wp-json\/wp\/v2\/comments?post=110885"}],"version-history":[{"count":1,"href":"https:\/\/canfali.com\/ca-es\/wp-json\/wp\/v2\/posts\/110885\/revisions"}],"predecessor-version":[{"id":110888,"href":"https:\/\/canfali.com\/ca-es\/wp-json\/wp\/v2\/posts\/110885\/revisions\/110888"}],"wp:featuredmedia":[{"embeddable":true,"href":"https:\/\/canfali.com\/ca-es\/wp-json\/wp\/v2\/media\/110886"}],"wp:attachment":[{"href":"https:\/\/canfali.com\/ca-es\/wp-json\/wp\/v2\/media?parent=110885"}],"wp:term":[{"taxonomy":"category","embeddable":true,"href":"https:\/\/canfali.com\/ca-es\/wp-json\/wp\/v2\/categories?post=110885"},{"taxonomy":"post_tag","embeddable":true,"href":"https:\/\/canfali.com\/ca-es\/wp-json\/wp\/v2\/tags?post=110885"},{"taxonomy":"poblacion","embeddable":true,"href":"https:\/\/canfali.com\/ca-es\/wp-json\/wp\/v2\/poblacion?post=110885"}],"curies":[{"name":"wp","href":"https:\/\/api.w.org\/{rel}","templated":true}]}}