{"id":110882,"date":"2026-08-31T10:31:19","date_gmt":"2026-08-31T08:31:19","guid":{"rendered":"https:\/\/canfali.com\/engega-benissa-en-curt-amb-les-primeres-projeccions\/"},"modified":"2026-08-31T10:33:55","modified_gmt":"2026-08-31T08:33:55","slug":"engega-benissa-en-curt-amb-les-primeres-projeccions","status":"publish","type":"post","link":"https:\/\/canfali.com\/ca-es\/engega-benissa-en-curt-amb-les-primeres-projeccions\/","title":{"rendered":"Engega Benissa en Curt amb les primeres projeccions"},"content":{"rendered":"\n<p class=\"wp-block-paragraph\">El Festival Benissa en Curt comen\u00e7a hui oficialment amb les primeres projeccions a la sala del Centre Cultural, amb entrada gratu\u00efta. S\u2019han previst dues sessions, una a les 19 hores i una altra a les 22 hores. Els curts que es projecten a les 19 hores s\u00f3n: Per Nadal et convide a sopar; Traje y tupper; Quemar al padre; Por dentro; i Interferencias. I a les 22 hores: 21 de octubre; Hasta enterrarlos; El d\u00eda que falte; Cat\u00e1logo de suicidios; i Chicken jazz.<\/p>\n\n<p class=\"wp-block-paragraph\">Dimarts ser\u00e0 el torn de: Juego de ni\u00f1os; Manol\u00edn; Insalvable; V\u00eddeo club 2001; i M.A.T (19 hores). I, a les 22 hores: Qu\u00e9 comen los dragones; The Polemic; Faustino; Est deus in nobis; Tu no i Montecarlo 67.<\/p>\n\n<p class=\"wp-block-paragraph\">Dimecres 2 es reserva per a: A las 8 en casa; Ingrid, Lencer\u00eda milagrosa; Un buen salvaje i El revisor (19 hores). I en la sessi\u00f3 de les 22 hores: Lle\u00f3; \u00bfPor qu\u00e9 no?; Nina, Amarraditos; Evacuaci\u00f3n; Ya no duele; El cirujano; Catorce bajo derecha; Una pareja perfecta; i Te dejo el mar.<\/p>\n\n<p class=\"wp-block-paragraph\">Dijous nom\u00e9s hi haur\u00e0 sessi\u00f3 a les 19 hores amb els curts seg\u00fcents: La C\u00e1mara; Dopamina zero; 893 Km; Dafne y Pol; El vestuario; Inquilinos; Ya nos tocaba; i Testamento vital.<\/p>\n\n<p class=\"wp-block-paragraph\">Divendres 4, a les 19 hores, es descobrir\u00e0 una estrella en un espai habilitat darrere de la Bas\u00edlica de la Pur\u00edssima Xiqueta. Una estrella amb nom i cognoms, Unax Ugalde, que enguany \u00e9s el padr\u00ed del festival. El programa es traslladar\u00e0 m\u00e9s tard, a les 22 hores, a la cala La Fustera, on es projectar\u00e0 la pel\u00b7l\u00edcula La buena nueva, que ser\u00e0 presentada pel mateix Ugalde. I, per a rematar la nit, hi haur\u00e0 una festa en honor del padr\u00ed al restaurant El Rall, amb entrada lliure.<\/p>\n\n<p class=\"wp-block-paragraph\">Dissabte 5, a partir de les 20 hores, comen\u00e7ar\u00e0 la gala de lliurament de premis i la festa de clausura, a la pla\u00e7a Mar\u00eda Crespo Font, a l\u2019aire lliure. Per la catifa roja desfilaran al voltant de 140 actors, actrius, directors, guionistes i professionals del sector audiovisual, amb cares conegudes com Rosana Pastor, Nacho Fresneda, Fran Berenguer, etc. El lliurament de premis ser\u00e0 a les 21 hores i s\u2019habilitar\u00e0 un espai per a la gent sense invitaci\u00f3 que vulga gaudir de la gala, que ser\u00e0 condu\u00efda per Ra\u00fal Mart\u00ednez amb el seu \u00abhumor canalla i moltes sorpreses\u00bb, segons les seues paraules. La vetlada acabar\u00e0 amb m\u00fasica en directe amb un tribut a La oreja de Van Gogh i el DJ Dar\u00edo Giner<\/p>\n","protected":false},"excerpt":{"rendered":"El Festival Benissa en Curt comen\u00e7a hui oficialment amb les primeres projeccions a la sala del Centre Cultural,&hellip;","protected":false},"author":5,"featured_media":110880,"comment_status":"closed","ping_status":"open","sticky":false,"template":"","format":"standard","meta":{"csco_display_header_overlay":false,"csco_singular_sidebar":"","csco_page_header_type":"","csco_page_load_nextpost":"","csco_post_video_location":[],"csco_post_video_location_hash":"","csco_post_video_url":"","csco_post_video_bg_start_time":0,"csco_post_video_bg_end_time":0,"footnotes":""},"categories":[597],"tags":[864,1957,785,2696,1513],"poblacion":[],"class_list":["post-110882","post","type-post","status-publish","format-standard","has-post-thumbnail","category-cultura-ca-es","tag-benissa-ca-es","tag-cine-ca-es","tag-cultura","tag-curts","tag-festival","cs-entry","cs-video-wrap"],"yoast_head":"<!-- This site is optimized with the Yoast SEO Premium plugin v26.6 (Yoast SEO v27.3) - https:\/\/yoast.com\/product\/yoast-seo-premium-wordpress\/ -->\n<title>Engega Benissa en Curt amb les primeres projeccions - Canfali<\/title>\n<meta name=\"robots\" content=\"index, follow, max-snippet:-1, max-image-preview:large, max-video-preview:-1\" \/>\n<link rel=\"canonical\" href=\"https:\/\/canfali.com\/ca-es\/engega-benissa-en-curt-amb-les-primeres-projeccions\/\" \/>\n<meta property=\"og:locale\" content=\"en_US\" \/>\n<meta property=\"og:type\" content=\"article\" \/>\n<meta property=\"og:title\" content=\"Engega Benissa en Curt amb les primeres projeccions\" \/>\n<meta property=\"og:description\" content=\"El Festival Benissa en Curt comen\u00e7a hui oficialment amb les primeres projeccions a la sala del Centre Cultural,&hellip;\" \/>\n<meta property=\"og:url\" content=\"https:\/\/canfali.com\/ca-es\/engega-benissa-en-curt-amb-les-primeres-projeccions\/\" \/>\n<meta property=\"og:site_name\" content=\"Canfali\" \/>\n<meta property=\"article:publisher\" content=\"https:\/\/es-es.facebook.com\/CANFALIMarinaAlta\" \/>\n<meta property=\"article:published_time\" content=\"2026-08-31T08:31:19+00:00\" \/>\n<meta property=\"article:modified_time\" content=\"2026-08-31T08:33:55+00:00\" \/>\n<meta property=\"og:image\" content=\"https:\/\/canfali.com\/app\/uploads\/2026\/08\/cortos-benisas.jpg\" \/>\n\t<meta property=\"og:image:width\" content=\"1020\" \/>\n\t<meta property=\"og:image:height\" content=\"574\" \/>\n\t<meta property=\"og:image:type\" content=\"image\/jpeg\" \/>\n<meta name=\"author\" content=\"D\u00eddac\" \/>\n<meta name=\"twitter:card\" content=\"summary_large_image\" \/>\n<meta name=\"twitter:creator\" content=\"@canfalima\" \/>\n<meta name=\"twitter:site\" content=\"@canfalima\" \/>\n<meta name=\"twitter:label1\" content=\"Written by\" \/>\n\t<meta name=\"twitter:data1\" content=\"D\u00eddac\" \/>\n\t<meta name=\"twitter:label2\" content=\"Est. reading time\" \/>\n\t<meta name=\"twitter:data2\" content=\"2 minutes\" \/>\n<script type=\"application\/ld+json\" class=\"yoast-schema-graph\">{\"@context\":\"https:\\\/\\\/schema.org\",\"@graph\":[{\"@type\":\"NewsArticle\",\"@id\":\"https:\\\/\\\/canfali.com\\\/ca-es\\\/engega-benissa-en-curt-amb-les-primeres-projeccions\\\/#article\",\"isPartOf\":{\"@id\":\"https:\\\/\\\/canfali.com\\\/ca-es\\\/engega-benissa-en-curt-amb-les-primeres-projeccions\\\/\"},\"author\":{\"name\":\"D\u00eddac\",\"@id\":\"https:\\\/\\\/canfali.com\\\/ca-es\\\/#\\\/schema\\\/person\\\/5211f51be1ed486a218e6a4f53355b6d\"},\"headline\":\"Engega Benissa en Curt amb les primeres projeccions\",\"datePublished\":\"2026-08-31T08:31:19+00:00\",\"dateModified\":\"2026-08-31T08:33:55+00:00\",\"mainEntityOfPage\":{\"@id\":\"https:\\\/\\\/canfali.com\\\/ca-es\\\/engega-benissa-en-curt-amb-les-primeres-projeccions\\\/\"},\"wordCount\":431,\"publisher\":{\"@id\":\"https:\\\/\\\/canfali.com\\\/ca-es\\\/#organization\"},\"image\":{\"@id\":\"https:\\\/\\\/canfali.com\\\/ca-es\\\/engega-benissa-en-curt-amb-les-primeres-projeccions\\\/#primaryimage\"},\"thumbnailUrl\":\"https:\\\/\\\/canfali.com\\\/app\\\/uploads\\\/2026\\\/08\\\/cortos-benisas.jpg\",\"keywords\":[\"Benissa\",\"cine\",\"cultura.\",\"curts\",\"festival\"],\"articleSection\":[\"Cultura\"],\"inLanguage\":\"va-ES\",\"copyrightYear\":\"2026\",\"copyrightHolder\":{\"@id\":\"https:\\\/\\\/canfali.com\\\/#organization\"}},{\"@type\":\"WebPage\",\"@id\":\"https:\\\/\\\/canfali.com\\\/ca-es\\\/engega-benissa-en-curt-amb-les-primeres-projeccions\\\/\",\"url\":\"https:\\\/\\\/canfali.com\\\/ca-es\\\/engega-benissa-en-curt-amb-les-primeres-projeccions\\\/\",\"name\":\"Engega Benissa en Curt amb les primeres projeccions - Canfali\",\"isPartOf\":{\"@id\":\"https:\\\/\\\/canfali.com\\\/ca-es\\\/#website\"},\"primaryImageOfPage\":{\"@id\":\"https:\\\/\\\/canfali.com\\\/ca-es\\\/engega-benissa-en-curt-amb-les-primeres-projeccions\\\/#primaryimage\"},\"image\":{\"@id\":\"https:\\\/\\\/canfali.com\\\/ca-es\\\/engega-benissa-en-curt-amb-les-primeres-projeccions\\\/#primaryimage\"},\"thumbnailUrl\":\"https:\\\/\\\/canfali.com\\\/app\\\/uploads\\\/2026\\\/08\\\/cortos-benisas.jpg\",\"datePublished\":\"2026-08-31T08:31:19+00:00\",\"dateModified\":\"2026-08-31T08:33:55+00:00\",\"breadcrumb\":{\"@id\":\"https:\\\/\\\/canfali.com\\\/ca-es\\\/engega-benissa-en-curt-amb-les-primeres-projeccions\\\/#breadcrumb\"},\"inLanguage\":\"va-ES\",\"potentialAction\":[{\"@type\":\"ReadAction\",\"target\":[\"https:\\\/\\\/canfali.com\\\/ca-es\\\/engega-benissa-en-curt-amb-les-primeres-projeccions\\\/\"]}]},{\"@type\":\"ImageObject\",\"inLanguage\":\"va-ES\",\"@id\":\"https:\\\/\\\/canfali.com\\\/ca-es\\\/engega-benissa-en-curt-amb-les-primeres-projeccions\\\/#primaryimage\",\"url\":\"https:\\\/\\\/canfali.com\\\/app\\\/uploads\\\/2026\\\/08\\\/cortos-benisas.jpg\",\"contentUrl\":\"https:\\\/\\\/canfali.com\\\/app\\\/uploads\\\/2026\\\/08\\\/cortos-benisas.jpg\",\"width\":1020,\"height\":574},{\"@type\":\"BreadcrumbList\",\"@id\":\"https:\\\/\\\/canfali.com\\\/ca-es\\\/engega-benissa-en-curt-amb-les-primeres-projeccions\\\/#breadcrumb\",\"itemListElement\":[{\"@type\":\"ListItem\",\"position\":1,\"name\":\"Portada\",\"item\":\"https:\\\/\\\/canfali.com\\\/ca-es\\\/\"},{\"@type\":\"ListItem\",\"position\":2,\"name\":\"Engega Benissa en Curt amb les primeres projeccions\"}]},{\"@type\":\"WebSite\",\"@id\":\"https:\\\/\\\/canfali.com\\\/ca-es\\\/#website\",\"url\":\"https:\\\/\\\/canfali.com\\\/ca-es\\\/\",\"name\":\"Canfali\",\"description\":\"\",\"publisher\":{\"@id\":\"https:\\\/\\\/canfali.com\\\/ca-es\\\/#organization\"},\"potentialAction\":[{\"@type\":\"SearchAction\",\"target\":{\"@type\":\"EntryPoint\",\"urlTemplate\":\"https:\\\/\\\/canfali.com\\\/ca-es\\\/?s={search_term_string}\"},\"query-input\":{\"@type\":\"PropertyValueSpecification\",\"valueRequired\":true,\"valueName\":\"search_term_string\"}}],\"inLanguage\":\"va-ES\"},{\"@type\":\"Organization\",\"@id\":\"https:\\\/\\\/canfali.com\\\/ca-es\\\/#organization\",\"name\":\"Canfali\",\"url\":\"https:\\\/\\\/canfali.com\\\/ca-es\\\/\",\"logo\":{\"@type\":\"ImageObject\",\"inLanguage\":\"va-ES\",\"@id\":\"https:\\\/\\\/canfali.com\\\/ca-es\\\/#\\\/schema\\\/logo\\\/image\\\/\",\"url\":\"https:\\\/\\\/canfali.com\\\/app\\\/uploads\\\/2025\\\/12\\\/canfali_marina_alta_logo.png\",\"contentUrl\":\"https:\\\/\\\/canfali.com\\\/app\\\/uploads\\\/2025\\\/12\\\/canfali_marina_alta_logo.png\",\"width\":225,\"height\":225,\"caption\":\"Canfali\"},\"image\":{\"@id\":\"https:\\\/\\\/canfali.com\\\/ca-es\\\/#\\\/schema\\\/logo\\\/image\\\/\"},\"sameAs\":[\"https:\\\/\\\/es-es.facebook.com\\\/CANFALIMarinaAlta\",\"https:\\\/\\\/x.com\\\/canfalima\",\"https:\\\/\\\/www.instagram.com\\\/canfalimarinaalta\\\/\"]},{\"@type\":\"Person\",\"@id\":\"https:\\\/\\\/canfali.com\\\/ca-es\\\/#\\\/schema\\\/person\\\/5211f51be1ed486a218e6a4f53355b6d\",\"name\":\"D\u00eddac\",\"image\":{\"@type\":\"ImageObject\",\"inLanguage\":\"va-ES\",\"@id\":\"https:\\\/\\\/secure.gravatar.com\\\/avatar\\\/a68a2078c12da8a6dd6cff4f3f3f69f7eb69a2d31ac1aac4da61c3761e4557f4?s=96&d=mm&r=g\",\"url\":\"https:\\\/\\\/secure.gravatar.com\\\/avatar\\\/a68a2078c12da8a6dd6cff4f3f3f69f7eb69a2d31ac1aac4da61c3761e4557f4?s=96&d=mm&r=g\",\"contentUrl\":\"https:\\\/\\\/secure.gravatar.com\\\/avatar\\\/a68a2078c12da8a6dd6cff4f3f3f69f7eb69a2d31ac1aac4da61c3761e4557f4?s=96&d=mm&r=g\",\"caption\":\"D\u00eddac\"},\"url\":\"https:\\\/\\\/canfali.com\\\/ca-es\\\/author\\\/didac\\\/\"}]}<\/script>\n<!-- \/ Yoast SEO Premium plugin. -->","yoast_head_json":{"title":"Engega Benissa en Curt amb les primeres projeccions - Canfali","robots":{"index":"index","follow":"follow","max-snippet":"max-snippet:-1","max-image-preview":"max-image-preview:large","max-video-preview":"max-video-preview:-1"},"canonical":"https:\/\/canfali.com\/ca-es\/engega-benissa-en-curt-amb-les-primeres-projeccions\/","og_locale":"en_US","og_type":"article","og_title":"Engega Benissa en Curt amb les primeres projeccions","og_description":"El Festival Benissa en Curt comen\u00e7a hui oficialment amb les primeres projeccions a la sala del Centre Cultural,&hellip;","og_url":"https:\/\/canfali.com\/ca-es\/engega-benissa-en-curt-amb-les-primeres-projeccions\/","og_site_name":"Canfali","article_publisher":"https:\/\/es-es.facebook.com\/CANFALIMarinaAlta","article_published_time":"2026-08-31T08:31:19+00:00","article_modified_time":"2026-08-31T08:33:55+00:00","og_image":[{"width":1020,"height":574,"url":"https:\/\/canfali.com\/app\/uploads\/2026\/08\/cortos-benisas.jpg","type":"image\/jpeg"}],"author":"D\u00eddac","twitter_card":"summary_large_image","twitter_creator":"@canfalima","twitter_site":"@canfalima","twitter_misc":{"Written by":"D\u00eddac","Est. reading time":"2 minutes"},"schema":{"@context":"https:\/\/schema.org","@graph":[{"@type":"NewsArticle","@id":"https:\/\/canfali.com\/ca-es\/engega-benissa-en-curt-amb-les-primeres-projeccions\/#article","isPartOf":{"@id":"https:\/\/canfali.com\/ca-es\/engega-benissa-en-curt-amb-les-primeres-projeccions\/"},"author":{"name":"D\u00eddac","@id":"https:\/\/canfali.com\/ca-es\/#\/schema\/person\/5211f51be1ed486a218e6a4f53355b6d"},"headline":"Engega Benissa en Curt amb les primeres projeccions","datePublished":"2026-08-31T08:31:19+00:00","dateModified":"2026-08-31T08:33:55+00:00","mainEntityOfPage":{"@id":"https:\/\/canfali.com\/ca-es\/engega-benissa-en-curt-amb-les-primeres-projeccions\/"},"wordCount":431,"publisher":{"@id":"https:\/\/canfali.com\/ca-es\/#organization"},"image":{"@id":"https:\/\/canfali.com\/ca-es\/engega-benissa-en-curt-amb-les-primeres-projeccions\/#primaryimage"},"thumbnailUrl":"https:\/\/canfali.com\/app\/uploads\/2026\/08\/cortos-benisas.jpg","keywords":["Benissa","cine","cultura.","curts","festival"],"articleSection":["Cultura"],"inLanguage":"va-ES","copyrightYear":"2026","copyrightHolder":{"@id":"https:\/\/canfali.com\/#organization"}},{"@type":"WebPage","@id":"https:\/\/canfali.com\/ca-es\/engega-benissa-en-curt-amb-les-primeres-projeccions\/","url":"https:\/\/canfali.com\/ca-es\/engega-benissa-en-curt-amb-les-primeres-projeccions\/","name":"Engega Benissa en Curt amb les primeres projeccions - Canfali","isPartOf":{"@id":"https:\/\/canfali.com\/ca-es\/#website"},"primaryImageOfPage":{"@id":"https:\/\/canfali.com\/ca-es\/engega-benissa-en-curt-amb-les-primeres-projeccions\/#primaryimage"},"image":{"@id":"https:\/\/canfali.com\/ca-es\/engega-benissa-en-curt-amb-les-primeres-projeccions\/#primaryimage"},"thumbnailUrl":"https:\/\/canfali.com\/app\/uploads\/2026\/08\/cortos-benisas.jpg","datePublished":"2026-08-31T08:31:19+00:00","dateModified":"2026-08-31T08:33:55+00:00","breadcrumb":{"@id":"https:\/\/canfali.com\/ca-es\/engega-benissa-en-curt-amb-les-primeres-projeccions\/#breadcrumb"},"inLanguage":"va-ES","potentialAction":[{"@type":"ReadAction","target":["https:\/\/canfali.com\/ca-es\/engega-benissa-en-curt-amb-les-primeres-projeccions\/"]}]},{"@type":"ImageObject","inLanguage":"va-ES","@id":"https:\/\/canfali.com\/ca-es\/engega-benissa-en-curt-amb-les-primeres-projeccions\/#primaryimage","url":"https:\/\/canfali.com\/app\/uploads\/2026\/08\/cortos-benisas.jpg","contentUrl":"https:\/\/canfali.com\/app\/uploads\/2026\/08\/cortos-benisas.jpg","width":1020,"height":574},{"@type":"BreadcrumbList","@id":"https:\/\/canfali.com\/ca-es\/engega-benissa-en-curt-amb-les-primeres-projeccions\/#breadcrumb","itemListElement":[{"@type":"ListItem","position":1,"name":"Portada","item":"https:\/\/canfali.com\/ca-es\/"},{"@type":"ListItem","position":2,"name":"Engega Benissa en Curt amb les primeres projeccions"}]},{"@type":"WebSite","@id":"https:\/\/canfali.com\/ca-es\/#website","url":"https:\/\/canfali.com\/ca-es\/","name":"Canfali","description":"","publisher":{"@id":"https:\/\/canfali.com\/ca-es\/#organization"},"potentialAction":[{"@type":"SearchAction","target":{"@type":"EntryPoint","urlTemplate":"https:\/\/canfali.com\/ca-es\/?s={search_term_string}"},"query-input":{"@type":"PropertyValueSpecification","valueRequired":true,"valueName":"search_term_string"}}],"inLanguage":"va-ES"},{"@type":"Organization","@id":"https:\/\/canfali.com\/ca-es\/#organization","name":"Canfali","url":"https:\/\/canfali.com\/ca-es\/","logo":{"@type":"ImageObject","inLanguage":"va-ES","@id":"https:\/\/canfali.com\/ca-es\/#\/schema\/logo\/image\/","url":"https:\/\/canfali.com\/app\/uploads\/2025\/12\/canfali_marina_alta_logo.png","contentUrl":"https:\/\/canfali.com\/app\/uploads\/2025\/12\/canfali_marina_alta_logo.png","width":225,"height":225,"caption":"Canfali"},"image":{"@id":"https:\/\/canfali.com\/ca-es\/#\/schema\/logo\/image\/"},"sameAs":["https:\/\/es-es.facebook.com\/CANFALIMarinaAlta","https:\/\/x.com\/canfalima","https:\/\/www.instagram.com\/canfalimarinaalta\/"]},{"@type":"Person","@id":"https:\/\/canfali.com\/ca-es\/#\/schema\/person\/5211f51be1ed486a218e6a4f53355b6d","name":"D\u00eddac","image":{"@type":"ImageObject","inLanguage":"va-ES","@id":"https:\/\/secure.gravatar.com\/avatar\/a68a2078c12da8a6dd6cff4f3f3f69f7eb69a2d31ac1aac4da61c3761e4557f4?s=96&d=mm&r=g","url":"https:\/\/secure.gravatar.com\/avatar\/a68a2078c12da8a6dd6cff4f3f3f69f7eb69a2d31ac1aac4da61c3761e4557f4?s=96&d=mm&r=g","contentUrl":"https:\/\/secure.gravatar.com\/avatar\/a68a2078c12da8a6dd6cff4f3f3f69f7eb69a2d31ac1aac4da61c3761e4557f4?s=96&d=mm&r=g","caption":"D\u00eddac"},"url":"https:\/\/canfali.com\/ca-es\/author\/didac\/"}]}},"_links":{"self":[{"href":"https:\/\/canfali.com\/ca-es\/wp-json\/wp\/v2\/posts\/110882","targetHints":{"allow":["GET"]}}],"collection":[{"href":"https:\/\/canfali.com\/ca-es\/wp-json\/wp\/v2\/posts"}],"about":[{"href":"https:\/\/canfali.com\/ca-es\/wp-json\/wp\/v2\/types\/post"}],"author":[{"embeddable":true,"href":"https:\/\/canfali.com\/ca-es\/wp-json\/wp\/v2\/users\/5"}],"replies":[{"embeddable":true,"href":"https:\/\/canfali.com\/ca-es\/wp-json\/wp\/v2\/comments?post=110882"}],"version-history":[{"count":1,"href":"https:\/\/canfali.com\/ca-es\/wp-json\/wp\/v2\/posts\/110882\/revisions"}],"predecessor-version":[{"id":110883,"href":"https:\/\/canfali.com\/ca-es\/wp-json\/wp\/v2\/posts\/110882\/revisions\/110883"}],"wp:featuredmedia":[{"embeddable":true,"href":"https:\/\/canfali.com\/ca-es\/wp-json\/wp\/v2\/media\/110880"}],"wp:attachment":[{"href":"https:\/\/canfali.com\/ca-es\/wp-json\/wp\/v2\/media?parent=110882"}],"wp:term":[{"taxonomy":"category","embeddable":true,"href":"https:\/\/canfali.com\/ca-es\/wp-json\/wp\/v2\/categories?post=110882"},{"taxonomy":"post_tag","embeddable":true,"href":"https:\/\/canfali.com\/ca-es\/wp-json\/wp\/v2\/tags?post=110882"},{"taxonomy":"poblacion","embeddable":true,"href":"https:\/\/canfali.com\/ca-es\/wp-json\/wp\/v2\/poblacion?post=110882"}],"curies":[{"name":"wp","href":"https:\/\/api.w.org\/{rel}","templated":true}]}}